{"id":10569,"date":"2016-03-30T15:59:28","date_gmt":"2016-03-30T12:59:28","guid":{"rendered":"http:\/\/chpantalya.com\/?p=10569"},"modified":"2016-03-30T15:59:28","modified_gmt":"2016-03-30T12:59:28","slug":"chpden-toplu-tasima-zammina-karsi-kampanya","status":"publish","type":"post","link":"https:\/\/chpantalya.com\/?p=10569","title":{"rendered":"CHP\u2019DEN TOPLU TA\u015eIMA ZAMMINA KAR\u015eI KAMPANYA"},"content":{"rendered":"<p>CHP Antalya \u0130l Ba\u015fkanl\u0131\u011f\u0131, Antalya B\u00fcy\u00fck\u015fehir belediyesi Ula\u015f\u0131m Koordinasyon Merkezi\u2019nin (UKOME) \u015fehir i\u00e7i toplu ula\u015f\u0131m \u00fccretlerine yapt\u0131\u011f\u0131 zamm\u0131n iptali i\u00e7in imza kampanyas\u0131 ba\u015flat\u0131yor. \u00a0Antalya\u2019da toplu ula\u015f\u0131m \u00fccretleri 24 Mart tarihinden zaml\u0131 olarak uygulanmaya ba\u015fland\u0131. Yeni zamlarla Antalya kent merkezinde tam \u00fccret 2.10 TL, \u00f6\u011frenci 1.35 TL ve Emekli\/\u00d6\u011fretmen indirimli \u00fccreti ise 1.50 TL olurken Alanya\u2019da tam \u00dccret 1,75 TL. \u00d6\u011frenci 1,00 TL ve Emekli\/\u00d6\u011fretmen ise 1.50, 10 Kuru\u015f olan aktarma \u00fccretleri de 10 kat art\u0131r\u0131larak 1 TL. ye \u00e7\u0131kar\u0131lm\u0131\u015ft\u0131r.<\/p>\n<p>Ula\u015f\u0131m zamm\u0131n\u0131n iptali i\u00e7in CHP Antalya \u0130l Ba\u015fkanl\u0131\u011f\u0131 \u00f6nc\u00fcl\u00fc\u011f\u00fcnde ba\u015flat\u0131lan kampanyada, CHP Konyaalt\u0131,Muratpa\u015fa, Kepez, D\u00f6\u015femealt\u0131, Aksu \u00a0\u0130l\u00e7e Ba\u015fkanl\u0131klar\u0131, il\u00e7elerimizin kalabal\u0131k noktalar\u0131nda stand kurarak halktan imza toplayacaklard\u0131r.<\/p>\n<p><strong>ANTALYA HALKI KANDIRILDI<\/strong><\/p>\n<p>\u015eehir hayat\u0131n\u0131n temel ihtiya\u00e7lar\u0131ndan olan toplu ula\u015f\u0131m \u00fccretlerine maalesef Antalya B\u00fcy\u00fck\u015fehir Belediyesi taraf\u0131ndan ge\u00e7ti\u011fimiz g\u00fcnlerde %22 zam yap\u0131ld\u0131. Zam karar\u0131 asl\u0131nda Kas\u0131m 2015 Ula\u015f\u0131m ve Koordinasyon Merkezi toplant\u0131s\u0131nda al\u0131nd\u0131. O tarihte bas\u0131na s\u0131zan haberlerin arkas\u0131ndan, Antalya B\u00fcy\u00fck\u015fehir Belediye Ba\u015fkan\u0131 Menderes T\u00fcrel Ocak 2016 B\u00fcy\u00fck\u015fehir Meclis Toplant\u0131s\u0131nda ula\u015f\u0131ma zam yapmayaca\u011f\u0131z diye \u015fov yapm\u0131\u015ft\u0131. Bu karar\u0131 o g\u00fcnlerde gazeteler man\u015fetlerine ta\u015f\u0131yarak okurlar\u0131na duyurmu\u015ftu. Antalya B\u00fcy\u00fck\u015fehir Belediye Ba\u015fkan\u0131 Menderes T\u00fcrel a\u00e7\u0131k bir \u015fekilde \u201cAntalya Halk\u2019\u0131n\u0131\u201d kand\u0131rm\u0131\u015ft\u0131r.<\/p>\n<p><strong>%22&#8217;L\u0130K B\u0130R ZAM \u0130LE HALKIMIZA A\u011eIR B\u0130R DARBE VURULMU\u015eTUR<\/strong><\/p>\n<p>Ocak ay\u0131ndan bu yana iki ayda ne de\u011fi\u015fti de AKP&#8217;li Ba\u015fkan Menderes T\u00fcrel ula\u015f\u0131ma zam karar\u0131 ald\u0131?<\/p>\n<p>Antalya B\u00fcy\u00fck\u015fehir Belediyesi vatanda\u015flara zorla dayat\u0131lan yeni sistem ile eski bakiyelerini \u00f6dememi\u015f ve hemen arkas\u0131ndan %22&#8217;lik bir zam ile daha da a\u011f\u0131r bir darbe vurmu\u015ftur. Ayr\u0131ca aktarma \u00fccretleri de 1 TL\u2019ye \u00e7\u0131kart\u0131larak, vatanda\u015flar adeta cezaland\u0131r\u0131lm\u0131\u015ft\u0131r. \u0130\u015fin en kaotik noktas\u0131 ise vatanda\u015f\u0131m\u0131z\u0131n haklar\u0131n\u0131 arayabilecekleri hi\u00e7bir muhatap bulamamas\u0131d\u0131r.<\/p>\n<p>AKP akaryak\u0131ta yapt\u0131klar\u0131 zam ile dolmu\u015f esnaf\u0131n\u0131, ula\u015f\u0131ma yapt\u0131klar\u0131 zam ile \u00e7al\u0131\u015fan kesimi, elektri\u011fe, suya, g\u0131daya, temel ihtiya\u00e7lara yapt\u0131\u011f\u0131 zam ile domino etkisi yaparak \u00fclkemizi ekonomik darbo\u011faza sokmu\u015ftur. Esnaf batm\u0131\u015f, aileler \u00e7\u00f6km\u00fc\u015ft\u00fcr. AKP politikas\u0131 \u00fclkemizde iflas etmi\u015ftir ve yanda\u015flar zenginle\u015firken, halk\u0131m\u0131z fakirle\u015fmi\u015ftir.<\/p>\n","protected":false},"excerpt":{"rendered":"<p>CHP Antalya \u0130l Ba\u015fkanl\u0131\u011f\u0131, Antalya B\u00fcy\u00fck\u015fehir belediyesi Ula\u015f\u0131m Koordinasyon Merkezi\u2019nin (UKOME) \u015fehir i\u00e7i toplu ula\u015f\u0131m \u00fccretlerine yapt\u0131\u011f\u0131 zamm\u0131n iptali i\u00e7in imza kampanyas\u0131 ba\u015flat\u0131yor. \u00a0Antalya\u2019da toplu ula\u015f\u0131m \u00fccretleri 24 Mart tarihinden zaml\u0131 olarak uygulanmaya ba\u015fland\u0131. Yeni zamlarla Antalya kent merkezinde tam \u00fccret 2.10 TL, \u00f6\u011frenci 1.35 TL ve Emekli\/\u00d6\u011fretmen indirimli \u00fccreti ise 1.50 TL olurken Alanya\u2019da [&hellip;]<\/p>\n","protected":false},"author":1,"featured_media":10570,"comment_status":"open","ping_status":"open","sticky":false,"template":"","format":"standard","meta":[],"categories":[31],"tags":[],"amp_enabled":true,"_links":{"self":[{"href":"https:\/\/chpantalya.com\/index.php?rest_route=\/wp\/v2\/posts\/10569"}],"collection":[{"href":"https:\/\/chpantalya.com\/index.php?rest_route=\/wp\/v2\/posts"}],"about":[{"href":"https:\/\/chpantalya.com\/index.php?rest_route=\/wp\/v2\/types\/post"}],"author":[{"embeddable":true,"href":"https:\/\/chpantalya.com\/index.php?rest_route=\/wp\/v2\/users\/1"}],"replies":[{"embeddable":true,"href":"https:\/\/chpantalya.com\/index.php?rest_route=%2Fwp%2Fv2%2Fcomments&post=10569"}],"version-history":[{"count":0,"href":"https:\/\/chpantalya.com\/index.php?rest_route=\/wp\/v2\/posts\/10569\/revisions"}],"wp:featuredmedia":[{"embeddable":true,"href":"https:\/\/chpantalya.com\/index.php?rest_route=\/wp\/v2\/media\/10570"}],"wp:attachment":[{"href":"https:\/\/chpantalya.com\/index.php?rest_route=%2Fwp%2Fv2%2Fmedia&parent=10569"}],"wp:term":[{"taxonomy":"category","embeddable":true,"href":"https:\/\/chpantalya.com\/index.php?rest_route=%2Fwp%2Fv2%2Fcategories&post=10569"},{"taxonomy":"post_tag","embeddable":true,"href":"https:\/\/chpantalya.com\/index.php?rest_route=%2Fwp%2Fv2%2Ftags&post=10569"}],"curies":[{"name":"wp","href":"https:\/\/api.w.org\/{rel}","templated":true}]}}