{"id":10572,"date":"2016-03-30T17:14:29","date_gmt":"2016-03-30T14:14:29","guid":{"rendered":"http:\/\/chpantalya.com\/?p=10572"},"modified":"2016-03-30T17:14:29","modified_gmt":"2016-03-30T14:14:29","slug":"sahte-ruhsatla-ced-kararlari","status":"publish","type":"post","link":"https:\/\/chpantalya.com\/?p=10572","title":{"rendered":"sahte ruhsatla \u00c7ED kararlar\u0131"},"content":{"rendered":"<p><strong>-BUDAK SAHTE RUHSATLA \u00c7ED\u2019\u0130 TBMM\u2019YE TA\u015eIDI<\/strong><\/p>\n<p><strong>-\u201c\u00c7ED S\u00dcRE\u00c7LER\u0130 SA\u011eLIKLI\u00a0 \u0130\u015eLEM\u0130YOR\u201d<\/strong><\/p>\n<p><strong>-\u201cG\u00dcNDO\u011eMU\u015e\u2019TA YABAN HAYATI KORUMA ALANI \u0130\u00c7\u0130N \u00c7ED GEREKL\u0130 DE\u011e\u0130L NASIL DEND\u0130?\u201d<\/strong><\/p>\n<p><strong>-\u201cANTALYA\u2019DA\u00a0 \u00c7ED GEREKL\u0130 DE\u011e\u0130L KARARLARININ TAMAMI \u0130NCELENECEK M\u0130?\u201d<\/strong><\/p>\n<p><strong>CHP Genel Ba\u015fkan Yard\u0131mc\u0131s\u0131 \u00c7etin Osman Budak, Antalya\u2019da sahte ruhsatla verilen \u201c\u00c7ED gerekli de\u011fil\u201d karar\u0131n\u0131 TBMM\u2019ye ta\u015f\u0131yarak, \u00c7evre ve \u015eehircilik Bakan\u0131 Fatma G\u00fcldemet Sar\u0131\u2019ya \u201cBaz\u0131 \u00f6rnekler \u00c7ED s\u00fcre\u00e7lerinin sa\u011fl\u0131kl\u0131 i\u015flemedi\u011fini ortaya koyuyor. Antalya\u2019daki t\u00fcm \u00c7ED gerekli de\u011fil kararlar\u0131 g\u00f6zden ge\u00e7irilecek mi\u201d diye sordu.<\/strong><\/p>\n<p>CHP Genel Ba\u015fkan Yard\u0131mc\u0131s\u0131 ve Antalya Milletvekili \u00c7etin Osman Budak, \u00c7evre ve \u015eehircilik Bakan\u0131 Fatma G\u00fcldemet Sar\u0131\u2019n\u0131n yan\u0131tlamas\u0131 istemiyle verdi\u011fi \u00f6nergede, T\u00fcrkiye genelinde ve Antalya\u2019da do\u011fada a\u011f\u0131r tahribat olu\u015fturacak projeler i\u00e7in \u00e7evresel etki de\u011ferlendirmesine (\u00c7ED) \u00a0gerek g\u00f6r\u00fclmedi\u011fine dikkat \u00e7ekti. Antalya\u2019n\u0131n G\u00fcndo\u011fmu\u015f \u0130l\u00e7esi\u2019nde \u201cyaban hayat\u0131 mutlak koruma alan\u0131\u201d olarak ilan edilen b\u00f6lgede mermer oca\u011f\u0131 a\u00e7\u0131lmas\u0131 i\u00e7in ba\u015fka bir alana ait ruhsatla \u201c\u00c7ED gerekli de\u011fildir\u201d karar\u0131 verildi\u011fini hat\u0131rlatan Budak, \u201c\u00c7ED gerekli de\u011fil kararlar\u0131n\u0131n say\u0131s\u0131 giderek artarken, baz\u0131 \u00f6rnekler, gerekli incelemelerin sa\u011fl\u0131kl\u0131 yap\u0131lmad\u0131\u011f\u0131n\u0131 kan\u0131tlamaktad\u0131r. Son d\u00f6nemde ortaya \u00e7\u0131kan \u00f6rnekler, do\u011fal yap\u0131n\u0131n korunmas\u0131 a\u00e7\u0131s\u0131ndan kayg\u0131 vericidir\u201d dedi.<\/p>\n<p><strong>\u0130HMAL M\u0130 SU\u0130ST\u0130MAL M\u0130<\/strong><\/p>\n<p>T\u00fcrkiye genelinde ve Antalya\u2019da 2010-2016 d\u00f6neminde ve y\u0131llara g\u00f6re ka\u00e7 \u00c7ED ba\u015fvurusu oldu\u011fu, proje t\u00fcrlerine g\u00f6re nas\u0131l sonu\u00e7land\u0131\u011f\u0131 konusunda bilgi isteyen Budak, \u201cS\u00f6z konusu d\u00f6nemde ka\u00e7 \u2018\u00c7ED gerekli de\u011fildir\u2019 karar\u0131 verilmi\u015ftir? Antalya\u2019da ka\u00e7 proje i\u00e7in \u2018\u00c7ED gerekli de\u011fildir\u2019 karar\u0131 verilmi\u015ftir ve bu projeler hangileridir? \u00c7ED ve \u2018\u00c7ED gerekli de\u011fil\u2019 kararlar\u0131yla ilgili ka\u00e7 dava a\u00e7\u0131lm\u0131\u015ft\u0131r? Bu davalar nas\u0131l sonu\u00e7lanm\u0131\u015ft\u0131r? \u00c7ED ve \u2018\u00c7ED gerekli de\u011fil\u2019 kararlar\u0131n\u0131n ka\u00e7\u0131 iptal edilmi\u015ftir?\u201d diye sordu. G\u00fcndogmu\u015f \u0130l\u00e7esi\u2019nde yaban hayat\u0131 koruma alan\u0131nda a\u00e7\u0131lacak mermer oca\u011f\u0131 i\u00e7in \u2018\u00c7ED gerekli de\u011fil\u201d karar\u0131 verilmesine tepki g\u00f6steren Budak, Bakan Sar\u0131\u2019ya \u201cAntalya\u2019n\u0131n G\u00fcndo\u011fmu\u015f \u0130l\u00e7esi\u2019nde \u2018yaban hayat\u0131 mutlak koruma alan\u0131\u2019 olarak ilan edilen b\u00f6lgede mermer oca\u011f\u0131 i\u00e7in \u2018\u00c7ED gerekli de\u011fil\u2019 karar\u0131 nas\u0131l verilmi\u015ftir? Bir soru\u015fturma a\u00e7\u0131lm\u0131\u015f m\u0131d\u0131r? \u0130hmal mi,\u00a0 g\u00f6revi k\u00f6t\u00fcye kullanma m\u0131 s\u00f6z konusudur?\u201d diye sordu. Budak, \u015f\u00f6yle devam etti:<\/p>\n<p><strong>ANTALYA KARARLARI G\u00d6ZDEN GE\u00c7\u0130RELECEK M\u0130<\/strong><\/p>\n<p>\u201cMilli park, do\u011fal hayat\u0131 koruma alan\u0131 gibi koruma alanlar\u0131 s\u0131n\u0131rlar\u0131 i\u00e7inde ka\u00e7 proje i\u00e7in \u2018\u00c7ED gerekli de\u011fildir\u2019 karar\u0131 verilmi\u015ftir? S\u00f6z konusu koruma alanlar\u0131 hangileridir?<\/p>\n<p>Antalya\u2019da verilen \u201c\u00c7ED gerekli de\u011fil\u201d kararlar\u0131n\u0131n t\u00fcm\u00fcn\u00fcn g\u00f6zden ge\u00e7irilmesi sa\u011flanacak m\u0131d\u0131r? Turizm ve tar\u0131m yoluyla \u00fclke ekonomisine milyarlarca dolar katk\u0131 sa\u011flayan Antalya\u2019n\u0131n do\u011fas\u0131n\u0131n daha fazla tahrip edilmesi \u00f6nlenecek midir?\u201d<\/p>\n","protected":false},"excerpt":{"rendered":"<p>-BUDAK SAHTE RUHSATLA \u00c7ED\u2019\u0130 TBMM\u2019YE TA\u015eIDI -\u201c\u00c7ED S\u00dcRE\u00c7LER\u0130 SA\u011eLIKLI\u00a0 \u0130\u015eLEM\u0130YOR\u201d -\u201cG\u00dcNDO\u011eMU\u015e\u2019TA YABAN HAYATI KORUMA ALANI \u0130\u00c7\u0130N \u00c7ED GEREKL\u0130 DE\u011e\u0130L NASIL DEND\u0130?\u201d -\u201cANTALYA\u2019DA\u00a0 \u00c7ED GEREKL\u0130 DE\u011e\u0130L KARARLARININ TAMAMI \u0130NCELENECEK M\u0130?\u201d CHP Genel Ba\u015fkan Yard\u0131mc\u0131s\u0131 \u00c7etin Osman Budak, Antalya\u2019da sahte ruhsatla verilen \u201c\u00c7ED gerekli de\u011fil\u201d karar\u0131n\u0131 TBMM\u2019ye ta\u015f\u0131yarak, \u00c7evre ve \u015eehircilik Bakan\u0131 Fatma G\u00fcldemet Sar\u0131\u2019ya \u201cBaz\u0131 \u00f6rnekler [&hellip;]<\/p>\n","protected":false},"author":1,"featured_media":9670,"comment_status":"closed","ping_status":"open","sticky":false,"template":"","format":"standard","meta":[],"categories":[52,35],"tags":[],"amp_enabled":true,"_links":{"self":[{"href":"https:\/\/chpantalya.com\/index.php?rest_route=\/wp\/v2\/posts\/10572"}],"collection":[{"href":"https:\/\/chpantalya.com\/index.php?rest_route=\/wp\/v2\/posts"}],"about":[{"href":"https:\/\/chpantalya.com\/index.php?rest_route=\/wp\/v2\/types\/post"}],"author":[{"embeddable":true,"href":"https:\/\/chpantalya.com\/index.php?rest_route=\/wp\/v2\/users\/1"}],"replies":[{"embeddable":true,"href":"https:\/\/chpantalya.com\/index.php?rest_route=%2Fwp%2Fv2%2Fcomments&post=10572"}],"version-history":[{"count":0,"href":"https:\/\/chpantalya.com\/index.php?rest_route=\/wp\/v2\/posts\/10572\/revisions"}],"wp:featuredmedia":[{"embeddable":true,"href":"https:\/\/chpantalya.com\/index.php?rest_route=\/wp\/v2\/media\/9670"}],"wp:attachment":[{"href":"https:\/\/chpantalya.com\/index.php?rest_route=%2Fwp%2Fv2%2Fmedia&parent=10572"}],"wp:term":[{"taxonomy":"category","embeddable":true,"href":"https:\/\/chpantalya.com\/index.php?rest_route=%2Fwp%2Fv2%2Fcategories&post=10572"},{"taxonomy":"post_tag","embeddable":true,"href":"https:\/\/chpantalya.com\/index.php?rest_route=%2Fwp%2Fv2%2Ftags&post=10572"}],"curies":[{"name":"wp","href":"https:\/\/api.w.org\/{rel}","templated":true}]}}