{"id":10574,"date":"2016-03-31T11:20:25","date_gmt":"2016-03-31T08:20:25","guid":{"rendered":"http:\/\/chpantalya.com\/?p=10574"},"modified":"2016-03-31T11:21:28","modified_gmt":"2016-03-31T08:21:28","slug":"10574","status":"publish","type":"post","link":"https:\/\/chpantalya.com\/?p=10574","title":{"rendered":"BUDAK: \u201c\u0130FLAS ERTELEMELER YEN\u0130 \u0130FLASLARI TET\u0130KLEYEB\u0130L\u0130R\u201d"},"content":{"rendered":"<p><strong>-\u201cKAR\u015eILIKSIZ \u00c7EK, PROTESTOLU SENET, \u0130FLAS ERTELEMEDEK\u0130 ARTI\u015e \u00d6DEME Z\u0130NC\u0130R\u0130N\u0130N KOPTU\u011eUNUN G\u00d6STERGES\u0130\u201d<\/strong><\/p>\n<p><strong>CHP Genel Ba\u015fkan Yard\u0131mc\u0131s\u0131 \u00c7etin Osman Budak, i\u00e7 ve d\u0131\u015f politikadaki hatal\u0131 ad\u0131mlar\u0131n, ba\u015fta turizm olmak \u00fczere bir \u00e7ok sekt\u00f6r\u00fc olumsuz etkilemesinin, \u00f6deme zincirini kopard\u0131\u011f\u0131n\u0131, kar\u015f\u0131l\u0131ks\u0131z \u00e7ek, protestolu senet ve iflas erteleme ba\u015fvurular\u0131nda ciddi bir art\u0131\u015f ya\u015fand\u0131\u011f\u0131n\u0131 belirtti. Baz\u0131 firmalar\u0131n bu ortamdan yararlanarak iflas erteleme uygulamas\u0131n\u0131 istismar etti\u011fini kaydeden Budak, \u201c\u0130flas erteleme ile ilgili baz\u0131 \u00f6rnekler, kamu denetiminin sa\u011fl\u0131kl\u0131 yap\u0131lmad\u0131\u011f\u0131n\u0131 g\u00f6steriyor\u201d dedi. <\/strong><\/p>\n<p>CHP Genel Ba\u015fkan Yard\u0131mc\u0131s\u0131 ve Antalya Milletvekili \u00c7etin Osman Budak, Ba\u015fbakan Ahmet Davuto\u011flu\u2019nun yan\u0131tlamas\u0131 istemiyle verdi\u011fi \u00f6nergede, son d\u00f6nemde kar\u015f\u0131l\u0131ks\u0131z \u00e7ek, protestolu senet ve iflas erteleme ba\u015fvurular\u0131n\u0131n say\u0131s\u0131nda \u00f6nemli bir art\u0131\u015f oldu\u011funu, 2012\u2019de 16.2 milyar TL olan kar\u015f\u0131l\u0131ks\u0131z \u00e7ek tutar\u0131n\u0131n 2013\u2019te 14.1 milyar, 2014\u2019te 19.9 milyar, 2015 sonunda ise 27.3 milyar TL\u2019ye \u00e7\u0131kt\u0131\u011f\u0131n\u0131 hat\u0131rlatt\u0131. Protestolu senet tutar\u0131n\u0131n 2013\u2019te 7.4 milyar TL, 2014\u2019te 8.2 milyar TL ve 2015 y\u0131l\u0131nda ise 10.1 milyar TL olarak ger\u00e7ekle\u015fti\u011fini kaydeden Budak, \u201c\u0130flas erteleme ba\u015fvurusu 2010\u2019da 407, 2011\u2019de 434, 2012\u2019de 484, 2013\u2019te 654 ve 2014\u2019te 720 olmu\u015f. 2015\u2019te ba\u015fvurunun \u00e7ok artt\u0131\u011f\u0131 biliniyor. Bu tablo; \u00f6deme zincirinin koptu\u011funu ve ekonomide \u00e7arklar\u0131n d\u00f6nmedi\u011fini g\u00f6stermektedir. Baz\u0131 \u015firketlerin tahvil ihrac\u0131 yapt\u0131ktan k\u0131sa bir s\u00fcre sonra iflas erteleme talebinde bulunduklar\u0131na ili\u015fkin \u00f6rnekler,\u00a0 bu alandaki kamu denetiminin niteli\u011fiyle ilgili ciddi \u015f\u00fcphe uyand\u0131rmaktad\u0131r\u201d diye konu\u015ftu.<\/p>\n<p><strong>\u0130FLAS ERTELEME YEN\u0130 \u0130FLASLARI TET\u0130KLER<\/strong><\/p>\n<p>Ba\u015fbakan Davuto\u011flu\u2019ndan, son 5 y\u0131lda iflas erteleme ba\u015fvurular\u0131n\u0131n ka\u00e7\u0131nda erteleme karar\u0131 verildi\u011fi ve bunun sekt\u00f6rlere g\u00f6re da\u011f\u0131l\u0131m\u0131 konusunda bilgi isteyen Budak, ayr\u0131ca \u00a0iflas erteleme uygulamas\u0131n\u0131n suiistimal edilmesinin yeni ma\u011fduriyetlere yol a\u00e7aca\u011f\u0131 uyar\u0131s\u0131nda bulundu. Budak, \u201cBaz\u0131 \u015firketlerin, \u015firket merkezlerini iflas erteleme karar\u0131n\u0131 daha kolay alabilecekleri illere naklettiklerine ili\u015fkin tespitler kar\u015f\u0131s\u0131nda; hangi \u00f6nlemler al\u0131nm\u0131\u015f ya da al\u0131nacakt\u0131r? \u00a0Baz\u0131 \u015firketlerin tahvil ihrac\u0131 i\u015flemlerinden k\u0131sa bir s\u00fcre sonra iflas ertelemesi ba\u015fvurusunda bulunmas\u0131yla ilgili bir inceleme ya da soru\u015fturma yap\u0131lm\u0131\u015f m\u0131d\u0131r? Hangi sonu\u00e7lara ula\u015f\u0131lm\u0131\u015ft\u0131r?\u201d diye sordu. Budak \u015f\u00f6yle devam etti:<\/p>\n<p><strong>\u00a0<\/strong><\/p>\n<p><strong>\u00d6DEME ARA\u00c7LARINA G\u00dcVEN SA\u011eLANACAK MI<\/strong><\/p>\n<p>\u201cKar\u015f\u0131l\u0131ks\u0131z \u00e7ek, protestolu senet ve iflas erteleme ba\u015fvurular\u0131ndaki art\u0131\u015f, \u00f6deme zincirinin kopmas\u0131na yol a\u00e7aca\u011f\u0131na g\u00f6re; kriz derinle\u015fmeden bir ad\u0131m at\u0131lacak m\u0131d\u0131r? \u00c7ek, senet gibi \u00f6deme ara\u00e7lar\u0131na g\u00fcvenin yeniden sa\u011flanmas\u0131 i\u00e7in H\u00fck\u00fcmetiniz bir giri\u015fimde bulunacak m\u0131d\u0131r? \u0130flas ertelemeler yeni iflaslar\u0131 getirebilir. \u00a0\u0130flaslar daha da b\u00fcy\u00fcmeden, bir \u00e7\u00f6z\u00fcm uygulamaya konulacak m\u0131d\u0131r?\u201d<\/p>\n<p>\u2026.<\/p>\n<p><strong>T\u00dcRK\u0130YE B\u00dcY\u00dcK M\u0130LLET MECL\u0130S\u0130 BA\u015eKANLI\u011eI\u2019NA<\/strong><\/p>\n<p>A\u015fa\u011f\u0131daki sorular\u0131m\u0131n <strong>Ba\u015fbakan Ahmet Davuto\u011flu <\/strong>taraf\u0131ndan <strong>yaz\u0131l\u0131 <\/strong>olarak yan\u0131tlanmas\u0131 i\u00e7in gere\u011fini arz ederim.<\/p>\n<p>&nbsp;<\/p>\n<p>\u00c7etin Osman BUDAK<\/p>\n<p>Antalya Milletvekili<\/p>\n<p>Son d\u00f6nemde kar\u015f\u0131l\u0131ks\u0131z \u00e7ek, protestolu senet ve iflas erteleme ba\u015fvurular\u0131n\u0131n say\u0131s\u0131nda \u00f6nemli bir art\u0131\u015f oldu\u011fu g\u00f6r\u00fclmektedir. Kar\u015f\u0131l\u0131ks\u0131z \u00e7ek tutar\u0131 2012 y\u0131l\u0131nda 16.2 milyar, 2013\u2019te 14.1 milyar, 2014\u2019te 19.9 milyar ve 2015\u2019te 27.3 milyar TL olarak ger\u00e7ekle\u015firken, protestolu senet tutar\u0131 da 2013 y\u0131l\u0131nda 7.4 milyar, 2014 y\u0131l\u0131nda 8.2 milyar ve 2015 y\u0131l\u0131nda ise 10.1 milyar TL olmu\u015ftur.<\/p>\n<p>Bu tablo ekonomide \u00e7arklar\u0131n d\u00f6nmedi\u011fini, \u00f6deme zincirinin koptu\u011funu g\u00f6stermektedir.<\/p>\n<p>Baz\u0131 \u015firketlerin tahvil ihrac\u0131 yapt\u0131ktan k\u0131sa bir s\u00fcre sonra iflas erteleme talebinde bulunduklar\u0131na ili\u015fkin \u00f6rnekler,\u00a0 bu alandaki kamu denetiminin niteli\u011fiyle ilgili ciddi \u015f\u00fcphe uyand\u0131rmaktad\u0131r.<\/p>\n<p>Bu kapsamda;<\/p>\n<p>&nbsp;<\/p>\n<p>1-Son 5 y\u0131lda iflas erteleme ba\u015fvurusu yapan \u015firket say\u0131s\u0131 nedir? Ba\u015fvurular\u0131n ka\u00e7\u0131nda iflas erteleme karar\u0131 verilmi\u015ftir? \u0130flas erteleme talep ve kararlar\u0131n\u0131n sekt\u00f6rlere g\u00f6re da\u011f\u0131l\u0131m\u0131 nas\u0131ld\u0131r?<\/p>\n<p>2- Baz\u0131 \u015firketlerin, \u015firket merkezlerini iflas erteleme karar\u0131n\u0131 daha kolay alabilecekleri illere naklettiklerine ili\u015fkin tespitler kar\u015f\u0131s\u0131nda; hangi \u00f6nlemler al\u0131nm\u0131\u015f ya da al\u0131nacakt\u0131r?<\/p>\n<p>3-Baz\u0131 \u015firketlerin tahvil ihrac\u0131 i\u015flemlerinden k\u0131sa bir s\u00fcre sonra iflas ertelemesi ba\u015fvurusunda bulunmas\u0131yla ilgili bir inceleme ya da soru\u015fturma yap\u0131lm\u0131\u015f m\u0131d\u0131r? Hangi sonu\u00e7lara ula\u015f\u0131lm\u0131\u015ft\u0131r?<\/p>\n<p>4-Kar\u015f\u0131l\u0131ks\u0131z \u00e7ek, protestolu senet ve iflas erteleme ba\u015fvurular\u0131ndaki art\u0131\u015f, \u00f6deme zincirinin kopmas\u0131na yol a\u00e7aca\u011f\u0131na g\u00f6re; kriz derinle\u015fmeden bir ad\u0131m at\u0131lacak m\u0131d\u0131r?<\/p>\n<p>5-\u00c7ek, senet gibi \u00f6deme ara\u00e7lar\u0131na g\u00fcvenin yeniden sa\u011flanmas\u0131 i\u00e7in H\u00fck\u00fcmetiniz bir giri\u015fimde bulunacak m\u0131d\u0131r? \u0130flaslar daha da b\u00fcy\u00fcmeden, bir \u00e7\u00f6z\u00fcm uygulamaya konulacak m\u0131d\u0131r?<\/p>\n<p>&nbsp;<\/p>\n","protected":false},"excerpt":{"rendered":"<p>-\u201cKAR\u015eILIKSIZ \u00c7EK, PROTESTOLU SENET, \u0130FLAS ERTELEMEDEK\u0130 ARTI\u015e \u00d6DEME Z\u0130NC\u0130R\u0130N\u0130N KOPTU\u011eUNUN G\u00d6STERGES\u0130\u201d CHP Genel Ba\u015fkan Yard\u0131mc\u0131s\u0131 \u00c7etin Osman Budak, i\u00e7 ve d\u0131\u015f politikadaki hatal\u0131 ad\u0131mlar\u0131n, ba\u015fta turizm olmak \u00fczere bir \u00e7ok sekt\u00f6r\u00fc olumsuz etkilemesinin, \u00f6deme zincirini kopard\u0131\u011f\u0131n\u0131, kar\u015f\u0131l\u0131ks\u0131z \u00e7ek, protestolu senet ve iflas erteleme ba\u015fvurular\u0131nda ciddi bir art\u0131\u015f ya\u015fand\u0131\u011f\u0131n\u0131 belirtti. Baz\u0131 firmalar\u0131n bu ortamdan yararlanarak iflas [&hellip;]<\/p>\n","protected":false},"author":1,"featured_media":10575,"comment_status":"open","ping_status":"open","sticky":false,"template":"","format":"standard","meta":[],"categories":[52,35],"tags":[],"amp_enabled":true,"_links":{"self":[{"href":"https:\/\/chpantalya.com\/index.php?rest_route=\/wp\/v2\/posts\/10574"}],"collection":[{"href":"https:\/\/chpantalya.com\/index.php?rest_route=\/wp\/v2\/posts"}],"about":[{"href":"https:\/\/chpantalya.com\/index.php?rest_route=\/wp\/v2\/types\/post"}],"author":[{"embeddable":true,"href":"https:\/\/chpantalya.com\/index.php?rest_route=\/wp\/v2\/users\/1"}],"replies":[{"embeddable":true,"href":"https:\/\/chpantalya.com\/index.php?rest_route=%2Fwp%2Fv2%2Fcomments&post=10574"}],"version-history":[{"count":0,"href":"https:\/\/chpantalya.com\/index.php?rest_route=\/wp\/v2\/posts\/10574\/revisions"}],"wp:featuredmedia":[{"embeddable":true,"href":"https:\/\/chpantalya.com\/index.php?rest_route=\/wp\/v2\/media\/10575"}],"wp:attachment":[{"href":"https:\/\/chpantalya.com\/index.php?rest_route=%2Fwp%2Fv2%2Fmedia&parent=10574"}],"wp:term":[{"taxonomy":"category","embeddable":true,"href":"https:\/\/chpantalya.com\/index.php?rest_route=%2Fwp%2Fv2%2Fcategories&post=10574"},{"taxonomy":"post_tag","embeddable":true,"href":"https:\/\/chpantalya.com\/index.php?rest_route=%2Fwp%2Fv2%2Ftags&post=10574"}],"curies":[{"name":"wp","href":"https:\/\/api.w.org\/{rel}","templated":true}]}}