{"id":10579,"date":"2016-03-31T12:04:21","date_gmt":"2016-03-31T09:04:21","guid":{"rendered":"http:\/\/chpantalya.com\/?p=10579"},"modified":"2016-03-31T12:04:21","modified_gmt":"2016-03-31T09:04:21","slug":"akaydin-finikede-otelde-usulsuz-insaati-sordu","status":"publish","type":"post","link":"https:\/\/chpantalya.com\/?p=10579","title":{"rendered":"AKAYDIN F\u0130N\u0130KE&#8217;DE OTELDE USULS\u00dcZ \u0130N\u015eAATI SORDU"},"content":{"rendered":"<p>CHP Antalya Milletvekili Prof. Dr. Mustafa Akayd\u0131n&#8217;\u0131n Finike &#8211; Demre Yolu \u00fczerindeki Carpe Diem Gold Otel&#8217;de devam etmekte olan usule ayk\u0131r\u0131 oldu\u011fundan \u015f\u00fcphelenilen imar &#8211; in\u015fa \u00e7al\u0131\u015fmalar\u0131na ili\u015fkin \u00c7evre ve \u015eehircilik Bakan\u0131 Fatma G\u00fcldemet Sar\u0131&#8217;ya y\u00f6neltti\u011fi soru \u00f6nergesi verdi.<\/p>\n<p>Akayd\u0131n, Antalya\u2019n\u0131n Finike il\u00e7esinde Demre yolu istikametinde il\u00e7e merkezi \u00e7\u0131k\u0131\u015f\u0131nda bulunan Carpe Diem Gold isimli otelin hemen \u00f6n\u00fcnde deniz k\u0131y\u0131s\u0131nda bulunan u\u00e7urum b\u00f6lgesinde bizzat \u015fahit oldu\u011fum in\u015fa ve kaz\u0131 \u00e7al\u0131\u015fmalar\u0131 devam etmektedir. Otelin hemen \u00f6n\u00fcnden karayolu ge\u00e7mekte olup, kaz\u0131n\u0131n otele bir plaj in\u015fa etme ama\u00e7l\u0131 oldu\u011fu anla\u015f\u0131lmaktad\u0131r. Yapt\u0131\u011f\u0131m\u0131z g\u00f6zlemler, \u015fayet Antalya B\u00fcy\u00fck\u015fehir Belediye Meclisi karar\u0131yla burada bir imar plan\u0131 yap\u0131lm\u0131\u015f ise ilgili karara g\u00f6re yap\u0131lan \u00e7al\u0131\u015fmalar\u0131n 3621 say\u0131l\u0131 K\u0131y\u0131 Kanunu\u2019nun 6. Maddesinde yer alan h\u00fck\u00fcmlere ayk\u0131r\u0131 oldu\u011fu y\u00f6n\u00fcndedir. Diye belirtti.<\/p>\n<p><strong>\u2026<\/strong><\/p>\n<p><strong>T\u00dcRK\u0130YE B\u00dcY\u00dcK M\u0130LLET MECL\u0130S\u0130 BA\u015eKANLI\u011eINA<\/strong><\/p>\n<p>A\u015fa\u011f\u0131daki sorular\u0131m\u0131n \u00c7evre ve \u015eehircilik Bakan\u0131 Say\u0131n Fatma G\u00fcldemet SARI taraf\u0131ndan yaz\u0131l\u0131 olarak yan\u0131tlanmas\u0131 i\u00e7in gere\u011fini sayg\u0131lar\u0131mla arz ederim. 30.03.2016<\/p>\n<p><strong>Prof. Dr. Mustafa AKAYDIN<\/strong><\/p>\n<p><strong>Antalya Milletvekili<\/strong><\/p>\n<p><strong>\u00a0<\/strong><\/p>\n<p>Antalya\u2019n\u0131n Finike il\u00e7esinde Demre yolu istikametinde il\u00e7e merkezi \u00e7\u0131k\u0131\u015f\u0131nda bulunan Carpe Diem Gold isimli otelin hemen \u00f6n\u00fcnde deniz k\u0131y\u0131s\u0131nda bulunan u\u00e7urum b\u00f6lgesinde bizzat \u015fahit oldu\u011fum in\u015fa ve kaz\u0131 \u00e7al\u0131\u015fmalar\u0131 devam etmektedir. Otelin hemen \u00f6n\u00fcnden karayolu ge\u00e7mekte olup, kaz\u0131n\u0131n otele bir plaj in\u015fa etme ama\u00e7l\u0131 oldu\u011fu anla\u015f\u0131lmaktad\u0131r. Yapt\u0131\u011f\u0131m\u0131z g\u00f6zlemler, \u015fayet Antalya B\u00fcy\u00fck\u015fehir Belediye Meclisi karar\u0131yla burada bir imar plan\u0131 yap\u0131lm\u0131\u015f ise ilgili karara g\u00f6re yap\u0131lan \u00e7al\u0131\u015fmalar\u0131n 3621 say\u0131l\u0131 K\u0131y\u0131 Kanunu\u2019nun 6. Maddesinde yer alan h\u00fck\u00fcmlere ayk\u0131r\u0131 oldu\u011fu y\u00f6n\u00fcndedir. Bu ba\u011flamda:<\/p>\n<ol>\n<li>\u00d6nergeye konu olan in\u015fa \u00e7al\u0131\u015fmalar\u0131 i\u00e7in Antalya B\u00fcy\u00fck\u015fehir Belediyesi taraf\u0131ndan bakanl\u0131\u011f\u0131n\u0131za iletilmi\u015f bir k\u0131y\u0131 imar plan\u0131 var m\u0131d\u0131r? B\u00fcy\u00fck\u015fehir Belediyesi d\u0131\u015f\u0131nda imar izni i\u00e7in yetkili tek kurum konumunda olan bakanl\u0131\u011f\u0131n\u0131z\u0131n tasarrufunda \u00f6zel bir imar izni ya da ruhsat\u0131 \u00e7\u0131kart\u0131lm\u0131\u015f m\u0131d\u0131r? Bu konuda bakanl\u0131\u011f\u0131n\u0131z\u0131n bilgi ve g\u00f6r\u00fc\u015flerine ba\u015fvurulmu\u015f mudur? \u0130n\u015fa i\u00e7in bakanl\u0131\u011f\u0131n\u0131z bilgisi d\u00e2hilinde Finike Belediyesi taraf\u0131ndan in\u015fa izni \u00e7\u0131kar\u0131lm\u0131\u015f ise bunun yasal dayana\u011f\u0131 nedir?<\/li>\n<\/ol>\n<ol start=\"2\">\n<li>\u00c7al\u0131\u015fmalar i\u00e7in izin s\u00fcreci yasal olarak tamamlanmas\u0131 ad\u0131na bakanl\u0131\u011f\u0131n\u0131z b\u00fcnyesinde bilirki\u015fi raporu haz\u0131rlanm\u0131\u015f m\u0131d\u0131r? Haz\u0131rlanm\u0131\u015f ise u\u00e7urum kenar\u0131nda k\u0131y\u0131 imar plan\u0131na ayk\u0131r\u0131 g\u00f6r\u00fcnen \u00e7al\u0131\u015fmalarla ilgili hangi riskler raporda yer alm\u0131\u015ft\u0131r? B\u00f6yle bir rapor mevcut de\u011filse, in\u015fa iznini veren personelin tespiti yap\u0131lm\u0131\u015f m\u0131d\u0131r? Bu ki\u015filerin haklar\u0131nda yasal i\u015flem ba\u015flat\u0131lm\u0131\u015f m\u0131d\u0131r?<\/li>\n<\/ol>\n<ol start=\"3\">\n<li>\u0130n\u015fa \u00e7al\u0131\u015fmalar\u0131n\u0131n K\u0131y\u0131 Kanununa ayk\u0131r\u0131 oldu\u011funa ili\u015fkin sizin bakanl\u0131\u011f\u0131n\u0131zca Antalya B\u00fcy\u00fck\u015fehir Belediyesine y\u00f6nelik herhangi bir yarg\u0131 s\u00fcreci ba\u015flat\u0131lm\u0131\u015f m\u0131d\u0131r?<\/li>\n<\/ol>\n<ol start=\"4\">\n<li>Otelin, Adalet ve Kalk\u0131nma Partisinde uzun y\u0131llar \u0130\u00e7i\u015fleri Bakanl\u0131\u011f\u0131 yapm\u0131\u015f bir milletvekilinin ye\u011fenlerine ait oldu\u011fu ve yap\u0131m\u0131ndan itibaren imar ve in\u015fa s\u00fcre\u00e7lerinde \u00e7e\u015fitli yolsuz i\u015flemlerin ger\u00e7ekle\u015fti\u011fine dair bakanl\u0131\u011f\u0131n\u0131z aleyhine yerel bas\u0131nda yer alan iddialara y\u00f6nelik ara\u015ft\u0131rma yap\u0131lm\u0131\u015f m\u0131d\u0131r?<\/li>\n<\/ol>\n<p>&nbsp;<\/p>\n","protected":false},"excerpt":{"rendered":"<p>CHP Antalya Milletvekili Prof. Dr. Mustafa Akayd\u0131n&#8217;\u0131n Finike &#8211; Demre Yolu \u00fczerindeki Carpe Diem Gold Otel&#8217;de devam etmekte olan usule ayk\u0131r\u0131 oldu\u011fundan \u015f\u00fcphelenilen imar &#8211; in\u015fa \u00e7al\u0131\u015fmalar\u0131na ili\u015fkin \u00c7evre ve \u015eehircilik Bakan\u0131 Fatma G\u00fcldemet Sar\u0131&#8217;ya y\u00f6neltti\u011fi soru \u00f6nergesi verdi. Akayd\u0131n, Antalya\u2019n\u0131n Finike il\u00e7esinde Demre yolu istikametinde il\u00e7e merkezi \u00e7\u0131k\u0131\u015f\u0131nda bulunan Carpe Diem Gold isimli otelin [&hellip;]<\/p>\n","protected":false},"author":1,"featured_media":10083,"comment_status":"open","ping_status":"open","sticky":false,"template":"","format":"standard","meta":[],"categories":[35,53],"tags":[],"amp_enabled":true,"_links":{"self":[{"href":"https:\/\/chpantalya.com\/index.php?rest_route=\/wp\/v2\/posts\/10579"}],"collection":[{"href":"https:\/\/chpantalya.com\/index.php?rest_route=\/wp\/v2\/posts"}],"about":[{"href":"https:\/\/chpantalya.com\/index.php?rest_route=\/wp\/v2\/types\/post"}],"author":[{"embeddable":true,"href":"https:\/\/chpantalya.com\/index.php?rest_route=\/wp\/v2\/users\/1"}],"replies":[{"embeddable":true,"href":"https:\/\/chpantalya.com\/index.php?rest_route=%2Fwp%2Fv2%2Fcomments&post=10579"}],"version-history":[{"count":0,"href":"https:\/\/chpantalya.com\/index.php?rest_route=\/wp\/v2\/posts\/10579\/revisions"}],"wp:featuredmedia":[{"embeddable":true,"href":"https:\/\/chpantalya.com\/index.php?rest_route=\/wp\/v2\/media\/10083"}],"wp:attachment":[{"href":"https:\/\/chpantalya.com\/index.php?rest_route=%2Fwp%2Fv2%2Fmedia&parent=10579"}],"wp:term":[{"taxonomy":"category","embeddable":true,"href":"https:\/\/chpantalya.com\/index.php?rest_route=%2Fwp%2Fv2%2Fcategories&post=10579"},{"taxonomy":"post_tag","embeddable":true,"href":"https:\/\/chpantalya.com\/index.php?rest_route=%2Fwp%2Fv2%2Ftags&post=10579"}],"curies":[{"name":"wp","href":"https:\/\/api.w.org\/{rel}","templated":true}]}}