{"id":10581,"date":"2016-03-31T12:16:47","date_gmt":"2016-03-31T09:16:47","guid":{"rendered":"http:\/\/chpantalya.com\/?p=10581"},"modified":"2016-03-31T12:16:47","modified_gmt":"2016-03-31T09:16:47","slug":"kara-yuz-tanima-sistemi-sadece-cumhurbaskanliginda-mi-kullaniliyor","status":"publish","type":"post","link":"https:\/\/chpantalya.com\/?p=10581","title":{"rendered":"KARA: \u2018\u2019Y\u00dcZ TANIMA S\u0130STEM\u0130 SADECE CUMHURBA\u015eKANLI\u011eI\u2019NDA MI KULLANILIYOR?\u2019\u2019"},"content":{"rendered":"<p>17 \u015eubat 2016 g\u00fcn\u00fc Ankara Merasim Sokak\u2019ta ya\u015fanan bombal\u0131 sald\u0131r\u0131dan sonra i\u015flek cadde ve sokaklar ile A\u015eT\u0130, Havaalan\u0131, Ankara Gar\u0131, K\u0131z\u0131lay ve Ulus Meydan\u0131 gibi g\u00fcn i\u00e7erisinde vatanda\u015flar\u0131n yo\u011fun bir \u015fekilde bulundu\u011fu kalabal\u0131k alanlara \u2018\u2019Y\u00fcz Tan\u0131ma\u2019\u2019 sistemlerinin yerle\u015ftirilece\u011fine dair bilgiler daha \u00f6nce H\u00fck\u00fcmet taraf\u0131ndan a\u00e7\u0131klanm\u0131\u015ft\u0131. Bu a\u00e7\u0131klamalar\u0131n ard\u0131ndan 13 Mart 2016 g\u00fcn\u00fc Ankara K\u0131z\u0131lay\u2019da ve 19 Mart 2016 g\u00fcn\u00fc \u0130stanbul Beyo\u011flu\u2019nda bombal\u0131 sald\u0131r\u0131lar ya\u015fand\u0131.<\/p>\n<p>Bu olaylar\u0131n ard\u0131ndan H\u00fck\u00fcmetin bu a\u00e7\u0131klamas\u0131n\u0131 CHP Antalya Milletvekili Dr. Niyazi Nefi Kara TBMM g\u00fcndemine ta\u015f\u0131d\u0131.<\/p>\n<p>Ba\u015fbakan\u0131n yan\u0131tlamas\u0131 istemiyle TBMM\u2019ye sundu\u011fu yaz\u0131l\u0131 soru \u00f6nergesinde 2012 y\u0131l\u0131nda Emniyet Ter\u00f6rle M\u00fccadele Daire Ba\u015fkanl\u0131\u011f\u0131 taraf\u0131ndan \u00f6zel bir yaz\u0131l\u0131m geli\u015ftirilerek haz\u0131rlanan \u2018\u2019Y\u00fcz Tan\u0131ma Sistemleri\u2019\u2019nin neden hala MOBESE sistemi ile entegre hale getirilmedi\u011fini sordu.<\/p>\n<p>T\u00fcrkiye\u2019nin hi\u00e7bir yerinde kullan\u0131lmayan bu sistemin sadece Cumhurba\u015fkanl\u0131\u011f\u0131\u2019nda kullan\u0131ld\u0131\u011f\u0131na dair iddialara da yan\u0131t isteyen Kara, ya\u015fanan bunca sald\u0131r\u0131dan sonra sistemin t\u00fcm T\u00fcrkiye\u2019de sadece Cumhurba\u015fkan\u0131\u2019n\u0131 de\u011fil, t\u00fcm \u00fclkenin vatanda\u015flar\u0131n\u0131 koruyabilmek i\u00e7in MOBESE sistemi ile entegre edilmesi \u00e7al\u0131\u015fmalar\u0131n\u0131n ne zaman ba\u015flanaca\u011f\u0131n\u0131 ve bu \u00e7al\u0131\u015fman\u0131n ne kadar s\u00fcrece\u011fini de \u00f6\u011frenmek istedi.<\/p>\n<p><strong>\u2018\u2019AntiBombac\u0131 Teknolojileri\u2019\u2019nden Haberdar M\u0131s\u0131n\u0131z?<\/strong><\/p>\n<p>CHP\u2019li Kara, ayr\u0131ca, yurtd\u0131\u015f\u0131nda canl\u0131 bomba sald\u0131r\u0131lar\u0131n\u0131n \u00f6nlenmesi amac\u0131yla geli\u015ftirilen ve g\u00fcvenli mesafede bomban\u0131n ya da eylemde kullan\u0131lacak silahlar\u0131n radar sistemleri \u00fczerinden tespiti ve imhas\u0131n\u0131 ger\u00e7ekle\u015ftiren, ABD\u2019de test edilmi\u015f \u2018\u2019CounterBomber Technologies\u2019\u2019 yani \u2018\u2019AntiBombac\u0131 Teknolojileri\u2019\u2019 hakk\u0131nda H\u00fck\u00fcmetin bilgisinin olup olmad\u0131\u011f\u0131n\u0131 ve bu teknolojinin son zamanlarda s\u0131k s\u0131k canl\u0131 bomba sald\u0131r\u0131lar\u0131na hedef olan \u00fclkemizde kullan\u0131lmas\u0131n\u0131n d\u00fc\u015f\u00fcn\u00fcl\u00fcp d\u00fc\u015f\u00fcn\u00fclmedi\u011fini de Ba\u015fbakan\u0131n yan\u0131tlamas\u0131n\u0131 istedi.<\/p>\n<p>\u2026..<\/p>\n<p>&nbsp;<\/p>\n<p><strong>T\u00dcRK\u0130YE B\u00dcY\u00dcK M\u0130LLET MECL\u0130S\u0130 BA\u015eKANLI\u011eINA<\/strong><\/p>\n<p>&nbsp;<\/p>\n<p>A\u015fa\u011f\u0131daki sorular\u0131m\u0131n Say\u0131n Ba\u015fbakan taraf\u0131ndan YAZILI olarak yan\u0131tlanmas\u0131 i\u00e7in gere\u011finin yap\u0131lmas\u0131n\u0131 sayg\u0131lar\u0131mla arz ederim. 22\/03\/2016<\/p>\n<p>&nbsp;<\/p>\n<p>Dr. Niyazi Nefi Kara<\/p>\n<p>Antalya Milletvekili<\/p>\n<p>&nbsp;<\/p>\n<p>17 \u015eubat 2016 g\u00fcn\u00fc Ankara Merasim Sokak\u2019ta ya\u015fanan bombal\u0131 sald\u0131r\u0131dan sonra\u00a0 i\u015flek cadde ve sokaklar ile A\u015eT\u0130, Havaalan\u0131, Ankara Gar\u0131, K\u0131z\u0131lay ve Ulus Meydan\u0131 gibi g\u00fcn i\u00e7erisinde vatanda\u015flar\u0131n yo\u011fun bir \u015fekilde bulundu\u011fu kalabal\u0131k alanlara \u2018\u2019Y\u00fcz Tan\u0131ma\u2019\u2019 sistemlerinin yerle\u015ftirilece\u011fine dair bilgiler H\u00fck\u00fcmetinizce a\u00e7\u0131klanm\u0131\u015ft\u0131r.<\/p>\n<p>Bu a\u00e7\u0131klamalar\u0131n ard\u0131ndan 13 Mart 2016 g\u00fcn\u00fc Ankara K\u0131z\u0131lay\u2019da ve 19 Mart 2016 g\u00fcn\u00fc \u0130stanbul Beyo\u011flu\u2019nda bombal\u0131 sald\u0131r\u0131lar ya\u015fanm\u0131\u015ft\u0131r.<\/p>\n<p>&nbsp;<\/p>\n<ol>\n<li>Bu tarz eylemlerin \u00f6nlenmesi i\u00e7in yurtd\u0131\u015f\u0131nda kullan\u0131lan \u2018\u2019CounterBomber Technologies\u2019\u2019, yani \u2018\u2019AntiBombac\u0131 Teknolojileri\u2019\u2019 ile g\u00fcvenli mesafede bomban\u0131n ya da eylemde kullan\u0131lacak silahlar\u0131n radar sistemleri \u00fczerinden tespiti ve imhas\u0131n\u0131n ger\u00e7ekle\u015fti\u011fi, ABD\u2019de bu sistemin test edildi\u011fi, ta\u015f\u0131nabilir bir teknolojinin varl\u0131\u011f\u0131ndan haberdar m\u0131s\u0131n\u0131z?<\/li>\n<li>S\u0131k s\u0131k ter\u00f6r eylemlerine maruz kalan \u00fclkemizde bu tarz bir teknolojinin kullan\u0131lmas\u0131n\u0131 d\u00fc\u015f\u00fcn\u00fcyor musunuz?<\/li>\n<li>TUB\u0130TAK\u2019ta bu konuda herhangi bir \u00e7al\u0131\u015fma ya da haz\u0131rlanan bir rapor var m\u0131d\u0131r?<\/li>\n<li>\u2018Y\u00fcz Tan\u0131ma Sistemleri\u2019 i\u00e7in 2012 y\u0131l\u0131nda Emniyet Ter\u00f6rle M\u00fccadele Daire Ba\u015fkanl\u0131\u011f\u0131 taraf\u0131ndan \u00f6zel bir yaz\u0131l\u0131m geli\u015ftirildi\u011fi ancak bu sisteminin T\u00fcrkiye\u2019nin hi\u00e7bir yerinde kullan\u0131lmad\u0131\u011f\u0131 iddialar\u0131 do\u011fru mudur?<\/li>\n<li>Geli\u015ftirilen bu sistemin sadece Cumhurba\u015fkanl\u0131\u011f\u0131\u2019nda kullan\u0131ld\u0131\u011f\u0131 do\u011fru mudur?<\/li>\n<li>Y\u00fcz Tan\u0131ma Sistemi yaz\u0131l\u0131m\u0131n\u0131n 4 y\u0131ld\u0131r, ya\u015fanan bunca sald\u0131r\u0131ya ra\u011fmen hala MOBESE sistemi ile entegre edilmemi\u015f\/edilememi\u015f olmas\u0131n\u0131n nedeni nedir?<\/li>\n<li>Merasim Sokak\u2019ta 17 \u015eubat 2016 g\u00fcn\u00fc ya\u015fanan sald\u0131r\u0131n\u0131n ard\u0131ndan yap\u0131lan ba\u015fkentteki g\u00fcvenlik toplant\u0131s\u0131nda bu konunun yeniden g\u00fcndeme gelmesinin ard\u0131ndan Y\u00fcz Tan\u0131ma Sistemi i\u00e7in yap\u0131lan yaz\u0131l\u0131m\u0131n MOBESE sistemi ile entegre edilmesi \u00e7al\u0131\u015fmalar\u0131na ba\u015flanm\u0131\u015f m\u0131d\u0131r? Ba\u015fland\u0131ysa, ba\u015flang\u0131\u00e7 tarihi nedir? Tahminen \u00e7al\u0131\u015fman\u0131n tamamlanmas\u0131 i\u00e7in \u00f6ng\u00f6r\u00fclen s\u00fcre nedir?<\/li>\n<\/ol>\n","protected":false},"excerpt":{"rendered":"<p>17 \u015eubat 2016 g\u00fcn\u00fc Ankara Merasim Sokak\u2019ta ya\u015fanan bombal\u0131 sald\u0131r\u0131dan sonra i\u015flek cadde ve sokaklar ile A\u015eT\u0130, Havaalan\u0131, Ankara Gar\u0131, K\u0131z\u0131lay ve Ulus Meydan\u0131 gibi g\u00fcn i\u00e7erisinde vatanda\u015flar\u0131n yo\u011fun bir \u015fekilde bulundu\u011fu kalabal\u0131k alanlara \u2018\u2019Y\u00fcz Tan\u0131ma\u2019\u2019 sistemlerinin yerle\u015ftirilece\u011fine dair bilgiler daha \u00f6nce H\u00fck\u00fcmet taraf\u0131ndan a\u00e7\u0131klanm\u0131\u015ft\u0131. Bu a\u00e7\u0131klamalar\u0131n ard\u0131ndan 13 Mart 2016 g\u00fcn\u00fc Ankara K\u0131z\u0131lay\u2019da ve [&hellip;]<\/p>\n","protected":false},"author":1,"featured_media":9338,"comment_status":"open","ping_status":"open","sticky":false,"template":"","format":"standard","meta":[],"categories":[35,50],"tags":[],"amp_enabled":true,"_links":{"self":[{"href":"https:\/\/chpantalya.com\/index.php?rest_route=\/wp\/v2\/posts\/10581"}],"collection":[{"href":"https:\/\/chpantalya.com\/index.php?rest_route=\/wp\/v2\/posts"}],"about":[{"href":"https:\/\/chpantalya.com\/index.php?rest_route=\/wp\/v2\/types\/post"}],"author":[{"embeddable":true,"href":"https:\/\/chpantalya.com\/index.php?rest_route=\/wp\/v2\/users\/1"}],"replies":[{"embeddable":true,"href":"https:\/\/chpantalya.com\/index.php?rest_route=%2Fwp%2Fv2%2Fcomments&post=10581"}],"version-history":[{"count":0,"href":"https:\/\/chpantalya.com\/index.php?rest_route=\/wp\/v2\/posts\/10581\/revisions"}],"wp:featuredmedia":[{"embeddable":true,"href":"https:\/\/chpantalya.com\/index.php?rest_route=\/wp\/v2\/media\/9338"}],"wp:attachment":[{"href":"https:\/\/chpantalya.com\/index.php?rest_route=%2Fwp%2Fv2%2Fmedia&parent=10581"}],"wp:term":[{"taxonomy":"category","embeddable":true,"href":"https:\/\/chpantalya.com\/index.php?rest_route=%2Fwp%2Fv2%2Fcategories&post=10581"},{"taxonomy":"post_tag","embeddable":true,"href":"https:\/\/chpantalya.com\/index.php?rest_route=%2Fwp%2Fv2%2Ftags&post=10581"}],"curies":[{"name":"wp","href":"https:\/\/api.w.org\/{rel}","templated":true}]}}