{"id":10648,"date":"2016-04-20T12:49:44","date_gmt":"2016-04-20T09:49:44","guid":{"rendered":"http:\/\/chpantalya.com\/?p=10648"},"modified":"2016-04-20T12:50:25","modified_gmt":"2016-04-20T09:50:25","slug":"hic-kimse-kendisini-orgutun-uzerinde-goremez","status":"publish","type":"post","link":"https:\/\/chpantalya.com\/?p=10648","title":{"rendered":"H\u0130\u00c7 K\u0130MSE KEND\u0130S\u0130N\u0130 \u00d6RG\u00dcT\u00dcN \u00dcZER\u0130NDE G\u00d6REMEZ"},"content":{"rendered":"<p>CHP Antalya \u0130l Ba\u015fkan\u0131 Semih Esen, 11 Nisan 2016 g\u00fcn\u00fc yap\u0131lan Antalya B\u00fcy\u00fck\u015fehir Meclisi Toplant\u0131s\u0131nda, say\u0131lar\u0131 bir elin parmaklar\u0131n\u0131 ge\u00e7meyecek ki\u015filer taraf\u0131ndan parti grubumuz i\u00e7inde ya\u015fat\u0131lanlar\u0131 ve bunlar\u0131n kamuoyunda partimizin b\u00fct\u00fcnl\u00fc\u011f\u00fcne dair yanl\u0131\u015f alg\u0131ya sebep olan yans\u0131malar\u0131n\u0131 ilgili bir yaz\u0131l\u0131 a\u00e7\u0131klama yapt\u0131.<\/p>\n<p><strong>PART\u0130M\u0130Z\u0130N ONUR VE HAYS\u0130YET\u0130N\u0130 KORUMAKLA G\u00d6REVL\u0130Y\u0130Z<\/strong><\/p>\n<p>11 Nisan 2016 g\u00fcn\u00fc yap\u0131lan Antalya B\u00fcy\u00fck\u015fehir Meclisi Toplant\u0131s\u0131nda, say\u0131lar\u0131 bir elin parmaklar\u0131n\u0131 ge\u00e7meyecek ki\u015filer taraf\u0131ndan parti grubumuz i\u00e7inde ya\u015fat\u0131lanlar\u0131 ve bunlar\u0131n kamuoyunda partimizin b\u00fct\u00fcnl\u00fc\u011f\u00fcne dair yanl\u0131\u015f alg\u0131ya sebep olan yans\u0131malar\u0131n\u0131, t\u00fcm Cumhuriyet Halk Partililer gibi, \u00fcz\u00fcnt\u00fcyle takip ettik. Diyen Esen; \u201cCumhuriyet Halk Partisi&#8217;nin b\u00fct\u00fcnl\u00fc\u011f\u00fcn\u00fc ve itibar\u0131n\u0131 zedeleyen, kamuoyunda partimiz hakk\u0131nda son derece olumsuz ve haks\u0131z bir alg\u0131n\u0131n olu\u015fmas\u0131na sebebiyet veren b\u00f6ylesi tutum ve davran\u0131\u015flara kar\u015f\u0131 ho\u015fg\u00f6r\u00fc g\u00f6sterecek durumda olmad\u0131\u011f\u0131m\u0131z gibi partimizin onur ve haysiyetini korumakla g\u00f6revli oldu\u011fumuzun da bilincindeyiz.\u201d Dedi.<\/p>\n<p><strong>PART\u0130N\u0130N KARAR VE \u0130RADES\u0130NE AYKIRI DAVRANMAK, DEMOKRAS\u0130 DE\u011e\u0130L D\u0130S\u0130PL\u0130NS\u0130ZL\u0130KT\u0130R<\/strong><\/p>\n<p>Herkes\u00e7e bilinmelidir ki; Demokrasi, ister genel kapsamda ister parti i\u00e7inde olsun, Cumhuriyet Halk Partisi&#8217;nin en y\u00fcksek idealidir. Ancak CHP \u00e7at\u0131s\u0131 alt\u0131nda belli g\u00f6revlere se\u00e7ilmi\u015f olanlar\u0131n parti disiplinine riayet etmekle y\u00fck\u00fcml\u00fc olduklar\u0131, her t\u00fcrl\u00fc davran\u0131\u015f ve beyanlar\u0131nda \u00f6ncelikle &#8220;partili&#8221; olmaktan do\u011fan sorumluluklar\u0131n\u0131 g\u00f6zetmeleri gerekti\u011fi de unutulmamal\u0131d\u0131r. Diye belirten Esen, \u201cParti i\u00e7i demokrasi, partinin karar\u0131n\u0131 ortaya \u00e7\u0131karan s\u00fcrecin demokratik bi\u00e7imde y\u00fcr\u00fct\u00fclmesi ve herkesin bu s\u00fcre\u00e7te fikrini serbest\u00e7e ortaya koyup savunabilmesini ifade eder. Ancak partinin karar ve iradesi ortaya konulduktan sonra buna ayk\u0131r\u0131 davranmak, demokrasi de\u011fil disiplinsizliktir. Hele ki b\u00f6yle disiplinsiz davran\u0131\u015flar ortaya koymak suretiyle partimizin b\u00fct\u00fcnl\u00fc\u011f\u00fcn\u00fc ve kamuoyu nezdindeki itibar\u0131n\u0131 zedelemek, \u00f6rg\u00fct\u00fcm\u00fcz\u00fcn hi\u00e7bir \u015fekilde g\u00f6rmezden gelebilece\u011fi bir durum de\u011fildir. Hangi s\u0131fata sahip olursa olsun partimiz \u00fcyesi olan herkes, &#8220;partili&#8221; oldu\u011funun ve bundan do\u011fan sorumluluklar\u0131n\u0131n fark\u0131nda olmal\u0131d\u0131r.\u201d Diye belirtti.<\/p>\n<p><strong>H\u0130\u00c7 K\u0130MSE KEND\u0130S\u0130N\u0130 \u00d6RG\u00dcT\u00dcN \u00dcZER\u0130NDE G\u00d6REMEZ<\/strong><\/p>\n<p>Hi\u00e7 kimse Cumhuriyet Halk Partisi&#8217;nin manevi \u015fahsiyetinin \u00fczerinde de\u011fildir. Hi\u00e7 kimse kendisini \u00f6rg\u00fct\u00fcn \u00fczerinde g\u00f6remez. S\u0131fat\u0131 her ne olursa olsun hi\u00e7bir \u015fah\u0131s, hi\u00e7bir denge ve hi\u00e7bir siyasi menfaat Cumhuriyet Halk Partisi&#8217;nin itibar ve haysiyetinden daha \u00f6nemli kabul edilemez. CHP \u00d6rg\u00fct\u00fc, CHP&#8217;nin manevi \u015fahsiyetini ve b\u00fct\u00fcnl\u00fc\u011f\u00fcn\u00fc korumakla g\u00f6revli ve bu g\u00f6revini yerine getirmek konusunda kararl\u0131 oldu\u011funu hat\u0131rlatan Esen; \u201cGelinen noktada, partimizin yetkili organlar\u0131nca al\u0131nm\u0131\u015f karara ayk\u0131r\u0131 hareket ederek parti disiplinini ihlal etti\u011fi, partimizin b\u00fct\u00fcnl\u00fc\u011f\u00fcn\u00fcn ve itibar\u0131n\u0131n zedelenmesine sebebiyet verdi\u011fi ve t\u00fcm iyi niyetli \u00e7abalar\u0131m\u0131za ra\u011fmen ayn\u0131 tutumunda \u0131srar etti\u011fi tespit edilen iki B\u00fcy\u00fck\u015fehir Meclis \u00dcyesi, \u0130l Y\u00f6netim Kurulu karar\u0131 gere\u011fi kesin ihra\u00e7 talebi ile tedbirli olarak Disiplin Kurulu&#8217;na sevk edilmi\u015ftir.\u201d Dedi.<\/p>\n<p>Esen a\u00e7\u0131klamas\u0131nda son olarak; \u201cAyr\u0131ca ya\u015fanan olay\u0131n t\u00fcm y\u00f6nleri ile ara\u015ft\u0131r\u0131lmas\u0131 ve sorumlular\u0131n tespiti i\u00e7in gerekli i\u015flemler ba\u015flat\u0131lm\u0131\u015f olup, ihmali ya da ihlali tespit edilen \u015fah\u0131slar hakk\u0131nda da gecikmeksizin gere\u011finin yap\u0131lmas\u0131 konusunda ayn\u0131 kararl\u0131l\u0131\u011f\u0131 ta\u015f\u0131maktay\u0131z.\u201d Dedi.<\/p>\n","protected":false},"excerpt":{"rendered":"<p>CHP Antalya \u0130l Ba\u015fkan\u0131 Semih Esen, 11 Nisan 2016 g\u00fcn\u00fc yap\u0131lan Antalya B\u00fcy\u00fck\u015fehir Meclisi Toplant\u0131s\u0131nda, say\u0131lar\u0131 bir elin parmaklar\u0131n\u0131 ge\u00e7meyecek ki\u015filer taraf\u0131ndan parti grubumuz i\u00e7inde ya\u015fat\u0131lanlar\u0131 ve bunlar\u0131n kamuoyunda partimizin b\u00fct\u00fcnl\u00fc\u011f\u00fcne dair yanl\u0131\u015f alg\u0131ya sebep olan yans\u0131malar\u0131n\u0131 ilgili bir yaz\u0131l\u0131 a\u00e7\u0131klama yapt\u0131. PART\u0130M\u0130Z\u0130N ONUR VE HAYS\u0130YET\u0130N\u0130 KORUMAKLA G\u00d6REVL\u0130Y\u0130Z 11 Nisan 2016 g\u00fcn\u00fc yap\u0131lan Antalya B\u00fcy\u00fck\u015fehir [&hellip;]<\/p>\n","protected":false},"author":1,"featured_media":10649,"comment_status":"open","ping_status":"open","sticky":false,"template":"","format":"standard","meta":[],"categories":[31],"tags":[],"amp_enabled":true,"_links":{"self":[{"href":"https:\/\/chpantalya.com\/index.php?rest_route=\/wp\/v2\/posts\/10648"}],"collection":[{"href":"https:\/\/chpantalya.com\/index.php?rest_route=\/wp\/v2\/posts"}],"about":[{"href":"https:\/\/chpantalya.com\/index.php?rest_route=\/wp\/v2\/types\/post"}],"author":[{"embeddable":true,"href":"https:\/\/chpantalya.com\/index.php?rest_route=\/wp\/v2\/users\/1"}],"replies":[{"embeddable":true,"href":"https:\/\/chpantalya.com\/index.php?rest_route=%2Fwp%2Fv2%2Fcomments&post=10648"}],"version-history":[{"count":0,"href":"https:\/\/chpantalya.com\/index.php?rest_route=\/wp\/v2\/posts\/10648\/revisions"}],"wp:featuredmedia":[{"embeddable":true,"href":"https:\/\/chpantalya.com\/index.php?rest_route=\/wp\/v2\/media\/10649"}],"wp:attachment":[{"href":"https:\/\/chpantalya.com\/index.php?rest_route=%2Fwp%2Fv2%2Fmedia&parent=10648"}],"wp:term":[{"taxonomy":"category","embeddable":true,"href":"https:\/\/chpantalya.com\/index.php?rest_route=%2Fwp%2Fv2%2Fcategories&post=10648"},{"taxonomy":"post_tag","embeddable":true,"href":"https:\/\/chpantalya.com\/index.php?rest_route=%2Fwp%2Fv2%2Ftags&post=10648"}],"curies":[{"name":"wp","href":"https:\/\/api.w.org\/{rel}","templated":true}]}}