{"id":10972,"date":"2016-06-08T17:33:30","date_gmt":"2016-06-08T14:33:30","guid":{"rendered":"http:\/\/chpantalya.com\/?p=10972"},"modified":"2016-06-08T17:33:30","modified_gmt":"2016-06-08T14:33:30","slug":"liseli-genc-umut-dernegi-uyelerinin-emniyete-cagrilmalari-tbmm-gundeminde","status":"publish","type":"post","link":"https:\/\/chpantalya.com\/?p=10972","title":{"rendered":"Liseli Gen\u00e7 Umut Derne\u011fi \u00dcyelerinin Emniyete \u00c7a\u011fr\u0131lmalar\u0131 TBMM G\u00fcndeminde"},"content":{"rendered":"<p>Liseli Gen\u00e7 Umut \u00fcyesi \u00f6\u011frenci ve ailelerin \u00e7e\u015fitli sebeplerle emniyete \u00e7a\u011fr\u0131ld\u0131klar\u0131 ve bu s\u0131rada k\u00f6t\u00fc muameleye maruz kald\u0131klar\u0131na dair a\u00e7\u0131klamalar\u0131 Meclis g\u00fcndemine ta\u015f\u0131nd\u0131.<\/p>\n<p>Bas\u0131n a\u00e7\u0131klamas\u0131n\u0131n yap\u0131ld\u0131\u011f\u0131 g\u00fcn ailelerin yan\u0131nda onlara destek olan CHP Antalya Milletvekili Dr. Niyazi Nefi Kara, s\u00f6z verdi\u011fi gibi konuyu TBMM g\u00fcndemine ta\u015f\u0131d\u0131.<\/p>\n<p>Ba\u015fbakan\u0131n yan\u0131tlamas\u0131 istemiyle haz\u0131rlanan \u00f6nergede CHP\u2019li Kara, Liseli Gen\u00e7 Umut Derne\u011fi \u00fcyesi gen\u00e7lerin ve \u00e7ocuklar\u0131n hangi sebeple emniyete \u00e7a\u011fr\u0131ld\u0131\u011f\u0131n\u0131 ve telefonda \u00e7ocuk \u015fubeye gelmesi istenen ailelerin hangi gerek\u00e7e ile ter\u00f6rle m\u00fccadele \u015fubesinde ifadelerinin al\u0131nd\u0131\u011f\u0131 sorular\u0131na yan\u0131t istedi.<\/p>\n<p>Emniyetin \u2018uygunsuz\u2019 olarak tan\u0131mlad\u0131\u011f\u0131 ki\u015fi ve yerlerin yasalar, genelgeler ve mevzuattaki kar\u015f\u0131l\u0131\u011f\u0131n\u0131n da yan\u0131tlanmas\u0131n\u0131 isteyen vekil, Liseli Gen\u00e7 Umut Derne\u011fi hakk\u0131nda ter\u00f6rle m\u00fccadele kapsam\u0131nda kamuoyuna yans\u0131mam\u0131\u015f ailelere de bildirilmemi\u015f bir soru\u015fturman\u0131n olup olmad\u0131\u011f\u0131n\u0131n da a\u00e7\u0131klanmas\u0131 gerekti\u011fini belirtti.<\/p>\n<p>CHP\u2019li Kara yapt\u0131\u011f\u0131 a\u00e7\u0131klamada ayr\u0131ca, Ensar Vakf\u0131 gibi son d\u00f6nemde istismar olaylar\u0131 ile g\u00fcndemden d\u00fc\u015fmeyen H\u00fck\u00fcmete yak\u0131n dernek ve vak\u0131flara giden \u00f6\u011frenci ve aileleri i\u00e7in de bu tarz bir uygulaman\u0131n yap\u0131l\u0131p yap\u0131lmad\u0131\u011f\u0131n\u0131 merak ettiklerini ifade etti. Ba\u015fbakandan gelecek olan yan\u0131t\u0131n H\u00fck\u00fcmetin bu konudaki ayr\u0131mc\u0131l\u0131k politikalar\u0131na ve kendilerine muhalif olarak g\u00f6rd\u00fckleri kesimleri sindirme politikalar\u0131na \u0131\u015f\u0131k tutaca\u011f\u0131n\u0131 d\u00fc\u015f\u00fcnd\u00fcklerini de ekleyen Kara, Antalya Emniyeti\u2019nin son 5 y\u0131lda ka\u00e7 aile ile bu tarz bir gerek\u00e7e ile irtibata ge\u00e7ti\u011fini de \u00f6\u011frenmek istediklerini belirtti.<\/p>\n<p>&nbsp;<\/p>\n<p>&nbsp;<\/p>\n<p>&nbsp;<\/p>\n<p>T\u00dcRK\u0130YE B\u00dcY\u00dcK M\u0130LLET MECL\u0130S\u0130 BA\u015eKANLI\u011eINA<\/p>\n<p>&nbsp;<\/p>\n<p>A\u015fa\u011f\u0131daki sorular\u0131m\u0131n Ba\u015fbakan Say\u0131n Binali YILDIRIM taraf\u0131ndan yaz\u0131l\u0131 olarak yan\u0131tlanmas\u0131n\u0131 arz ederim.<\/p>\n<p>&nbsp;<\/p>\n<p>&nbsp;<\/p>\n<p style=\"text-align: right;\">\u00a0\u00a0\u00a0\u00a0\u00a0\u00a0\u00a0\u00a0\u00a0\u00a0\u00a0\u00a0\u00a0\u00a0\u00a0\u00a0\u00a0\u00a0\u00a0\u00a0\u00a0\u00a0\u00a0\u00a0\u00a0\u00a0\u00a0\u00a0\u00a0\u00a0\u00a0\u00a0\u00a0\u00a0\u00a0\u00a0\u00a0\u00a0\u00a0\u00a0\u00a0\u00a0\u00a0\u00a0\u00a0\u00a0\u00a0\u00a0\u00a0\u00a0\u00a0\u00a0\u00a0\u00a0\u00a0\u00a0\u00a0\u00a0\u00a0\u00a0\u00a0\u00a0\u00a0\u00a0\u00a0\u00a0\u00a0\u00a0\u00a0\u00a0\u00a0\u00a0\u00a0\u00a0\u00a0\u00a0\u00a0\u00a0\u00a0\u00a0\u00a0\u00a0\u00a0\u00a0\u00a0\u00a0\u00a0\u00a0\u00a0\u00a0\u00a0\u00a0\u00a0 Dr. Niyazi Nefi KARA<\/p>\n<p style=\"text-align: right;\">\u00a0\u00a0\u00a0\u00a0\u00a0\u00a0\u00a0\u00a0\u00a0\u00a0\u00a0\u00a0\u00a0\u00a0\u00a0\u00a0\u00a0\u00a0\u00a0\u00a0\u00a0\u00a0\u00a0\u00a0\u00a0\u00a0\u00a0\u00a0\u00a0\u00a0\u00a0\u00a0\u00a0\u00a0\u00a0\u00a0\u00a0\u00a0\u00a0\u00a0\u00a0\u00a0\u00a0\u00a0\u00a0\u00a0\u00a0\u00a0\u00a0\u00a0\u00a0\u00a0\u00a0\u00a0\u00a0\u00a0\u00a0\u00a0\u00a0\u00a0\u00a0\u00a0\u00a0\u00a0\u00a0\u00a0\u00a0\u00a0 Antalya Milletvekili<\/p>\n<p>&nbsp;<\/p>\n<p>&nbsp;<\/p>\n<p>&nbsp;<\/p>\n<p>Antalya Liseli Gen\u00e7 Umut Derne\u011fi \u00fcyesi gen\u00e7lerin aileleri polis taraf\u0131ndan aranarak \u201c\u00e7ocuklar\u0131n\u0131n uygunsuz yerlerde uygunsuz arkada\u015flarla birlikte oldu\u011fu\u201d ve \u201c\u00e7ocuk \u015fubeye \u00e7a\u011fr\u0131ld\u0131klar\u0131\u201d ifade edilmi\u015ftir. \u00c7ocuk \u015eube yerine Ter\u00f6rle M\u00fccadele taraf\u0131ndan sorguland\u0131klar\u0131n\u0131 ifade eden aileler ya\u015fanan uygulama kar\u015f\u0131s\u0131nda \u00e7ocuklar\u0131na ve kendilerine yetkililer taraf\u0131ndan a\u00e7\u0131klama yap\u0131lmas\u0131n\u0131 istemektedir.<\/p>\n<p>Bu ba\u011flamda;<\/p>\n<p>&nbsp;<\/p>\n<ol>\n<li>Liseli Gen\u00e7 Umut Derne\u011fi \u00fcyesi gen\u00e7lerin aileleri hangi gerek\u00e7elerle Emniyet M\u00fcd\u00fcrl\u00fc\u011f\u00fc\u2019ne \u00e7a\u011fr\u0131lm\u0131\u015ft\u0131r?<\/li>\n<li>Ailelerin \u00e7ocuk \u015fubeye gelmeleri istenmesine ra\u011fmen gen\u00e7ler ve ailelerin ifadeleri neden ter\u00f6rle m\u00fccadele \u015fubesinde al\u0131nm\u0131\u015ft\u0131r?<\/li>\n<li>Emniyette ailelere s\u00f6ylenen \u201cuygunsuz ki\u015filer\u201d ve \u201cuygunsuz yerler\u201d tan\u0131m\u0131 nedir? Yasa, genelge ve mevzuatlarda bu tan\u0131mlamalar nedir?<\/li>\n<li>Liseli Gen\u00e7 Umut Derne\u011fi hakk\u0131nda ter\u00f6rle m\u00fccadele kapsam\u0131nda kamuoyuna yans\u0131mayan bir soru\u015fturma var m\u0131d\u0131r?<\/li>\n<li>Emniyet birimleri Ensar Vakf\u0131 ba\u015fta olmak \u00fczere taciz, tecav\u00fcz ve \u00e7ocuk istismar\u0131 skandallar\u0131 ile bilinen di\u011fer vak\u0131f ve derneklere de ayn\u0131 uygulamay\u0131 yapmakta m\u0131d\u0131r?<\/li>\n<li>Emniyet birimleri \u00f6nleyici tedbir kapsam\u0131nda m\u0131 ailelerle irtibat kurmu\u015ftur? Bu kapsamda Antalya\u2019da son be\u015f y\u0131lda ka\u00e7 aile ile hangi gerek\u00e7elerle irtibat kurulmu\u015ftur?<\/li>\n<\/ol>\n<p>&nbsp;<\/p>\n","protected":false},"excerpt":{"rendered":"<p>Liseli Gen\u00e7 Umut \u00fcyesi \u00f6\u011frenci ve ailelerin \u00e7e\u015fitli sebeplerle emniyete \u00e7a\u011fr\u0131ld\u0131klar\u0131 ve bu s\u0131rada k\u00f6t\u00fc muameleye maruz kald\u0131klar\u0131na dair a\u00e7\u0131klamalar\u0131 Meclis g\u00fcndemine ta\u015f\u0131nd\u0131. Bas\u0131n a\u00e7\u0131klamas\u0131n\u0131n yap\u0131ld\u0131\u011f\u0131 g\u00fcn ailelerin yan\u0131nda onlara destek olan CHP Antalya Milletvekili Dr. Niyazi Nefi Kara, s\u00f6z verdi\u011fi gibi konuyu TBMM g\u00fcndemine ta\u015f\u0131d\u0131. Ba\u015fbakan\u0131n yan\u0131tlamas\u0131 istemiyle haz\u0131rlanan \u00f6nergede CHP\u2019li Kara, Liseli Gen\u00e7 [&hellip;]<\/p>\n","protected":false},"author":1,"featured_media":10955,"comment_status":"open","ping_status":"open","sticky":false,"template":"","format":"standard","meta":[],"categories":[35,50],"tags":[],"amp_enabled":true,"_links":{"self":[{"href":"https:\/\/chpantalya.com\/index.php?rest_route=\/wp\/v2\/posts\/10972"}],"collection":[{"href":"https:\/\/chpantalya.com\/index.php?rest_route=\/wp\/v2\/posts"}],"about":[{"href":"https:\/\/chpantalya.com\/index.php?rest_route=\/wp\/v2\/types\/post"}],"author":[{"embeddable":true,"href":"https:\/\/chpantalya.com\/index.php?rest_route=\/wp\/v2\/users\/1"}],"replies":[{"embeddable":true,"href":"https:\/\/chpantalya.com\/index.php?rest_route=%2Fwp%2Fv2%2Fcomments&post=10972"}],"version-history":[{"count":0,"href":"https:\/\/chpantalya.com\/index.php?rest_route=\/wp\/v2\/posts\/10972\/revisions"}],"wp:featuredmedia":[{"embeddable":true,"href":"https:\/\/chpantalya.com\/index.php?rest_route=\/wp\/v2\/media\/10955"}],"wp:attachment":[{"href":"https:\/\/chpantalya.com\/index.php?rest_route=%2Fwp%2Fv2%2Fmedia&parent=10972"}],"wp:term":[{"taxonomy":"category","embeddable":true,"href":"https:\/\/chpantalya.com\/index.php?rest_route=%2Fwp%2Fv2%2Fcategories&post=10972"},{"taxonomy":"post_tag","embeddable":true,"href":"https:\/\/chpantalya.com\/index.php?rest_route=%2Fwp%2Fv2%2Ftags&post=10972"}],"curies":[{"name":"wp","href":"https:\/\/api.w.org\/{rel}","templated":true}]}}