{"id":11007,"date":"2016-06-09T17:15:33","date_gmt":"2016-06-09T14:15:33","guid":{"rendered":"http:\/\/chpantalya.com\/?p=11007"},"modified":"2016-06-09T17:15:33","modified_gmt":"2016-06-09T14:15:33","slug":"budak-terore-yardim-ve-yataklik-edenler-mafya-yontemleriyle-sucunu-ortemez","status":"publish","type":"post","link":"https:\/\/chpantalya.com\/?p=11007","title":{"rendered":"BUDAK: \u201cTER\u00d6RE YARDIM VE YATAKLIK EDENLER, MAFYA Y\u00d6NTEMLER\u0130YLE SU\u00c7UNU \u00d6RTEMEZ\u201d"},"content":{"rendered":"<p><strong>-BUDAK: \u201cTER\u00d6RE YARDIM VE YATAKLIK EDENLER, MAFYA Y\u00d6NTEMLER\u0130YLE SU\u00c7UNU \u00d6RTEMEZ\u201d<\/strong><\/p>\n<p><strong>-\u201cCHP, MERM\u0130YLE BAS\u0130T MAFYA F\u0130\u00dcRASYONLARIYLA KORKACAK, GER\u0130 ADIM ATACAK B\u0130R YAPI ASLA DE\u011e\u0130LD\u0130R\u201d<\/strong><\/p>\n<p><strong>\u00a0<\/strong><\/p>\n<p>CHP Genel Ba\u015fkan Yard\u0131mc\u0131s\u0131 \u00c7etin Osman Budak, ter\u00f6r\u00fcn yeniden t\u0131rman\u0131\u015fa ge\u00e7mesinde AKP iktidar\u0131n\u0131n sorumlulu\u011fu oldu\u011funu, bu sorumlulu\u011fun \u00f6rtbas edilebilmesi i\u00e7in \u015fehit cenazelerinin provokasyon alan\u0131 haline getirildi\u011fini savunarak, \u201cTer\u00f6re yard\u0131m ve yatakl\u0131k edenler, mafya y\u00f6ntemleriyle su\u00e7unu \u00f6rtemez, sorumluluktan ka\u00e7amaz, CHP\u2019yi korkutamaz\u201d dedi.<\/p>\n<p>CHP Genel Ba\u015fkan Yard\u0131mc\u0131s\u0131 ve Antalya Milletvekili \u00c7etin Osman Budak, yapt\u0131\u011f\u0131 yaz\u0131l\u0131 a\u00e7\u0131klamada,\u00a0 \u0130stanbul\u2019daki \u015fehit cenazesinde CHP Genel Ba\u015fkan\u0131 Kemal K\u0131l\u0131\u00e7daro\u011flu\u2019na \u201cmermi\u201d at\u0131lmas\u0131n\u0131 k\u0131nad\u0131.\u00a0 T\u00fcrkiye\u2019nin 7 Haziran se\u00e7imlerinin ard\u0131ndan \u201cter\u00f6r girdab\u0131na\u201d sokulmaya \u00e7al\u0131\u015f\u0131ld\u0131\u011f\u0131n\u0131 ve bu s\u00fcrecin\u00a0 \u201c400 vekil verilseydi bunlar ya\u015fanmazd\u0131\u201d a\u00e7\u0131klamas\u0131yla birlikte de\u011ferlendirilmesi gerekti\u011fini vurgulayan Budak, \u201cT\u00fcrkiye, bir ki\u015finin ba\u015fkanl\u0131k h\u0131rs\u0131 nedeniyle yang\u0131n yerine d\u00f6nm\u00fc\u015ft\u00fcr. Ter\u00f6r\u00fcn t\u0131rmanmas\u0131nda ve bu kadar can almas\u0131nda ku\u015fkusuz \u00fclkeyi y\u00f6netenlerin sorumlulu\u011fu var. Erdo\u011fan ve AKP bu sorumlulu\u011fu halktan gizleyebilmek i\u00e7in \u015fehit cenazelerini provokasyon alan\u0131 haline getirmeye \u00e7al\u0131\u015f\u0131yor. Bu niyeti a\u00e7\u0131k\u00e7a g\u00f6r\u00fcyoruz. Bunun bir halkas\u0131 bug\u00fcn \u0130stanbul\u2019da ya\u015fanm\u0131\u015ft\u0131r. CHP Genel Ba\u015fkan\u0131\u2019na mermi \u00e7ekirde\u011fi at\u0131lmas\u0131, bir provokasyon ve g\u00f6zda\u011f\u0131 giri\u015fimidir. Ter\u00f6re yard\u0131m ve yatakl\u0131k edenler, mafya y\u00f6ntemleriyle su\u00e7unu \u00f6rtemez, sorumluluktan ka\u00e7amaz ve CHP\u2019yi asla korkutamazlar\u201d dedi.<\/p>\n<p>\u015eehit cenazesinde ve onlarca g\u00fcvenlik g\u00f6revlisinin g\u00f6z\u00fc \u00f6n\u00fcnde b\u00f6yle bir sald\u0131r\u0131n\u0131n ya\u015fanmas\u0131n\u0131n iyi sorgulanmas\u0131 gerekti\u011fini vurgulayan Budak, \u201cT\u00fcrkiye, AKP devleti haline getirilmek isteniyor. Kamu g\u00f6revlileri, kendilerini devletin g\u00f6revlisi olarak de\u011fil, AKP\u2019nin memuru gibi g\u00f6rmeye ba\u015flarsa, o \u00fclke ya\u015fanmaz hale gelir. Nitekim buna ili\u015fkin \u00e7ok \u00f6rnekle kar\u015f\u0131la\u015f\u0131yoruz. Bir an \u00f6nce herkes akl\u0131n\u0131 ba\u015f\u0131na almal\u0131d\u0131r. CHP\u2019yi tehditle, mermiyle yolundan d\u00f6nd\u00fcrece\u011fini sananlar, b\u00fcy\u00fck bir yan\u0131lg\u0131 i\u00e7indedirler. Bu tehditlere, basit mafya fig\u00fcrasyonlar\u0131na pabu\u00e7 b\u0131rakmayaca\u011f\u0131z\u201d diye konu\u015ftu.<\/p>\n","protected":false},"excerpt":{"rendered":"<p>-BUDAK: \u201cTER\u00d6RE YARDIM VE YATAKLIK EDENLER, MAFYA Y\u00d6NTEMLER\u0130YLE SU\u00c7UNU \u00d6RTEMEZ\u201d -\u201cCHP, MERM\u0130YLE BAS\u0130T MAFYA F\u0130\u00dcRASYONLARIYLA KORKACAK, GER\u0130 ADIM ATACAK B\u0130R YAPI ASLA DE\u011e\u0130LD\u0130R\u201d \u00a0 CHP Genel Ba\u015fkan Yard\u0131mc\u0131s\u0131 \u00c7etin Osman Budak, ter\u00f6r\u00fcn yeniden t\u0131rman\u0131\u015fa ge\u00e7mesinde AKP iktidar\u0131n\u0131n sorumlulu\u011fu oldu\u011funu, bu sorumlulu\u011fun \u00f6rtbas edilebilmesi i\u00e7in \u015fehit cenazelerinin provokasyon alan\u0131 haline getirildi\u011fini savunarak, \u201cTer\u00f6re yard\u0131m ve yatakl\u0131k [&hellip;]<\/p>\n","protected":false},"author":1,"featured_media":11008,"comment_status":"open","ping_status":"open","sticky":false,"template":"","format":"standard","meta":[],"categories":[52,35],"tags":[],"amp_enabled":true,"_links":{"self":[{"href":"https:\/\/chpantalya.com\/index.php?rest_route=\/wp\/v2\/posts\/11007"}],"collection":[{"href":"https:\/\/chpantalya.com\/index.php?rest_route=\/wp\/v2\/posts"}],"about":[{"href":"https:\/\/chpantalya.com\/index.php?rest_route=\/wp\/v2\/types\/post"}],"author":[{"embeddable":true,"href":"https:\/\/chpantalya.com\/index.php?rest_route=\/wp\/v2\/users\/1"}],"replies":[{"embeddable":true,"href":"https:\/\/chpantalya.com\/index.php?rest_route=%2Fwp%2Fv2%2Fcomments&post=11007"}],"version-history":[{"count":0,"href":"https:\/\/chpantalya.com\/index.php?rest_route=\/wp\/v2\/posts\/11007\/revisions"}],"wp:featuredmedia":[{"embeddable":true,"href":"https:\/\/chpantalya.com\/index.php?rest_route=\/wp\/v2\/media\/11008"}],"wp:attachment":[{"href":"https:\/\/chpantalya.com\/index.php?rest_route=%2Fwp%2Fv2%2Fmedia&parent=11007"}],"wp:term":[{"taxonomy":"category","embeddable":true,"href":"https:\/\/chpantalya.com\/index.php?rest_route=%2Fwp%2Fv2%2Fcategories&post=11007"},{"taxonomy":"post_tag","embeddable":true,"href":"https:\/\/chpantalya.com\/index.php?rest_route=%2Fwp%2Fv2%2Ftags&post=11007"}],"curies":[{"name":"wp","href":"https:\/\/api.w.org\/{rel}","templated":true}]}}