{"id":11013,"date":"2016-06-13T16:05:26","date_gmt":"2016-06-13T13:05:26","guid":{"rendered":"http:\/\/chpantalya.com\/?p=11013"},"modified":"2018-07-18T21:14:42","modified_gmt":"2018-07-18T18:14:42","slug":"devrim-kok-ten-antalyali-kucuk-esnaf-ve-sanatkarlar-icin-kanun-teklifi","status":"publish","type":"post","link":"https:\/\/chpantalya.com\/?p=11013","title":{"rendered":"Devrim K\u00d6K\u2019 ten Antalya\u2019l\u0131 K\u00fc\u00e7\u00fck Esnaf ve Sanatkarlar i\u00e7in kanun teklifi,"},"content":{"rendered":"<p>CHP Parti Meclisi \u00dcyesi ve Antalya Milletvekili Devrim K\u00f6k,\u00a0 Rusya ile ya\u015fanan u\u00e7ak krizi ve\u00a0 ter\u00f6r korkusu nedeniyle meydana gelen krizden turizm i\u015fletmeleri kadar Antalya\u2019da\u00a0 k\u00fc\u00e7\u00fck esnaf\u0131n da en az onlar kadar ma\u011fdur oldu\u011funu, bu nedenle ya\u015fanan kriz nedeniyle ma\u011fdur olan Antalya\u2019l\u0131 k\u00fc\u00e7\u00fck esnaf ve sanatkarlar\u0131n her t\u00fcrl\u00fc vergi ve ssk \u00a0primleriyle birlikte birikmi\u015f bor\u00e7lar\u0131n\u0131n da ertelenerek taksitlendirilmesi i\u00e7in kanun teklifi verdi.<\/p>\n<p>K\u00f6k, T\u00fcrkiye\u2019de \u00f6zellikle i\u00e7 ve d\u0131\u015f politikada ya\u015fanan olumsuz geli\u015fmelerle birlikte, ya\u015fanan ter\u00f6r, Suru\u00e7\u2019ta, Ankara\u2019da patlamalar, istanbul Sultanahmet\u2019te yabanc\u0131 turistlere kar\u015f\u0131 yap\u0131lan bombal\u0131 sald\u0131r\u0131lar,\u00a0 Rus u\u00e7a\u011f\u0131n\u0131n d\u00fc\u015f\u00fcr\u00fclmesi ve ard\u0131ndan hem tar\u0131m hem turizm sekt\u00f6r\u00fcnde Rusya ile ya\u015fanan kriz\u00a0 t\u00fcm T\u00fcrkiye\u2019yi olumsuz olarak etkilemi\u015ftir. Bu durumdan en \u00e7ok T\u00fcrkiye\u2019nin turizm ba\u015fkenti, \u00f6rt\u00fc alt\u0131 ve \u00f6rt\u00fc \u00fcst\u00fc\u00a0 tar\u0131m\u0131n en \u00f6nemli \u00fcretim merkezi olan\u00a0 Antalya etkilenmi\u015ftir. Gelinen s\u00fcre\u00e7te turistik i\u015fletmelerle birlikte Antalya\u2019da faaliyet g\u00f6steren k\u00fc\u00e7\u00fck esnaf ve sanatkarlarda bu durumdan direkt olarak etkilenmi\u015ftir.<\/p>\n<p>Ya\u015fanan bu olumsuz durumun turizm ve tar\u0131m sekt\u00f6r\u00fcn\u00fc vurdu\u011funu, Antalya\u2019da y\u00fczlerce otel kapand\u0131\u011f\u0131n\u0131, otellerin\u00a0 b\u00fcy\u00fck bir k\u0131sm\u0131 sat\u0131l\u0131\u011fa \u00e7\u0131kar\u0131ld\u0131\u011f\u0131n\u0131, \u00e7ift\u00e7inin \u00fcr\u00fcn\u00fc\u00a0 tarlada kald\u0131\u011f\u0131n\u0131 belirten K\u00f6k,\u00a0 Antalya\u2019da turizm ve tar\u0131m sekt\u00f6r\u00fcnde ya\u015fanan kriz bir domino etkisi yaratm\u0131\u015f, yukar\u0131dan a\u015fa\u011f\u0131ya do\u011fru t\u00fcm kesimleri zor durumda b\u0131rakm\u0131\u015ft\u0131r. \u00d6zellikle k\u00fc\u00e7\u00fck esnaflar bu durumdan en fazla etkilenen kesim olmu\u015ftur.<\/p>\n<p>Antalya\u2019daki k\u00fc\u00e7\u00fck esnaflar\u0131n durumlar\u0131n\u0131n her ge\u00e7en g\u00fcn k\u00f6t\u00fcye gitti\u011fi belirten K\u00f6k,\u00a0 k\u00fc\u00e7\u00fck esnaf ve sanatkarlar\u0131n b\u00fcy\u00fck bir \u00e7o\u011funlu\u011fu d\u00fckkan\u0131n\u0131 siftahs\u0131z\u00a0 kapat\u0131yor. Esnaf, elinde avucunda biriktirdi\u011fi ne varsa t\u00fckenmi\u015f durumda. Antalya\u2019l\u0131 \u00a0esnaf, b\u0131rak\u0131n kar etmeyi masraflar\u0131n\u0131 bile \u00e7\u0131karamaz durumdad\u0131r. Esnaf s\u00fcrekli olarak sermayesini t\u00fcketmektedir. Bu nedenle de k\u00fc\u00e7\u00fclmeye gitmek zorunda kalan esnaf ya kay\u0131t d\u0131\u015f\u0131na gitmekte, ya da i\u015f\u00e7i \u00e7\u0131karma yoluna gitmektedir. Ya\u015fanan bu durum istihdam\u0131 da\u00a0 olumsuz etkilemektedir.<\/p>\n<p>TOBB verilerine\u00a0 g\u00f6re y\u0131l\u0131n ilk 3 ay\u0131nda\u00a0<a href=\"http:\/\/www.turkbeleni.com\/antalya-haber\">Antalya<\/a>\u00a0il genelinde 8\u2019i kooperatif olmak \u00fczere 84 i\u015fletme tasfiyeye gitmi\u015f, 362 i\u015f yeri ise bir daha kepenk a\u00e7mamak \u00fczere kapanm\u0131\u015f, halen 91 bin olan esnaf say\u0131s\u0131,\u00a0 87 bine d\u00fc\u015fm\u00fc\u015ft\u00fcr.4 bin esnaf kepenk kapatm\u0131\u015ft\u0131r. \u00a0Kapanan i\u015fyeri say\u0131s\u0131\u00a0 giderek artmaktad\u0131r. Bu tablo k\u0131\u015f aylar\u0131na do\u011fru daha da k\u00f6t\u00fc bir durum alacak, Bir \u00e7ok esnaf\u0131m\u0131z iflas edece\u011fi gibi, bir s\u00fcr\u00fc \u00e7al\u0131\u015fan\u0131nda i\u015fini kaybedece\u011fini ifade eden K\u00f6k,<\/p>\n<p>\u201cbu nedenle Antalya\u2019da ki k\u00fc\u00e7\u00fck esnaf ve sanatkarlar\u0131n i\u00e7inde bulunduklar\u0131 bu olumsuz ko\u015fullardan bir nebze olsun kurtulmas\u0131 ve ekonomik olarak rahatlamas\u0131 i\u00e7in \u00a0vergi, ssk primleriyle birlikte birikmi\u015f bor\u00e7lar\u0131n\u0131n ertelenerek yap\u0131land\u0131r\u0131lmas\u0131, son derece \u00f6nemlidir\u201d dedi.<\/p>\n<p><strong>\u00a0<\/strong><\/p>\n<p>&nbsp;<\/p>\n<p>T\u00dcRK\u0130YE B\u00dcY\u00dcK M\u0130LLET MECL\u0130S\u0130 BA\u015eKANLI\u011eINA<\/p>\n<p>Sosyal Sigortalar ve Genel Sa\u011fl\u0131k Sigortas\u0131 Kanunu ve Vergi Usul Kanununda De\u011fi\u015fiklik Yap\u0131lmas\u0131na Dair Kanun Teklifi ekte sunulmu\u015ftur.<\/p>\n<p>Gere\u011fini arz ederim. 13.06.2016<\/p>\n<p>&nbsp;<\/p>\n<p>&nbsp;<\/p>\n<p style=\"text-align: right;\">\u00a0\u00a0\u00a0\u00a0\u00a0\u00a0\u00a0\u00a0\u00a0\u00a0\u00a0\u00a0\u00a0\u00a0\u00a0\u00a0\u00a0\u00a0\u00a0\u00a0\u00a0\u00a0\u00a0\u00a0\u00a0\u00a0\u00a0\u00a0\u00a0\u00a0\u00a0\u00a0\u00a0\u00a0\u00a0\u00a0\u00a0\u00a0\u00a0\u00a0\u00a0\u00a0\u00a0\u00a0\u00a0\u00a0\u00a0\u00a0\u00a0\u00a0\u00a0\u00a0\u00a0\u00a0\u00a0\u00a0\u00a0\u00a0\u00a0\u00a0\u00a0\u00a0\u00a0\u00a0\u00a0\u00a0\u00a0\u00a0\u00a0\u00a0\u00a0\u00a0\u00a0\u00a0\u00a0\u00a0\u00a0\u00a0\u00a0\u00a0\u00a0\u00a0\u00a0\u00a0\u00a0\u00a0\u00a0\u00a0\u00a0\u00a0\u00a0\u00a0\u00a0\u00a0\u00a0\u00a0\u00a0\u00a0\u00a0\u00a0\u00a0\u00a0\u00a0\u00a0\u00a0\u00a0\u00a0\u00a0\u00a0\u00a0\u00a0\u00a0\u00a0\u00a0\u00a0\u00a0\u00a0 Devrim K\u00d6K<\/p>\n<p style=\"text-align: right;\">\u00a0 \u00a0 \u00a0 \u00a0 \u00a0 \u00a0 \u00a0 \u00a0 \u00a0 \u00a0 \u00a0 \u00a0 \u00a0 \u00a0 \u00a0 \u00a0 \u00a0 \u00a0 \u00a0 \u00a0 \u00a0 \u00a0 \u00a0 \u00a0 \u00a0 \u00a0 \u00a0 \u00a0 \u00a0 \u00a0 \u00a0 \u00a0 \u00a0 \u00a0 \u00a0 \u00a0 \u00a0 \u00a0 \u00a0 \u00a0 \u00a0 \u00a0 \u00a0 \u00a0 \u00a0 \u00a0 \u00a0 \u00a0 \u00a0 \u00a0 \u00a0 \u00a0 \u00a0 \u00a0 \u00a0 \u00a0Antalya Milletvekili<\/p>\n<p>&nbsp;<\/p>\n<p>&nbsp;<\/p>\n<p><strong>SOSYAL S\u0130GORTALAR VE GENEL SA\u011eLIK S\u0130GORTASI KANUNU VE VERG\u0130 USUL KANUNUNDA DE\u011e\u0130\u015e\u0130KL\u0130K YAPILMASINA DA\u0130R KANUN TEKL\u0130F\u0130<\/strong><\/p>\n<p><strong>\u00a0<\/strong><\/p>\n<p><strong>MADDE 1-<\/strong> 31\/5\/2006 tarihli ve 5510 say\u0131l\u0131 Sosyal Sigortalar ve Genel Sa\u011fl\u0131k Sigortas\u0131 Kanununa a\u015fa\u011f\u0131daki ge\u00e7ici madde eklenmi\u015ftir.<\/p>\n<p>\u201cGE\u00c7\u0130C\u0130 MADDE 70- M\u00fclga 4355 say\u0131l\u0131 Ticaret ve Sanayi Odalar\u0131, Esnaf Odalar\u0131 ve Ticaret Borsalar\u0131 Kanunu, m\u00fclga 5373 say\u0131l\u0131 Esnaf Dernekleri ve Esnaf Dernekleri Birlikleri Kanunu ve m\u00fclga 507 say\u0131l\u0131 Esnaf ve K\u00fc\u00e7\u00fck Sanatk\u00e2rlar Kanununa g\u00f6re; esnaf ve sanatk\u00e2r siciline veya odas\u0131na ya da her ikisine birden kay\u0131tlar\u0131 bulunanlardan Antalya il s\u0131n\u0131rlar\u0131 i\u00e7inde faaliyet g\u00f6sterenlerin 2016 y\u0131l\u0131 Haziran ve \u00f6nceki aylara ili\u015fkin olup bu maddenin yay\u0131mland\u0131\u011f\u0131 tarihten \u00f6nce tahakkuk etti\u011fi h\u00e2lde \u00f6denmemi\u015f olan;<\/p>\n<ol>\n<li>a) Bu Kanunun 4 \u00fcnc\u00fc maddesinin birinci f\u0131kras\u0131n\u0131n (a), (b) ve (c) bentleri kapsam\u0131ndaki sigortal\u0131l\u0131k stat\u00fclerinden kaynaklanan, sigorta primi, emeklilik kesene\u011fi ve kurum kar\u015f\u0131l\u0131\u011f\u0131, i\u015fsizlik sigortas\u0131 primi, sosyal g\u00fcvenlik destek primi,<\/li>\n<li>b) Bu maddeye g\u00f6re yap\u0131lan ba\u015fvuru tarihi itibar\u0131yla ilgili mevzuat\u0131na g\u00f6re \u00f6denmesi imk\u00e2n\u0131 ortadan kalkmam\u0131\u015f iste\u011fe ba\u011fl\u0131 sigorta primi ve topluluk sigortas\u0131 primi,<\/li>\n<li>c) Sosyal G\u00fcvenlik Kurumu taraf\u0131ndan ilgili kanunlar\u0131 gere\u011fince takip edilen damga vergisi, \u00f6zel i\u015flem vergisi ve e\u011fitime katk\u0131 pay\u0131,<\/li>\n<\/ol>\n<p>\u00e7) Bu Kanunun 60 \u0131nc\u0131 maddesinin birinci f\u0131kras\u0131n\u0131n (g) bendi kapsam\u0131nda genel sa\u011fl\u0131k sigortal\u0131s\u0131 olanlar\u0131n genel sa\u011fl\u0131k sigortas\u0131 primi,<\/p>\n<ol>\n<li>d) Sosyal g\u00fcvenlik kanunlar\u0131na g\u00f6re emeklilik veya ya\u015fl\u0131l\u0131k ayl\u0131\u011f\u0131 almakta iken 5335 say\u0131l\u0131 Kanunun 30 uncu maddesinin ikinci f\u0131kras\u0131 kapsam\u0131na giren kurum ve kurulu\u015flara ait i\u015fyerlerinde \u00e7al\u0131\u015fmalar\u0131 nedeniyle ayl\u0131klar\u0131 kesilmesi gerekenlere, bu maddenin y\u00fcr\u00fcrl\u00fc\u011fe girdi\u011fi tarihi takip eden \u00f6deme d\u00f6nemine kadar yersiz olarak \u00f6dendi\u011fi tespit edilen ayl\u0131klara ili\u015fkin bor\u00e7, as\u0131llar\u0131 ile bu alacaklara \u00f6deme s\u00fcrelerinin bitti\u011fi tarihlerden bu maddenin yay\u0131mland\u0131\u011f\u0131 tarihe kadar ge\u00e7en s\u00fcre i\u00e7in Y\u0130-\u00dcFE ayl\u0131k de\u011fi\u015fim oranlar\u0131 esas al\u0131narak hesaplanacak tutar\u0131n, bu maddede belirtilen s\u00fcre ve \u015fekilde \u00f6denmesi h\u00e2linde, bu alacaklara uygulanan gecikme cezas\u0131 ve gecikme zamm\u0131 gibi fer\u00ee alacaklar\u0131n tamam\u0131n\u0131n tahsilinden vazge\u00e7ilir.<\/li>\n<\/ol>\n<p>(2) Bu madde h\u00fck\u00fcmlerinden yararlanmak isteyen bor\u00e7lular\u0131n;<\/p>\n<ol>\n<li>a) Bu maddenin yay\u0131mland\u0131\u011f\u0131 tarihi izleyen ay ba\u015f\u0131ndan itibaren \u00fc\u00e7 ay i\u00e7inde ilgili tahsil dairesine ba\u015fvuruda bulunmalar\u0131,<\/li>\n<li>b) \u0130lk taksiti bu maddenin yay\u0131mland\u0131\u011f\u0131 tarihi izleyen ay ba\u015f\u0131ndan itibaren d\u00f6rt ay i\u00e7inde, di\u011fer taksitlerini ise iki\u015fer ayl\u0131k d\u00f6nemler h\u00e2linde azami on sekiz e\u015fit taksitte \u00f6demeleri, gerekir.<\/li>\n<\/ol>\n<p>Bu maddenin uygulanmas\u0131na ili\u015fkin usul ve esaslar Kurum taraf\u0131ndan belirlenir.\u201d<\/p>\n<p><strong>MADDE 2-<\/strong> 4\/1\/1961 tarihli ve 213 say\u0131l\u0131 Vergi Usul Kanununa a\u015fa\u011f\u0131daki ge\u00e7ici madde eklenmi\u015ftir.<\/p>\n<p>\u201cGE\u00c7\u0130C\u0130 MADDE 30- (1) Maliye Bakanl\u0131\u011f\u0131na ba\u011fl\u0131 tahsil dairelerince tahsil edilen ve bu Kanun kapsam\u0131na giren;<\/p>\n<ol>\n<li>a) 1\/6\/2016 tarihinden (bu tarih d\u00e2hil) \u00f6nceki d\u00f6nemlere, beyana dayanan vergilerde bu tarihe kadar verilmesi gereken beyannamelere ili\u015fkin vergi ve bunlara ba\u011fl\u0131 vergi cezalar\u0131, gecikme faizleri, gecikme zamlar\u0131ndan,<\/li>\n<li>b) 2014 y\u0131l\u0131na ili\u015fkin olarak 1\/6\/2016 tarihinden (bu tarih d\u00e2hil) \u00f6nce tahakkuk eden vergi ve bunlara ba\u011fl\u0131 vergi cezalar\u0131, gecikme faizleri, gecikme zamlar\u0131ndan, kesinle\u015fmi\u015f olup bu Kanunun yay\u0131mland\u0131\u011f\u0131 tarih itibar\u0131yla vadesi geldi\u011fi h\u00e2lde \u00f6denmemi\u015f olan ya da \u00f6deme s\u00fcresi hen\u00fcz ge\u00e7memi\u015f bulunan alacaklar\u0131n \u00f6denmemi\u015f k\u0131sm\u0131n\u0131n tamam\u0131 ile bunlara ba\u011fl\u0131 faiz, cezai faiz, gecikme faizi, gecikme zamm\u0131 gibi fer\u00ee amme alacaklar\u0131 yerine bu Kanunun yay\u0131mland\u0131\u011f\u0131 tarihe kadar Y\u0130-\u00dcFE ayl\u0131k de\u011fi\u015fim oranlar\u0131 esas al\u0131narak hesaplanacak tutar\u0131n; \u00f6denmemi\u015f alaca\u011f\u0131n sadece fer\u00ee alacaktan ibaret olmas\u0131 h\u00e2linde fer\u00ee alacak yerine Y\u0130-\u00dcFE ayl\u0131k de\u011fi\u015fim oranlar\u0131 esas al\u0131narak hesaplanacak tutar\u0131n, bu maddede belirtilen s\u00fcre ve \u015fekilde tamamen \u00f6denmesi \u015fart\u0131yla alacaklara ba\u011fl\u0131 faiz, cezai faiz, gecikme faizi, gecikme zamm\u0131 gibi fer\u00ee amme alacaklar\u0131n\u0131n tahsilinden vazge\u00e7ilir.<\/li>\n<\/ol>\n<p>(2) Bu madde h\u00fck\u00fcmlerinden yararlanmak isteyen bor\u00e7lular\u0131n;<\/p>\n<ol>\n<li>a) Bu maddenin yay\u0131mland\u0131\u011f\u0131 tarihi izleyen ay ba\u015f\u0131ndan itibaren \u00fc\u00e7 ay i\u00e7inde Kuruma ba\u015fvuruda bulunmalar\u0131,<\/li>\n<li>b) \u0130lk taksiti bu maddenin yay\u0131mland\u0131\u011f\u0131 tarihi izleyen ay ba\u015f\u0131ndan itibaren d\u00f6rt ay i\u00e7inde, di\u011fer taksitlerini ise iki\u015fer ayl\u0131k d\u00f6nemler h\u00e2linde azami on sekiz e\u015fit taksitte \u00f6demeleri, gerekir.<\/li>\n<\/ol>\n<p>(3) Bu maddenin uygulanmas\u0131na ili\u015fkin usul ve esaslar\u0131 belirlemeye Maliye Bakanl\u0131\u011f\u0131 yetkilidir.\u201d<\/p>\n<p><strong>MADDE 3- <\/strong>Bu Kanun yay\u0131m\u0131 tarihinde y\u00fcr\u00fcrl\u00fc\u011fe girer.<\/p>\n<p><strong>MADDE 4- <\/strong>Bu Kanun h\u00fck\u00fcmlerini Bakanlar Kurulu y\u00fcr\u00fct\u00fcr.<\/p>\n<p>&nbsp;<\/p>\n<p><strong>Gerek\u00e7e;<\/strong><\/p>\n<p>T\u00fcrkiye\u2019de \u00f6zellikle i\u00e7 ve d\u0131\u015f politikada ya\u015fanan olumsuz geli\u015fmelerle birlikte, ya\u015fanan ter\u00f6r, Suru\u00e7\u2019ta, Ankara\u2019da patlamalar, \u0130stanbul Sultanahmet\u2019te yabanc\u0131 turistlere kar\u015f\u0131 yap\u0131lan bombal\u0131 sald\u0131r\u0131lar,\u00a0 Rus u\u00e7a\u011f\u0131n\u0131n d\u00fc\u015f\u00fcr\u00fclmesi ve ard\u0131ndan hem tar\u0131m hem turizm sekt\u00f6r\u00fcnde Rusya ile ya\u015fanan kriz\u00a0 t\u00fcm T\u00fcrkiye\u2019yi olumsuz olarak etkilemi\u015ftir. Bu durumdan en \u00e7ok T\u00fcrkiye\u2019nin turizm ba\u015fkenti, \u00f6rt\u00fc alt\u0131 ve \u00f6rt\u00fc \u00fcst\u00fc\u00a0 tar\u0131m\u0131n en \u00f6nemli \u00fcretim merkezi olan\u00a0 Antalya etkilenmi\u015ftir.<\/p>\n<p>Ya\u015fanan bu olumsuz durum turizm ve tar\u0131m sekt\u00f6r\u00fcn\u00fc vurmu\u015f, y\u00fczlerce otel kapanm\u0131\u015f, otellerin\u00a0 b\u00fcy\u00fck bir k\u0131sm\u0131 sat\u0131l\u0131\u011fa \u00e7\u0131kar\u0131lm\u0131\u015f, \u00e7ift\u00e7inin \u00fcr\u00fcn\u00fc ise tarlada kalm\u0131\u015ft\u0131r. Antalya\u2019da turizm ve tar\u0131m sekt\u00f6r\u00fcnde ya\u015fanan kriz bir domino etkisi yaratm\u0131\u015f, yukar\u0131dan a\u015fa\u011f\u0131ya do\u011fru t\u00fcm kesimleri zor durumda b\u0131rakm\u0131\u015ft\u0131r. \u00d6zellikle k\u00fc\u00e7\u00fck esnaflar bu durumdan en fazla etkilenen kesim olmu\u015ftur.<\/p>\n<p>Antalya\u2019daki k\u00fc\u00e7\u00fck esnaflar\u0131n \u00e7ok zor g\u00fcnler ya\u015fad\u0131klar\u0131 ve durumlar\u0131n\u0131n her ge\u00e7en g\u00fcn k\u00f6t\u00fcye gitti\u011fi, b\u00fcy\u00fck bir \u00e7o\u011funlu\u011funun siftahs\u0131z d\u00fckkan\u0131n\u0131 kapatmak zorunda oldu\u011fu hem sivil toplum kurulu\u015flar\u0131 taraf\u0131ndan yap\u0131lan \u00e7al\u0131\u015fmalarda, hem de\u00a0 kamuoyu taraf\u0131ndan da bilinmektedir. Bu g\u00fcn Antalya\u2019l\u0131 k\u00fc\u00e7\u00fck esnaf b\u0131rak\u0131n kar etmeyi masraflar\u0131n\u0131 bile \u00e7\u0131karamaz durumdad\u0131r. Bu nedenle de k\u00fc\u00e7\u00fclmeye gitmek zorunda kalan esnaf ya kay\u0131t d\u0131\u015f\u0131na gitmekte, ya da i\u015f\u00e7i \u00e7\u0131karma yoluna gitmektedir. Ya\u015fanan bu olumsuz\u00a0 durum hem ekonomiyi hem de istihdam\u0131 olumsuz olarak etkilemektedir.<\/p>\n<p>TOBB verilerine\u00a0 g\u00f6re y\u0131l\u0131n ilk 3 ay\u0131nda\u00a0<a href=\"http:\/\/www.turkbeleni.com\/antalya-haber\">Antalya<\/a>\u00a0il genelinde 8\u2019i kooperatif olmak \u00fczere 84 i\u015fletme tasfiyeye gitti. 362 i\u015f yeri ise bir daha kepenk a\u00e7mamak \u00fczere kapand\u0131. Halen 91 bin olan esnaf say\u0131s\u0131,\u00a0 4 bin esnaf\u0131n i\u015fyerini kapatmas\u0131 nedeniyle 87 bine d\u00fc\u015ft\u00fc. Kapanan i\u015fyeri say\u0131s\u0131\u00a0 artarak devam etmektedir. Bu tablo k\u0131\u015f aylar\u0131na do\u011fru daha da k\u00f6t\u00fc bir durum alacakt\u0131r.<\/p>\n<p>Bu nedenle Antalya\u2019da ki k\u00fc\u00e7\u00fck esnaf ve sanatkarlar\u0131n i\u00e7inde bulunduklar\u0131 bu olumsuz ko\u015fullardan bir nebze olsun kurtulmas\u0131, mevcut istihdam\u0131 koruyarak ekonomik olarak rahatlamas\u0131 i\u00e7in\u00a0 birikmi\u015f vergi ve ssk bor\u00e7lar\u0131n\u0131n ertelenerek yap\u0131land\u0131r\u0131lmas\u0131, son derece \u00f6nemlidir.<\/p>\n","protected":false},"excerpt":{"rendered":"<p>CHP Parti Meclisi \u00dcyesi ve Antalya Milletvekili Devrim K\u00f6k,\u00a0 Rusya ile ya\u015fanan u\u00e7ak krizi ve\u00a0 ter\u00f6r korkusu nedeniyle meydana gelen krizden turizm i\u015fletmeleri kadar Antalya\u2019da\u00a0 k\u00fc\u00e7\u00fck esnaf\u0131n da en az onlar kadar ma\u011fdur oldu\u011funu, bu nedenle ya\u015fanan kriz nedeniyle ma\u011fdur olan Antalya\u2019l\u0131 k\u00fc\u00e7\u00fck esnaf ve sanatkarlar\u0131n her t\u00fcrl\u00fc vergi ve ssk \u00a0primleriyle birlikte birikmi\u015f bor\u00e7lar\u0131n\u0131n [&hellip;]<\/p>\n","protected":false},"author":1,"featured_media":10961,"comment_status":"open","ping_status":"open","sticky":false,"template":"","format":"standard","meta":[],"categories":[61,51],"tags":[],"amp_enabled":true,"_links":{"self":[{"href":"https:\/\/chpantalya.com\/index.php?rest_route=\/wp\/v2\/posts\/11013"}],"collection":[{"href":"https:\/\/chpantalya.com\/index.php?rest_route=\/wp\/v2\/posts"}],"about":[{"href":"https:\/\/chpantalya.com\/index.php?rest_route=\/wp\/v2\/types\/post"}],"author":[{"embeddable":true,"href":"https:\/\/chpantalya.com\/index.php?rest_route=\/wp\/v2\/users\/1"}],"replies":[{"embeddable":true,"href":"https:\/\/chpantalya.com\/index.php?rest_route=%2Fwp%2Fv2%2Fcomments&post=11013"}],"version-history":[{"count":0,"href":"https:\/\/chpantalya.com\/index.php?rest_route=\/wp\/v2\/posts\/11013\/revisions"}],"wp:featuredmedia":[{"embeddable":true,"href":"https:\/\/chpantalya.com\/index.php?rest_route=\/wp\/v2\/media\/10961"}],"wp:attachment":[{"href":"https:\/\/chpantalya.com\/index.php?rest_route=%2Fwp%2Fv2%2Fmedia&parent=11013"}],"wp:term":[{"taxonomy":"category","embeddable":true,"href":"https:\/\/chpantalya.com\/index.php?rest_route=%2Fwp%2Fv2%2Fcategories&post=11013"},{"taxonomy":"post_tag","embeddable":true,"href":"https:\/\/chpantalya.com\/index.php?rest_route=%2Fwp%2Fv2%2Ftags&post=11013"}],"curies":[{"name":"wp","href":"https:\/\/api.w.org\/{rel}","templated":true}]}}