{"id":11019,"date":"2016-06-15T14:03:42","date_gmt":"2016-06-15T11:03:42","guid":{"rendered":"http:\/\/chpantalya.com\/?p=11019"},"modified":"2016-06-15T14:03:42","modified_gmt":"2016-06-15T11:03:42","slug":"koprucayindaki-balik-olumleri-tbmmde","status":"publish","type":"post","link":"https:\/\/chpantalya.com\/?p=11019","title":{"rendered":"K\u00f6pr\u00fc\u00e7ay\u0131\u2019ndaki Bal\u0131k \u00d6l\u00fcmleri TBMM\u2019de"},"content":{"rendered":"<p>K\u00f6pr\u00fc\u00e7ay\u0131\u2019nda ge\u00e7en hafta ya\u015fanan bal\u0131k \u00f6l\u00fcmleri CHP Antalya Milletvekili Dr. Niyazi Nefi Kara taraf\u0131ndan TBMM\u2019ye ta\u015f\u0131nd\u0131.<\/p>\n<p><strong>Esnaf ve Vatanda\u015f Tedirgin<\/strong><\/p>\n<p>Serik ve Manavgat \u0130l\u00e7elerinin s\u0131n\u0131r\u0131 i\u00e7erisinden ge\u00e7en K\u00f6pr\u00fc\u00e7ay\u0131\u2019n\u0131n, bar\u0131nd\u0131rd\u0131\u011f\u0131 bal\u0131k \u00e7e\u015fitlili\u011fi, \u00e7evresindeki bitki \u00f6rt\u00fcs\u00fc ile tar\u0131m faaliyetlerinde kullan\u0131lmas\u0131 ve rafting sporu ile u\u011fra\u015fanlar\u0131n u\u011frak yeri olmas\u0131 nedeniyle Antalya ili i\u00e7in son derece \u00f6neme sahip oldu\u011funu ifade eden CHP\u2019li vekil, ya\u015fanan bal\u0131k \u00f6l\u00fcmlerinin hem \u00fcreticiyi, hem esnaf\u0131 hem de turistler ile b\u00f6lge halk\u0131n\u0131 tedirgin etti\u011fini s\u00f6yledi.<\/p>\n<p>Ya\u015fanan toplu bal\u0131k \u00f6l\u00fcmlerinin sebebinin ara\u015ft\u0131r\u0131lmas\u0131 i\u00e7in su ve bal\u0131klardan \u00f6rnekler al\u0131nd\u0131\u011f\u0131n\u0131 ancak sonu\u00e7lar\u0131n hen\u00fcz kamuoyu ile payla\u015f\u0131lmad\u0131\u011f\u0131n\u0131 hat\u0131rlatan Dr. Kara, yapt\u0131\u011f\u0131 a\u00e7\u0131klamada Be\u015fkonak De\u011firmen\u00f6z\u00fc HES \u00e7al\u0131\u015fmas\u0131 ile Be\u015fkonak Sa\u011f\u0131rin mevkiinde yap\u0131lan yol \u00e7al\u0131\u015fmas\u0131 faaliyetlerinde kullan\u0131lan patlay\u0131c\u0131lar\u0131n bal\u0131klar\u0131n \u00f6l\u00fcm\u00fcne sebep oldu\u011fu iddialar\u0131n\u0131n ara\u015ft\u0131r\u0131lmas\u0131 gerekti\u011fini belirtti.<\/p>\n<p><strong>Kentin Dokusu ve Haf\u0131zas\u0131 \u0130le Oynamalar\u0131na \u0130zin Vermeyece\u011fiz <\/strong><\/p>\n<p>Her ne sebep olursa olsun AKP H\u00fck\u00fcmetinin b\u00f6lgeye ya\u015fatt\u0131\u011f\u0131 do\u011fa katliam\u0131n\u0131n sonucunu vatanda\u015fla payla\u015fmak zorunda oldu\u011funu ifade eden Kara, bu olay\u0131n takip\u00e7i olacaklar\u0131n\u0131 ve AKP\u2019nin rant u\u011fruna kentin dokusu ve haf\u0131zas\u0131 ile daha fazla oynamalar\u0131na izin vermeyeceklerini vurgulad\u0131.<\/p>\n<p>&nbsp;<\/p>\n<p>&nbsp;<\/p>\n<p>\u2026<\/p>\n<p><strong>\u00a0<\/strong><\/p>\n<p><strong>\u00a0<\/strong><\/p>\n<p><strong>T\u00dcRK\u0130YE B\u00dcY\u00dcK M\u0130LLET MECL\u0130S\u0130 BA\u015eKANLI\u011eINA<\/strong><\/p>\n<p>&nbsp;<\/p>\n<p>&nbsp;<\/p>\n<p>&nbsp;<\/p>\n<p>Antalya\u2019n\u0131n Serik ve Manavgat il\u00e7eleri s\u0131n\u0131rlar\u0131ndan ge\u00e7en K\u00f6pr\u00fc\u00e7ay Irma\u011f\u0131nda ya\u015fanan bal\u0131k \u00f6l\u00fcmlerinin sebeplerinin ara\u015ft\u0131r\u0131lmas\u0131, sorunlar\u0131n tespiti ve \u00e7\u00f6z\u00fcm yollar\u0131n\u0131n ara\u015ft\u0131r\u0131lmas\u0131 amac\u0131yla Anayasan\u0131n 98\u2019inci, \u0130\u00e7t\u00fcz\u00fc\u011f\u00fcn 104 ve 105\u2019inci maddeleri gere\u011fince Meclis Ara\u015ft\u0131rmas\u0131 a\u00e7\u0131lmas\u0131 i\u00e7in gere\u011fini arz ederim.<\/p>\n<p>&nbsp;<\/p>\n<p>&nbsp;<\/p>\n<p>&nbsp;<\/p>\n<p>&nbsp;<\/p>\n<p><strong>Dr. Niyazi Nefi KARA<\/strong><\/p>\n<p><strong>\u00a0\u00a0\u00a0\u00a0\u00a0\u00a0\u00a0\u00a0\u00a0\u00a0\u00a0 \u00a0\u00a0\u00a0\u00a0Antalya Milletvekili<\/strong><\/p>\n<p><strong>\u00a0<\/strong><\/p>\n<p><strong>GEREK\u00c7E<\/strong><\/p>\n<p><strong>\u00a0<\/strong><\/p>\n<p><strong>\u00a0<\/strong><\/p>\n<p>Antalya \u0130li s\u0131n\u0131rlar\u0131ndan ge\u00e7en ve Akdeniz\u2019e d\u00f6k\u00fclen K\u00f6pr\u00fc\u00e7ay, Toroslardan ba\u015flamaktad\u0131r. Ge\u00e7i\u015f g\u00fczerg\u00e2h\u0131nda derin vadileri a\u015fan ve a\u00e7\u0131k denize ula\u015fan \u0131rmak, co\u011frafi olarak e\u015fsiz do\u011fal g\u00fczellikler yaratmaktad\u0131r. K\u00f6pr\u00fc\u00e7ay ve havzas\u0131 tarih boyunca b\u00f6lgenin en \u00f6nemli par\u00e7alar\u0131ndan biri olmu\u015ftur. K\u00f6pr\u00fc\u00e7ay bar\u0131nd\u0131rd\u0131\u011f\u0131 bal\u0131k \u00e7e\u015fitlili\u011fi ve \u00e7evresindeki bitki \u00f6rt\u00fcs\u00fc ile do\u011fal bir ya\u015fam alan\u0131 olu\u015fturmaktad\u0131r. Serik \u0130l\u00e7esinde tar\u0131msal faaliyetlerde de kullan\u0131lan \u0131rmak, ayr\u0131ca turizme de katk\u0131 sa\u011flamaktad\u0131r. K\u00f6pr\u00fc\u00e7ay rafting sporu ile u\u011fra\u015fanlar\u0131n u\u011frak yeri olmas\u0131, vatanda\u015flar ve turistler i\u00e7in bir dinlenme alan\u0131 sa\u011flamas\u0131 bak\u0131m\u0131nda da \u00f6nem arz etmektedir.<\/p>\n<p>Serik ve Manavgat il\u00e7eleri s\u0131n\u0131rlar\u0131 i\u00e7erisinden ge\u00e7en K\u00f6pr\u00fc\u00e7ay\u2019da ne yaz\u0131k ki 4 Haziran 2016 tarihinde bilinmeyen bir sebeple bal\u0131k \u00f6l\u00fcmleri ger\u00e7ekle\u015fmi\u015ftir. Ya\u015fanan bu bal\u0131k \u00f6l\u00fcmleri vatanda\u015flar\u0131 ve b\u00f6lgede bulunan restoran i\u015fletmelerini endi\u015felendirmektedir. Ya\u015fanan toplu bal\u0131k \u00f6l\u00fcmlerinin sebebinin ara\u015ft\u0131r\u0131lmas\u0131 i\u00e7in su ve bal\u0131klardan al\u0131nan \u00f6rnekler hen\u00fcz kamuoyu ile payla\u015f\u0131lmam\u0131\u015ft\u0131r. Vatanda\u015flar\u0131n \u0131rma\u011fa girmemeleri konusunda yetkililer taraf\u0131ndan uyar\u0131ld\u0131\u011f\u0131 ve uyar\u0131c\u0131 tabelalar\u0131n as\u0131ld\u0131\u011f\u0131 belirtilmi\u015ftir. Yaz aylar\u0131nda serinlemek i\u00e7in \u0131rma\u011f\u0131 kullanan vatanda\u015flar ile b\u00f6lgeye gelen yerli ve yabanc\u0131 turistlerin bu uyar\u0131lar sonucu tedirgin olduklar\u0131 belirtilmekte, ayr\u0131ca tar\u0131msal sulama i\u00e7in kullan\u0131lan \u0131rmak suyu ya\u015fanan bal\u0131k \u00f6l\u00fcmleri nedeni ile \u00fcreticiyi de tedirgin etmektedir. K\u00f6pr\u00fc\u00e7ay\u2019da ya\u015fanan bal\u0131k \u00f6l\u00fcmleri sebebi hakk\u0131nda \u00e7e\u015fitli iddialar mevcuttur, Be\u015fkonak De\u011firmen\u00f6z\u00fc HES \u00e7al\u0131\u015fmas\u0131 ile Be\u015fkonak Sa\u011f\u0131rin mevkiinde yap\u0131lan yol \u00e7al\u0131\u015fmas\u0131 faaliyetinde kullan\u0131lan patlay\u0131c\u0131lar\u0131n bal\u0131k \u00f6l\u00fcmlerine yol a\u00e7t\u0131\u011f\u0131, al\u0131nan numune sonu\u00e7lar\u0131n\u0131n a\u00e7\u0131klanmama sebebinin de bu iddialar oldu\u011fu belirtilmektedir. Her ne sebeple olursa olsun ya\u015fanan do\u011fa katliam\u0131n\u0131n sonu\u00e7lar\u0131 kamuoyu ile payla\u015f\u0131lmal\u0131 ve gerekli \u00f6nlemler al\u0131nmal\u0131d\u0131r.<\/p>\n<p>Serik ve Manavgat il\u00e7eleri s\u0131n\u0131rlar\u0131 i\u00e7erisinden ge\u00e7en K\u00f6pr\u00fc\u00e7ay Irma\u011f\u0131\u2019nda ya\u015fanan bal\u0131k \u00f6l\u00fcmlerinin sebeplerinin ara\u015ft\u0131r\u0131lmas\u0131, ihmali bulunanlar\u0131n tespiti, do\u011fal ya\u015fam\u0131n korunmas\u0131 i\u00e7in al\u0131nacak tedbirlerin belirlenmesi i\u00e7in Meclis ara\u015ft\u0131r\u0131lmas\u0131 a\u00e7\u0131lmas\u0131 elzemdir.<\/p>\n","protected":false},"excerpt":{"rendered":"<p>K\u00f6pr\u00fc\u00e7ay\u0131\u2019nda ge\u00e7en hafta ya\u015fanan bal\u0131k \u00f6l\u00fcmleri CHP Antalya Milletvekili Dr. Niyazi Nefi Kara taraf\u0131ndan TBMM\u2019ye ta\u015f\u0131nd\u0131. Esnaf ve Vatanda\u015f Tedirgin Serik ve Manavgat \u0130l\u00e7elerinin s\u0131n\u0131r\u0131 i\u00e7erisinden ge\u00e7en K\u00f6pr\u00fc\u00e7ay\u0131\u2019n\u0131n, bar\u0131nd\u0131rd\u0131\u011f\u0131 bal\u0131k \u00e7e\u015fitlili\u011fi, \u00e7evresindeki bitki \u00f6rt\u00fcs\u00fc ile tar\u0131m faaliyetlerinde kullan\u0131lmas\u0131 ve rafting sporu ile u\u011fra\u015fanlar\u0131n u\u011frak yeri olmas\u0131 nedeniyle Antalya ili i\u00e7in son derece \u00f6neme sahip oldu\u011funu [&hellip;]<\/p>\n","protected":false},"author":1,"featured_media":10955,"comment_status":"closed","ping_status":"open","sticky":false,"template":"","format":"standard","meta":[],"categories":[35,50],"tags":[],"amp_enabled":true,"_links":{"self":[{"href":"https:\/\/chpantalya.com\/index.php?rest_route=\/wp\/v2\/posts\/11019"}],"collection":[{"href":"https:\/\/chpantalya.com\/index.php?rest_route=\/wp\/v2\/posts"}],"about":[{"href":"https:\/\/chpantalya.com\/index.php?rest_route=\/wp\/v2\/types\/post"}],"author":[{"embeddable":true,"href":"https:\/\/chpantalya.com\/index.php?rest_route=\/wp\/v2\/users\/1"}],"replies":[{"embeddable":true,"href":"https:\/\/chpantalya.com\/index.php?rest_route=%2Fwp%2Fv2%2Fcomments&post=11019"}],"version-history":[{"count":0,"href":"https:\/\/chpantalya.com\/index.php?rest_route=\/wp\/v2\/posts\/11019\/revisions"}],"wp:featuredmedia":[{"embeddable":true,"href":"https:\/\/chpantalya.com\/index.php?rest_route=\/wp\/v2\/media\/10955"}],"wp:attachment":[{"href":"https:\/\/chpantalya.com\/index.php?rest_route=%2Fwp%2Fv2%2Fmedia&parent=11019"}],"wp:term":[{"taxonomy":"category","embeddable":true,"href":"https:\/\/chpantalya.com\/index.php?rest_route=%2Fwp%2Fv2%2Fcategories&post=11019"},{"taxonomy":"post_tag","embeddable":true,"href":"https:\/\/chpantalya.com\/index.php?rest_route=%2Fwp%2Fv2%2Ftags&post=11019"}],"curies":[{"name":"wp","href":"https:\/\/api.w.org\/{rel}","templated":true}]}}