{"id":11041,"date":"2016-06-17T17:06:10","date_gmt":"2016-06-17T14:06:10","guid":{"rendered":"http:\/\/chpantalya.com\/?p=11041"},"modified":"2016-06-17T17:06:10","modified_gmt":"2016-06-17T14:06:10","slug":"budak-akpnin-kayyumlari-tasfiyeye-gelecek","status":"publish","type":"post","link":"https:\/\/chpantalya.com\/?p=11041","title":{"rendered":"BUDAK: \u201cAKP\u2019N\u0130N KAYYUMLARI TASF\u0130YEYE GELECEK\u201d"},"content":{"rendered":"<p><strong>-\u201cAKP\u2019N\u0130N DERD\u0130 \u015e\u0130RKETLER\u0130N VE M\u00dcLK\u0130YET HAKKININ KORUNMASI DE\u011e\u0130L\u201d<\/strong><\/p>\n<p><strong>-\u201c<\/strong><strong>T\u00dcRK\u0130YE HUKUKSUZLUK DALGASI \u0130\u00c7\u0130NDE NEFES ALINAMAZ B\u0130R NOKTAYA DO\u011eRU G\u0130D\u0130YOR\u201d<\/strong><\/p>\n<p><strong>CHP Genel Ba\u015fkan Yard\u0131mc\u0131s\u0131 \u00c7etin Osman Budak, AKP iktidar\u0131n\u0131n, \u201csu\u00e7la m\u00fccadele\u201d k\u0131l\u0131f\u0131 alt\u0131nda kendi siyasi hedefleri i\u00e7in \u015firketlere atanacak kayyumlara geni\u015f yetki ve sorumsuzluk tan\u0131mak istedi\u011fini belirterek, \u201cAKP kayyumlar\u0131n\u0131n derdinin \u015firketlerin ve m\u00fclkiyet hakk\u0131n\u0131n korunmas\u0131 olmayaca\u011f\u0131 a\u00e7\u0131kt\u0131r. \u00a0Bu d\u00fczenleme yat\u0131r\u0131mc\u0131lara ve i\u015f d\u00fcnyas\u0131na a\u00e7\u0131k bir tehdittir\u201d dedi.<\/strong><\/p>\n<p>CHP Genel Ba\u015fkan Yard\u0131mc\u0131s\u0131 ve Antalya Milletvekili \u00c7etin Osman Budak, Ceza Muhakemesi Kanunu\u2019nda yap\u0131lmak istenen d\u00fczenlemeye tepki g\u00f6sterdi.\u00a0 \u201cT\u00fcrkiye hukuksuzluk dalgas\u0131 i\u00e7inde nefes al\u0131namaz bir noktaya do\u011fru gidiyor\u201d diyen Budak, kayyum d\u00fczenlemesinin \u015firketlerin su\u00e7la ilgili kullan\u0131lmas\u0131 durumunda istisnai durumlarda kullan\u0131ld\u0131\u011f\u0131n\u0131 ancak getirilmek istenen d\u00fczenleme ile geni\u015f bir yetkilendirme yap\u0131lmaya \u00e7al\u0131\u015f\u0131ld\u0131\u011f\u0131n\u0131 s\u00f6yledi. Kayyum d\u00fczenlemesinin, Dan\u0131\u015ftay ve Yarg\u0131tay\u2019\u0131 alt \u00fcst edecek d\u00fczenlemeyle birlikte de\u011ferlendirilmesi gerekti\u011fini vurgulayan Budak, \u201cAKP, kendi siyasi hedefleri i\u00e7in hukuku ayaklar alt\u0131na almaktad\u0131r. Yarg\u0131tay\u2019\u0131n, Dan\u0131\u015ftay\u2019\u0131n iktidar\u0131n keyfine g\u00f6re \u015fekillendirilmek istenmesi, kayyumlara dokunulmazl\u0131k ve s\u0131n\u0131rs\u0131z yetki verilmek istenmesi bunun yeni \u00f6rnekleridir. AKP\u2019nin y\u00fcksek maa\u015fl\u0131 kayyumlar\u0131n\u0131n neler yapt\u0131klar\u0131n\u0131 g\u00f6rd\u00fck. \u015eimdi daha geni\u015f yetkiler veriliyor. Sorumlulukla, yetkinin \u00f6l\u00e7\u00fcl\u00fc olmas\u0131 gerekir. Getirilmek istenen d\u00fczenleme ile yetki artt\u0131r\u0131l\u0131yor, sorumluluk s\u0131f\u0131rlan\u0131yor. Burada amac\u0131n, AKP kayyumlar\u0131n\u0131n amac\u0131n\u0131n \u015firketlerin ve m\u00fclkiyet hakk\u0131n\u0131n korunmas\u0131 olmayaca\u011f\u0131 a\u00e7\u0131kt\u0131r. Tasfiye i\u00e7in gelecekleri a\u00e7\u0131kt\u0131r. Ayr\u0131ca anayasal d\u00fczene kar\u015f\u0131 su\u00e7lar denilerek, muhalefet eden herkes su\u00e7lanabilecek. Onlar\u0131n \u015firketleri de kayyumlar eliyle yok edilecek. \u00a0Bu d\u00fczenlemenin demokrasiyle, hukukla, ekonomik hayat\u0131n ger\u00e7ekleriyle uzaktan yak\u0131ndan ilgisi yoktur\u201d diye konu\u015ftu.<\/p>\n<p><strong>HUKUK OLMADAN YATIRIM VE HUZUR OLMAZ<\/strong><\/p>\n<p>G\u00fcmr\u00fck ve Ticaret Bakan\u0131 B\u00fclent T\u00fcfenk\u00e7i\u2019nin \u201cDevlet istedi\u011fi \u015firkete zaten el koyabiliyor\u201d s\u00f6zlerini de ele\u015ftiren Budak, \u201cHukuk niye var? Anayasa, m\u00fclkiyet hakk\u0131 kavram\u0131 niye var? Say\u0131n Bakan\u2019\u0131n bu s\u00f6zleri asl\u0131nda kayyum d\u00fczenlemesinin amac\u0131n\u0131 da a\u00e7\u0131kl\u0131yor\u201d diye sordu.<\/p>\n<p>T\u00fcrkiye\u2019nin her b\u00f6lgesinde i\u015f d\u00fcnyas\u0131 ve meslek \u00f6rg\u00fctleriyle toplant\u0131lar yapt\u0131klar\u0131n\u0131, s\u0131k\u0131nt\u0131lar\u0131 do\u011frudan dinlediklerini vurgulayan Budak, \u015f\u00f6yle devam etti:<\/p>\n<p>\u201cAKP H\u00fck\u00fcmeti\u2019nin a\u011f\u0131r bask\u0131s\u0131, toplumun her kesimini bunalt\u0131yor. \u0130\u015f d\u00fcnyas\u0131 da bundan istisna de\u011fil. \u0130\u015f d\u00fcnyas\u0131 ve meslek \u00f6rg\u00fctlerinden sorumlu Genel Ba\u015fkan Yard\u0131mc\u0131s\u0131 yapt\u0131\u011f\u0131m\u0131z toplant\u0131larda bunlar\u0131 g\u00f6r\u00fcyoruz. Ge\u00e7mi\u015f d\u00f6nemde yap\u0131lan fabrika bask\u0131nlar\u0131 ve kayyum atamalar\u0131, sadece o i\u015fadamlar\u0131na de\u011fil, t\u00fcm i\u015f d\u00fcnyas\u0131na bir g\u00f6zda\u011f\u0131yd\u0131. \u015eimdi hem \u00fcst yarg\u0131n\u0131n \u015fekillendirilmesi hem de kayyumlara tan\u0131nan yetki ile tehdidin boyutlar\u0131 daha da b\u00fcy\u00fct\u00fclmek isteniyor. Biz CHP olarak,\u00a0 m\u00fclkiyet hakk\u0131na ayk\u0131r\u0131,\u00a0 \u00f6l\u00e7\u00fcs\u00fcz ve hukuksuz, yerli ve yabanc\u0131 yat\u0131r\u0131mc\u0131y\u0131 korkutacak bu kayyum d\u00fczenlemesine \u015fiddetle kar\u015f\u0131 \u00e7\u0131k\u0131yoruz. \u0130\u015f d\u00fcnyas\u0131n\u0131n talep ve beklentilerinin de bu y\u00f6nde oldu\u011funu bilerek, buna \u015fiddetle kar\u015f\u0131 \u00e7\u0131k\u0131yoruz. Hukuk g\u00fcvenli\u011finin olmad\u0131\u011f\u0131 yerde yat\u0131r\u0131m da olmaz, i\u015f, a\u015f, huzur da olmaz. Adalet Komisyonu\u2019nda da Genel Kurul\u2019da da kar\u015f\u0131 \u00e7\u0131k\u0131\u015f\u0131m\u0131z\u0131 s\u00fcrd\u00fcrece\u011fiz.\u201d<\/p>\n","protected":false},"excerpt":{"rendered":"<p>-\u201cAKP\u2019N\u0130N DERD\u0130 \u015e\u0130RKETLER\u0130N VE M\u00dcLK\u0130YET HAKKININ KORUNMASI DE\u011e\u0130L\u201d -\u201cT\u00dcRK\u0130YE HUKUKSUZLUK DALGASI \u0130\u00c7\u0130NDE NEFES ALINAMAZ B\u0130R NOKTAYA DO\u011eRU G\u0130D\u0130YOR\u201d CHP Genel Ba\u015fkan Yard\u0131mc\u0131s\u0131 \u00c7etin Osman Budak, AKP iktidar\u0131n\u0131n, \u201csu\u00e7la m\u00fccadele\u201d k\u0131l\u0131f\u0131 alt\u0131nda kendi siyasi hedefleri i\u00e7in \u015firketlere atanacak kayyumlara geni\u015f yetki ve sorumsuzluk tan\u0131mak istedi\u011fini belirterek, \u201cAKP kayyumlar\u0131n\u0131n derdinin \u015firketlerin ve m\u00fclkiyet hakk\u0131n\u0131n korunmas\u0131 olmayaca\u011f\u0131 a\u00e7\u0131kt\u0131r. [&hellip;]<\/p>\n","protected":false},"author":1,"featured_media":10878,"comment_status":"open","ping_status":"open","sticky":false,"template":"","format":"standard","meta":[],"categories":[52,35],"tags":[],"amp_enabled":true,"_links":{"self":[{"href":"https:\/\/chpantalya.com\/index.php?rest_route=\/wp\/v2\/posts\/11041"}],"collection":[{"href":"https:\/\/chpantalya.com\/index.php?rest_route=\/wp\/v2\/posts"}],"about":[{"href":"https:\/\/chpantalya.com\/index.php?rest_route=\/wp\/v2\/types\/post"}],"author":[{"embeddable":true,"href":"https:\/\/chpantalya.com\/index.php?rest_route=\/wp\/v2\/users\/1"}],"replies":[{"embeddable":true,"href":"https:\/\/chpantalya.com\/index.php?rest_route=%2Fwp%2Fv2%2Fcomments&post=11041"}],"version-history":[{"count":0,"href":"https:\/\/chpantalya.com\/index.php?rest_route=\/wp\/v2\/posts\/11041\/revisions"}],"wp:featuredmedia":[{"embeddable":true,"href":"https:\/\/chpantalya.com\/index.php?rest_route=\/wp\/v2\/media\/10878"}],"wp:attachment":[{"href":"https:\/\/chpantalya.com\/index.php?rest_route=%2Fwp%2Fv2%2Fmedia&parent=11041"}],"wp:term":[{"taxonomy":"category","embeddable":true,"href":"https:\/\/chpantalya.com\/index.php?rest_route=%2Fwp%2Fv2%2Fcategories&post=11041"},{"taxonomy":"post_tag","embeddable":true,"href":"https:\/\/chpantalya.com\/index.php?rest_route=%2Fwp%2Fv2%2Ftags&post=11041"}],"curies":[{"name":"wp","href":"https:\/\/api.w.org\/{rel}","templated":true}]}}