{"id":11043,"date":"2016-06-18T11:38:42","date_gmt":"2016-06-18T08:38:42","guid":{"rendered":"http:\/\/chpantalya.com\/?p=11043"},"modified":"2018-07-18T21:14:36","modified_gmt":"2018-07-18T18:14:36","slug":"11043","status":"publish","type":"post","link":"https:\/\/chpantalya.com\/?p=11043","title":{"rendered":"K\u00f6k\u2019ten Antalya\u2019daki Ta\u015f ve Mermer Ocaklar\u0131 Bas\u0131n A\u00e7\u0131klamas\u0131"},"content":{"rendered":"<p><strong>Devrim K\u00f6k, Antalya\u2019n\u0131n do\u011fas\u0131n\u0131 11 Milyon TL i\u00e7in katletmi\u015fler\u2026<\/strong><\/p>\n<p>CHP Parti Meclisi \u00dcyesi ve Antalya Milletvekili Devrim K\u00f6k, Antalya ilinde ve T\u00fcrkiye\u2019de mermer ve ta\u015f ocaklar\u0131 i\u00e7in\u00a0 hem Orman ve Su \u0130\u015fleri Bakanl\u0131\u011f\u0131na, hem de Enerji ve Tabii Kaynaklar Bakanl\u0131\u011f\u0131na 04.03.2016 tarihinde verdi\u011fi soru \u00f6nergelerine ilgili bakanl\u0131klar\u0131n cevap vermemesi \u00fczerine ayn\u0131 \u00f6nergeleri Bilgi Edinme Yasas\u0131 kapsam\u0131nda Ba\u015fbakan Binali Y\u0131ld\u0131r\u0131m\u2019a g\u00f6nderdi.<\/p>\n<p>Devrim K\u00f6k, mermer ve ta\u015f ocaklar\u0131 konusunun iki bakanl\u0131\u011f\u0131n da ortak alanlar\u0131na girmesi nedeniyle yedi soruluk ayn\u0131 \u00f6nergeyi iki bakanl\u0131\u011fa da g\u00f6nderdi\u011fini, bu g\u00fcne kadar cevap alamad\u0131\u011f\u0131n\u0131, en son 14.06 2016 tarihinde Orman ve Su \u0130\u015fleri Bakanl\u0131\u011f\u0131n\u0131n sadece bir tek soruya cevap verdi\u011fini. ifade eden K\u00f6k, gelen cevab\u0131n ise i\u00e7ler ac\u0131s\u0131 oldu\u011funu s\u00f6yledi.<\/p>\n<p>Orman ve Su \u0130\u015fleri Bakanl\u0131\u011f\u0131n\u0131n soru \u00f6nergesine verdi\u011fi cevapta \u201cAntalya Orman B\u00f6lge M\u00fcd\u00fcrl\u00fc\u011f\u00fc s\u0131n\u0131rlar\u0131 i\u00e7erisinde bulunan maden ocaklar\u0131ndan 2015 y\u0131l\u0131nda arazi izin bedeli, ek devlet hakk\u0131, a\u011fa\u00e7land\u0131rma bedeli ve vergi olmak \u00fczere elde edilen gelir sadece 11.347.004 milyon TL oldu\u011funu belirten Devrim K\u00f6k, Antalya\u2019n\u0131n do\u011fas\u0131n\u0131, havas\u0131n\u0131, suyunu, \u00a0Finike\u2019yi, Ka\u015f\u2019\u0131 Manavgat\u2019\u0131, Korkuteli\u2019ni,\u00a0 K\u0131z\u0131lcada\u011f\u2019\u0131 , Manay\u2019\u0131,\u00a0 Osmankalfalar\u2019\u0131 , Ba\u015fp\u0131nar ve Ta\u015fkesik k\u00f6ylerini, Alacada\u011f K\u00f6y\u00fc s\u0131n\u0131rlar\u0131ndaki K\u0131z\u0131lc\u0131k Yaylas\u0131\u2019ndaki sedir ve \u00e7am a\u011fa\u00e7lar\u0131ndan olu\u015fan ormanl\u0131k alanlar\u0131n\u0131, do\u011fas\u0131n\u0131, tar\u0131m\u0131n\u0131, zeytin a\u011fa\u00e7lar\u0131n\u0131, d\u00fcnyaca \u00fcnl\u00fc Finike portakal\u0131n\u0131, daha \u00f6nce do\u011fal ya\u015famda olan canl\u0131lar\u0131n\u00a0 ya\u015fam alanlar\u0131n\u0131 \u00a0sadece 11.347.004 TL i\u00e7in katletmi\u015fler.<\/p>\n<p>Binlerce \u00e7e\u015fit endemik \u00fcr\u00fcnle birlikte, daha \u00f6nce do\u011fal ya\u015famda olan hayvan t\u00fcrleri, yaban ke\u00e7ileri, boz ay\u0131lar, tilkiler, ada tav\u015fanlar\u0131 ve tav\u015fanlar\u0131n ya\u015fam alanlar\u0131 yok eden\u00a0 maden\u00a0 ocaklar\u0131 i\u00e7in devletin elde etti\u011fi gelir 11.347.004 TL. Antalya Orman B\u00f6lge M\u00fcd\u00fcrl\u00fc\u011f\u00fc s\u0131n\u0131rlar\u0131 i\u00e7erisinde bulunan maden ocaklar\u0131ndan 2015 y\u0131l\u0131nda arazi izin bedeli, ek devlet hakk\u0131, a\u011fa\u00e7land\u0131rma bedeli ve vergi olmak \u00fczere elde edilen gelir sadece 11,3 milyon TL. oldu\u011funu ifade eden K\u00f6k, Antalya\u2019y\u0131 katledenlerden hesab\u0131n\u0131 soraca\u011f\u0131z dedi.<\/p>\n<p>Devrim K\u00f6k, \u00a0\u201c\u00f6nergesine Orman ve Su \u0130\u015fleri bakanl\u0131\u011f\u0131n\u0131n verdi\u011fi cevapta, \u201cAntalya ilinde ruhsats\u0131z \u00e7al\u0131\u015fan maden oca\u011f\u0131 bulunmad\u0131\u011f\u0131 \u201cherhangi bir usuls\u00fczl\u00fck olmas\u0131 durumunda ise kurumca yasal mevzuat \u00e7er\u00e7evesinde i\u015flem \u00a0yap\u0131ld\u0131\u011f\u0131n\u0131 belirtmesine ra\u011fmen, Antalya\u2019da ka\u00e7 tane ocak oldu\u011fu, bunlar\u0131n ka\u00e7 tanesinin aktif oldu\u011fu, buralarda \u00e7al\u0131\u015fan ki\u015fi say\u0131s\u0131n\u0131 ve Antalya ekonomisine katk\u0131s\u0131n\u0131 en \u00f6nemlisi de Orman M\u00fcd\u00fcrl\u00fc\u011f\u00fcn\u00fcn hatal\u0131 oldu\u011fu iddia edilen y\u00f6netmeli\u011fi ile birlikte Antalya\u2019da mermer ve ta\u015f ocaklar\u0131 a\u00e7mak i\u00e7in kesilen a\u011fa\u00e7 say\u0131s\u0131 hakk\u0131nda bilgi vermemekte direniyorlar. \u0130stedikleri \u00a0kadar dirensinler, halk ad\u0131na muhalefetin bilgi alma hakk\u0131n\u0131 engelleyemeyecekler\u201d dedi.<\/p>\n<p>&#8230;<\/p>\n<p>Say\u0131n\u00a0 Binali YILDIRIM<\/p>\n<p>Ba\u015fbakan<\/p>\n<p>&nbsp;<\/p>\n<p>&nbsp;<\/p>\n<p>04.03.2016 tarihinde konu ile ili\u015fkili olmas\u0131 nedeni ile TBMM Ba\u015fkanl\u0131\u011f\u0131 arac\u0131l\u0131\u011f\u0131 ile hem Orman ve Su \u0130\u015fleri Bakanl\u0131\u011f\u0131 hem de Enerji ve Tabii Kaynaklar Bakanl\u0131\u011f\u0131na Antalya \u0130li ve T\u00fcrkiye genelinde ta\u015f ocaklar\u0131 ve mermer ocaklar\u0131 ile ilgili verdi\u011fim, i\u00e7inde \u00a07 adet soru olan \u00f6nergeme Orman ve Su \u0130\u015fleri Bakanl\u0131\u011f\u0131 sadece bir soruya cevap vermi\u015f, Enerji ve Tabii Kaynaklar Bakanl\u0131\u011f\u0131 ise bu g\u00fcne kadar cevap vermemi\u015ftir.<\/p>\n<p>&nbsp;<\/p>\n<p>Buna g\u00f6re, a\u015fa\u011f\u0131daki sorular\u0131m\u0131n 4982 say\u0131l\u0131 Bilgi Edinme Yasas\u0131 kapsam\u0131nda cevapland\u0131r\u0131lmas\u0131n\u0131 arz ederim.16.06.2016<\/p>\n<p>&nbsp;<\/p>\n<p>&nbsp;<\/p>\n<p style=\"text-align: right;\">\u00a0 \u00a0 \u00a0 \u00a0 \u00a0 \u00a0 \u00a0 \u00a0 \u00a0 \u00a0 \u00a0 \u00a0 \u00a0 \u00a0 \u00a0 \u00a0 \u00a0 \u00a0 \u00a0 \u00a0 \u00a0 \u00a0 \u00a0 \u00a0 \u00a0 \u00a0 \u00a0 \u00a0 \u00a0 \u00a0 \u00a0 \u00a0 \u00a0 \u00a0 \u00a0 \u00a0 \u00a0 \u00a0 \u00a0 \u00a0 \u00a0 \u00a0 \u00a0 \u00a0 \u00a0 \u00a0 \u00a0 \u00a0 \u00a0 \u00a0 \u00a0 \u00a0 \u00a0 \u00a0 \u00a0 \u00a0 \u00a0 \u00a0 \u00a0 \u00a0 Devrim K\u00d6K<\/p>\n<p style=\"text-align: right;\">\u00a0 \u00a0 \u00a0 \u00a0 \u00a0 \u00a0 \u00a0 \u00a0 \u00a0 \u00a0 \u00a0 \u00a0 \u00a0 \u00a0 \u00a0 \u00a0 \u00a0 \u00a0 \u00a0 \u00a0 \u00a0 \u00a0 \u00a0 \u00a0 \u00a0 \u00a0 \u00a0 \u00a0 \u00a0 \u00a0 \u00a0 \u00a0 \u00a0 \u00a0 \u00a0 \u00a0 \u00a0 \u00a0 \u00a0 \u00a0 \u00a0 \u00a0 \u00a0 \u00a0 \u00a0 \u00a0 \u00a0 \u00a0 \u00a0 \u00a0 \u00a0 \u00a0 \u00a0 \u00a0 \u00a0 Antalya Milletvekili<\/p>\n<p>&nbsp;<\/p>\n<p>T\u00fcrkiye genelinde yakla\u015f\u0131k 45.000 mermer ve ta\u015f oca\u011f\u0131 ruhsat\u0131 verilmi\u015f olup bunlar\u0131n yakla\u015f\u0131k y\u00fczde 10\u2018u faal durumdad\u0131r. Antalya il s\u0131n\u0131rlar\u0131 i\u00e7erisinde 1000\u2018den fazla \u015firkete ruhsat verildi\u011fi halen 100\u2019\u00fcn \u00fczerinde i\u015fletmenin faaliyetini s\u00fcrd\u00fcrd\u00fc\u011f\u00fc bilinmektedir.<\/p>\n<p>Antalya\u2019da Manavgat, Korkuteli ve Finike\u2019de yo\u011funluklu olan bu tesisler nedeniyle canl\u0131lar\u0131n do\u011fal ya\u015fam alanlar\u0131 yok edilmekte, bulunduklar\u0131 b\u00f6lgenin \u00e7evresine, do\u011fal g\u00fczelliklerine ve tar\u0131m alanlar\u0131na ciddi zararlar vermektedir. Maden \u00e7\u0131karmak i\u00e7in yap\u0131lan patlatmalar yer alt\u0131 sular\u0131n\u0131n yatak de\u011fi\u015ftirmesine ve kurumas\u0131na yol a\u00e7makta, madenin ta\u015f\u0131nmas\u0131 s\u0131ras\u0131nda a\u011f\u0131r y\u00fck ta\u015f\u0131tlar\u0131n\u0131n \u00e7\u0131kard\u0131\u011f\u0131 toz sebze ve meyve bah\u00e7elerinin kurumas\u0131na neden olmaktad\u0131r.<\/p>\n<p>Buna g\u00f6re;<\/p>\n<p>&nbsp;<\/p>\n<ul>\n<li>T\u00fcrkiye\u2019de verilen t\u00fcm ta\u015f ve mermer oca\u011f\u0131 ruhsat\u0131 ka\u00e7 tanedir? Antalya\u2019da bulunan ruhsatl\u0131 mermer ve ta\u015f oca\u011f\u0131 say\u0131s\u0131 ka\u00e7t\u0131r? Bunlardan aktif olanlar\u0131n say\u0131s\u0131 ka\u00e7t\u0131r? Ka\u00e7 tanesine h\u00fck\u00fcmetiniz d\u00f6neminde ruhsat verilmi\u015ftir? Hem T\u00fcrkiye, hem de Antalya olmak \u00fczere ruhsats\u0131z olarak \u00e7al\u0131\u015fan ocaklar var m\u0131d\u0131r? Var ise, Bakanl\u0131\u011f\u0131n\u0131z taraf\u0131ndan hangi yapt\u0131r\u0131mlar uygulanm\u0131\u015ft\u0131r?<\/li>\n<\/ul>\n<ul>\n<li>Sekt\u00f6rde \u00e7al\u0131\u015fan ki\u015fi say\u0131s\u0131 ka\u00e7t\u0131r? Sekt\u00f6rde \u00e7al\u0131\u015fan yabanc\u0131 i\u015f\u00e7i var m\u0131d\u0131r? Var ise uyru\u011fu ve say\u0131s\u0131 ka\u00e7t\u0131r? Son 15 y\u0131lda, y\u0131llar itibariyle sekt\u00f6r\u00fcn T\u00fcrkiye ekonomisi i\u00e7indeki pay\u0131 ne kadard\u0131r? Ayn\u0131 \u015fekilde y\u0131llar itibariyle yurt d\u0131\u015f\u0131na yap\u0131lan mermer ihracat\u0131 ne kadard\u0131r?<\/li>\n<\/ul>\n<ul>\n<li>T\u00fcrkiye genelinde ve Antalya \u00f6zelinde bu ocaklardan devlet olarak elde edilen kiralama, vergi ve di\u011fer gelir kalemleri nelerdir? Bu kalemlerin toplam\u0131ndan elde edilen gelir ne kadard\u0131r?<\/li>\n<\/ul>\n<ul>\n<li>Son 15 y\u0131lda, mermer ve ta\u015f ocaklar\u0131n\u0131n Antalya ekonomisine y\u0131llar itibariyle katk\u0131s\u0131 ne kadard\u0131r?<\/li>\n<\/ul>\n<ul>\n<li>Alan olarak maden ve ta\u015f ocaklar\u0131n\u0131n hem T\u00fcrkiye hem de Antalya olmak \u00fczere y\u00fcz\u00f6l\u00e7\u00fcm\u00fc ne kadard\u0131r?<\/li>\n<\/ul>\n<ul>\n<li>Mermer ve ta\u015f oca\u011f\u0131 a\u00e7mak i\u00e7in bu g\u00fcne kadar kesilen a\u011fa\u00e7 cinsi ve say\u0131s\u0131 belli midir? Belli ise bu say\u0131 son 15 y\u0131l itibariye hem T\u00fcrkiye genelinde hem de Antalya ili i\u00e7in ka\u00e7 adettir?<\/li>\n<\/ul>\n<ul>\n<li>Orman Genel M\u00fcd\u00fcrl\u00fc\u011f\u00fc\u2019n\u00fcn \u00e7\u0131kard\u0131\u011f\u0131 y\u00f6netmeli\u011fin hatal\u0131 oldu\u011fu, mevzuatta \u00e7at\u0131\u015fma ya\u015fand\u0131\u011f\u0131, \u201cTa\u015f ocaklar\u0131n\u0131n ormanl\u0131k sahalarda \u00fcst havzalarda, havza baz\u0131nda d\u00fc\u015f\u00fcn\u00fclmedi\u011fi i\u00e7in alttaki tar\u0131m arazilerini ve meralar\u0131 etkiledi\u011fi \u201d do\u011fru mudur? Do\u011fru ise bu konu ile ilgili olarak Bakanl\u0131\u011f\u0131n\u0131z\u0131n yapt\u0131\u011f\u0131 bir \u00e7al\u0131\u015fma ve d\u00fczenleme var m\u0131d\u0131r?<\/li>\n<\/ul>\n<ul>\n<li>\u0130lgili Bakanl\u0131klar\u0131n\u0131z\u0131n muhalefetin bilgi alma hakk\u0131n\u0131 engelleyerek soru \u00f6nergelerimize zaman\u0131nda, do\u011fru ve doyurucu cevap vermemesinin nedeni nedir? 64 ve 65. h\u00fck\u00fcmetler d\u00f6neminde muhalefet partileri milletvekilleri taraf\u0131ndan TBMM Ba\u015fkanl\u0131\u011f\u0131 arac\u0131l\u0131\u011f\u0131yla cevapland\u0131r\u0131lmas\u0131 talebiyle verilen yaz\u0131l\u0131 ve soru \u00f6nergesi say\u0131s\u0131 ka\u00e7t\u0131r? Bu \u00f6nergelerde ka\u00e7 tanesi s\u00fcresi i\u00e7inde cevapland\u0131r\u0131lm\u0131\u015ft\u0131r?<\/li>\n<\/ul>\n<p>&nbsp;<\/p>\n<p>MERMER OCAKLARI SORU \u00d6NERGES\u0130 GELEN CEVAP<\/p>\n<p><a href=\"https:\/\/chpantalya.com\/wp-content\/uploads\/2016\/06\/MERMER-OCAKLARI-SORU-\u00d6NERGES\u0130-GELEN-CEVAP-1-1.jpg\" rel=\"attachment wp-att-11044\"><img loading=\"lazy\" class=\"alignnone size-full wp-image-11044\" src=\"https:\/\/chpantalya.com\/wp-content\/uploads\/2016\/06\/MERMER-OCAKLARI-SORU-\u00d6NERGES\u0130-GELEN-CEVAP-1-1.jpg\" alt=\"MERMER OCAKLARI SORU \u00d6NERGES\u0130 GELEN CEVAP (1)-1\" width=\"546\" height=\"768\" srcset=\"https:\/\/chpantalya.com\/wp-content\/uploads\/2016\/06\/MERMER-OCAKLARI-SORU-\u00d6NERGES\u0130-GELEN-CEVAP-1-1.jpg 546w, https:\/\/chpantalya.com\/wp-content\/uploads\/2016\/06\/MERMER-OCAKLARI-SORU-\u00d6NERGES\u0130-GELEN-CEVAP-1-1-299x420.jpg 299w\" sizes=\"(max-width: 546px) 100vw, 546px\" \/><\/a> <a href=\"https:\/\/chpantalya.com\/wp-content\/uploads\/2016\/06\/MERMER-OCAKLARI-SORU-\u00d6NERGES\u0130-GELEN-CEVAP-1-2.jpg\" rel=\"attachment wp-att-11045\"><img loading=\"lazy\" class=\"alignnone size-full wp-image-11045\" src=\"https:\/\/chpantalya.com\/wp-content\/uploads\/2016\/06\/MERMER-OCAKLARI-SORU-\u00d6NERGES\u0130-GELEN-CEVAP-1-2.jpg\" alt=\"MERMER OCAKLARI SORU \u00d6NERGES\u0130 GELEN CEVAP (1)-2\" width=\"546\" height=\"768\" srcset=\"https:\/\/chpantalya.com\/wp-content\/uploads\/2016\/06\/MERMER-OCAKLARI-SORU-\u00d6NERGES\u0130-GELEN-CEVAP-1-2.jpg 546w, https:\/\/chpantalya.com\/wp-content\/uploads\/2016\/06\/MERMER-OCAKLARI-SORU-\u00d6NERGES\u0130-GELEN-CEVAP-1-2-299x420.jpg 299w\" sizes=\"(max-width: 546px) 100vw, 546px\" \/><\/a><\/p>\n","protected":false},"excerpt":{"rendered":"<p>Devrim K\u00f6k, Antalya\u2019n\u0131n do\u011fas\u0131n\u0131 11 Milyon TL i\u00e7in katletmi\u015fler\u2026 CHP Parti Meclisi \u00dcyesi ve Antalya Milletvekili Devrim K\u00f6k, Antalya ilinde ve T\u00fcrkiye\u2019de mermer ve ta\u015f ocaklar\u0131 i\u00e7in\u00a0 hem Orman ve Su \u0130\u015fleri Bakanl\u0131\u011f\u0131na, hem de Enerji ve Tabii Kaynaklar Bakanl\u0131\u011f\u0131na 04.03.2016 tarihinde verdi\u011fi soru \u00f6nergelerine ilgili bakanl\u0131klar\u0131n cevap vermemesi \u00fczerine ayn\u0131 \u00f6nergeleri Bilgi Edinme Yasas\u0131 [&hellip;]<\/p>\n","protected":false},"author":1,"featured_media":11046,"comment_status":"open","ping_status":"open","sticky":false,"template":"","format":"standard","meta":[],"categories":[61,51],"tags":[],"amp_enabled":true,"_links":{"self":[{"href":"https:\/\/chpantalya.com\/index.php?rest_route=\/wp\/v2\/posts\/11043"}],"collection":[{"href":"https:\/\/chpantalya.com\/index.php?rest_route=\/wp\/v2\/posts"}],"about":[{"href":"https:\/\/chpantalya.com\/index.php?rest_route=\/wp\/v2\/types\/post"}],"author":[{"embeddable":true,"href":"https:\/\/chpantalya.com\/index.php?rest_route=\/wp\/v2\/users\/1"}],"replies":[{"embeddable":true,"href":"https:\/\/chpantalya.com\/index.php?rest_route=%2Fwp%2Fv2%2Fcomments&post=11043"}],"version-history":[{"count":0,"href":"https:\/\/chpantalya.com\/index.php?rest_route=\/wp\/v2\/posts\/11043\/revisions"}],"wp:featuredmedia":[{"embeddable":true,"href":"https:\/\/chpantalya.com\/index.php?rest_route=\/wp\/v2\/media\/11046"}],"wp:attachment":[{"href":"https:\/\/chpantalya.com\/index.php?rest_route=%2Fwp%2Fv2%2Fmedia&parent=11043"}],"wp:term":[{"taxonomy":"category","embeddable":true,"href":"https:\/\/chpantalya.com\/index.php?rest_route=%2Fwp%2Fv2%2Fcategories&post=11043"},{"taxonomy":"post_tag","embeddable":true,"href":"https:\/\/chpantalya.com\/index.php?rest_route=%2Fwp%2Fv2%2Ftags&post=11043"}],"curies":[{"name":"wp","href":"https:\/\/api.w.org\/{rel}","templated":true}]}}