{"id":11050,"date":"2016-06-21T16:05:09","date_gmt":"2016-06-21T13:05:09","guid":{"rendered":"http:\/\/chpantalya.com\/?p=11050"},"modified":"2016-06-21T16:05:09","modified_gmt":"2016-06-21T13:05:09","slug":"chp-saglik-komisyonunun-2-saglik-calistaylariantalyada-gerceklesti","status":"publish","type":"post","link":"https:\/\/chpantalya.com\/?p=11050","title":{"rendered":"CHP Sa\u011fl\u0131k Komisyonu\u2019nun \u2018\u20192.Sa\u011fl\u0131k \u00c7al\u0131\u015ftaylar\u0131\u2019\u2019Antalya\u2019da ger\u00e7ekle\u015fti"},"content":{"rendered":"<p><strong>CHP Sa\u011fl\u0131k Komisyonu\u2019nun d\u00fczenledi\u011fi \u2018\u2019Sa\u011fl\u0131k \u00c7al\u0131\u015ftaylar\u0131 Dizisi\u2019\u2019nin 2.si Antalya\u2019da ger\u00e7ekle\u015fti.<\/strong><\/p>\n<p>CHP Sa\u011fl\u0131k Sistemi, Hastaneler ile Hasta ve Engelli Haklar\u0131n\u0131 \u0130nceleme ve \u0130zleme Komisyonu, ilkini Bursa\u2019da d\u00fczenledi\u011fi Sa\u011fl\u0131k \u00c7al\u0131\u015ftaylar\u0131 Dizisi\u2019nin ikincisini komisyon \u00fcyesi Antalya Milletvekili Dr. Niyazi Nefi Kara\u2019n\u0131n organizat\u00f6rl\u00fc\u011f\u00fcnde Antalya\u2019da ger\u00e7ekle\u015ftirdi. Antalya Tabip Odas\u0131, Antalya Eczac\u0131 Odas\u0131, Antalya Medikalciler Derne\u011fi, SES Antalya \u015eubesi, T\u00fcrk Sa\u011fl\u0131k Sen Antalya \u015eubesi ve Genel sa\u011fl\u0131k \u0130\u015f Antalya \u015eubesi ile Mersin, Adana, Burdur-Isparta ve Mu\u011fla Tabip Odalar\u0131 Temsilcileri ile TTB Merkez Konseyi ad\u0131na Dr. Fatih S\u00fcrenk\u00f6k\u2019\u00fcn kat\u0131ld\u0131\u011f\u0131 toplant\u0131 Antalya Su Hotel\u2019de ger\u00e7ekle\u015fti.<\/p>\n<p>CHP Sa\u011fl\u0131k Komisyonu \u00fcyelerinden Antalya Milletvekili Dr. Niyazi Nefi Kara\u2019n\u0131n organizasyonu ile d\u00fczenlenen toplant\u0131ya Komisyon ba\u015fkan\u0131 Mu\u011fla Milletvekili Prof. Dr. Nurettin Demir ve komisyon \u00fcyeleri \u0130stanbul Milletvekili Dr. Ali \u015eeker, Kayseri Milletvekili Dr. \u00c7etin Ar\u0131k, Bursa Milletvekilleri Dr. Ceyhun \u0130rgil ve Eczac\u0131 Erkan Ayd\u0131n ile Antalya\u2019n\u0131n hekim milletvekillerinden Prof. Dr. Mustafa Akayd\u0131n kat\u0131ld\u0131.<\/p>\n<p><strong>Sa\u011fl\u0131k Sisteminin Sorunlar\u0131 Masaya Yat\u0131r\u0131ld\u0131<\/strong><\/p>\n<p>T\u00fcrkiye\u2019deki sa\u011fl\u0131k sisteminin sorunlar\u0131n\u0131n masaya yat\u0131r\u0131lmas\u0131 ve ortak bir dil ile \u00e7\u00f6z\u00fcm \u00f6nerilerinin ortaya konulmas\u0131 amac\u0131yla d\u00fczenlenen toplant\u0131da odalar ve sendikalar haz\u0131rlad\u0131klar\u0131 kapsaml\u0131 sunu\u015flar\u0131 milletvekilleri ile payla\u015ft\u0131lar.<\/p>\n<p>Toplant\u0131n\u0131n a\u00e7\u0131l\u0131\u015f\u0131nda k\u0131sa s\u00f6z alan Antalya Tabip Odas\u0131 Ba\u015fkan\u0131 Dr. Adnan \u0130\u015f, CHP\u2019ye kendilerine bu imkan\u0131 sundu\u011fu i\u00e7in te\u015fekk\u00fcr ederken, AKP\u2019nin sa\u011fl\u0131kta d\u00f6n\u00fc\u015f\u00fcm projesinin hem sa\u011fl\u0131k \u00e7al\u0131\u015fanlar\u0131na hem de vatanda\u015fa iyi gelmedi\u011fini belirterek sistemin kamucu bir anlay\u0131\u015f ile uzun ve k\u0131sa vadeli \u00e7\u00f6z\u00fcmler ortaya koymas\u0131 gerekti\u011fini vurgulad\u0131.<\/p>\n<p><strong>H\u00fck\u00fcmetin \u0130\u00e7erisinde Bulundu\u011fu Krizden Sa\u011fl\u0131kta Pay\u0131n\u0131 Al\u0131yor<\/strong><\/p>\n<p>CHP Sa\u011fl\u0131k Komisyonu Ba\u015fkan\u0131 Mu\u011fla Milletvekili Prof. Dr. Nurettin Demir yapt\u0131\u011f\u0131 konu\u015fmada T\u00fcrkiye\u2019nin ve H\u00fck\u00fcmetin i\u00e7erisinde bulundu\u011fu krizden sa\u011fl\u0131k sekt\u00f6r\u00fcn\u00fcn de pay\u0131na d\u00fc\u015feni ald\u0131\u011f\u0131n\u0131 ve sistemin her ge\u00e7en g\u00fcn daha da k\u00f6t\u00fcye gitti\u011fini s\u00f6yledi. Bu fa\u015fizan uygulamalara kar\u015f\u0131 hep birlikte iyi hekimlik ve toplum sa\u011fl\u0131\u011f\u0131 ad\u0131na m\u00fccadele edilmesinin gereklili\u011finin alt\u0131n\u0131 \u00e7izdi.<\/p>\n<p><strong>Hekimlik G\u00f6revi G\u00fcncel Politikaya Malzeme Yap\u0131lmamal\u0131<\/strong><\/p>\n<p>CHP Antalya Milletvekili Dr. Niyazi Nefi Kara ise CHP\u2019nin yapt\u0131\u011f\u0131 bu toplant\u0131lar\u0131n E\u015fit, Nitelikli, Ula\u015f\u0131labilir ve \u00dccretsiz bir sa\u011fl\u0131k sistemini, sa\u011fl\u0131\u011f\u0131n t\u00fcm bile\u015fenlerinin kat\u0131l\u0131m\u0131 ile ger\u00e7ekle\u015ftirmeyi ama\u00e7lad\u0131\u011f\u0131n\u0131 belirterek, k\u0131sa s\u00fcre \u00f6nce ger\u00e7ekle\u015ftirdi\u011fi K\u00fcba ziyaretinden \u00f6rnekler vererek daha iyi bir sa\u011fl\u0131k sisteminin imk\u00e2ns\u0131z olmad\u0131\u011f\u0131n\u0131 s\u00f6yledi. Hekimler i\u00e7in insan ve ya\u015fam hakk\u0131ndan \u00f6te bir \u015fey olmad\u0131\u011f\u0131n\u0131 vurgulayan Kara, sa\u011fl\u0131k sisteminin ve hekimlik g\u00f6revinin g\u00fcncel politikaya malzeme yap\u0131lmas\u0131n\u0131n do\u011fru olmad\u0131\u011f\u0131n\u0131 ifade etti.<\/p>\n<p>Toplant\u0131da konu\u015fan \u0130stanbul Milletvekili Dr. Ali \u015eeker de, AKP iktidar\u0131n\u0131n hekimli\u011fi par\u00e7alayarak yok etmek istedi\u011fini, buna kar\u015f\u0131 hep birlikte m\u00fccadele edilmesi gerekti\u011fini belirtti.<\/p>\n<p><strong>\u00c7al\u0131\u015ftaylar T\u00fcm B\u00f6lgelerde Devam Edecek<\/strong><\/p>\n<p>Oda ve Sendika temsilcilerinin de g\u00f6r\u00fc\u015flerini aktard\u0131\u011f\u0131 \u00e7al\u0131\u015ftayda, AKP iktidar\u0131n\u0131n sa\u011fl\u0131kta d\u00f6n\u00fc\u015f\u00fcm projesi ile sa\u011fl\u0131kta yeni sorunlar yaratt\u0131\u011f\u0131, sa\u011fl\u0131kta artan \u015fiddete kar\u015f\u0131 AKP\u2019nin sessiz kald\u0131\u011f\u0131, \u015fehir hastaneleri projelerinin sistemde daha b\u00fcy\u00fck t\u0131kan\u0131kl\u0131klar yarataca\u011f\u0131, sa\u011fl\u0131kta \u00f6zelle\u015ftirmenin durdurulmas\u0131 gerekti\u011fi gibi temel sorunlar masaya yat\u0131r\u0131ld\u0131.<\/p>\n<p>Bu \u00e7al\u0131\u015ftaylar\u0131n di\u011fer b\u00f6lgelerde de devam edece\u011fini belirten komisyon \u00fcyeleri b\u00f6lge \u00e7al\u0131\u015ftaylar\u0131n\u0131n sonucunda AKP\u2019nin sa\u011fl\u0131k politikalar\u0131na alternatif bir sa\u011fl\u0131k program\u0131n\u0131n a\u00e7\u0131klanaca\u011f\u0131n\u0131 bildirdi.<\/p>\n","protected":false},"excerpt":{"rendered":"<p>CHP Sa\u011fl\u0131k Komisyonu\u2019nun d\u00fczenledi\u011fi \u2018\u2019Sa\u011fl\u0131k \u00c7al\u0131\u015ftaylar\u0131 Dizisi\u2019\u2019nin 2.si Antalya\u2019da ger\u00e7ekle\u015fti. CHP Sa\u011fl\u0131k Sistemi, Hastaneler ile Hasta ve Engelli Haklar\u0131n\u0131 \u0130nceleme ve \u0130zleme Komisyonu, ilkini Bursa\u2019da d\u00fczenledi\u011fi Sa\u011fl\u0131k \u00c7al\u0131\u015ftaylar\u0131 Dizisi\u2019nin ikincisini komisyon \u00fcyesi Antalya Milletvekili Dr. Niyazi Nefi Kara\u2019n\u0131n organizat\u00f6rl\u00fc\u011f\u00fcnde Antalya\u2019da ger\u00e7ekle\u015ftirdi. Antalya Tabip Odas\u0131, Antalya Eczac\u0131 Odas\u0131, Antalya Medikalciler Derne\u011fi, SES Antalya \u015eubesi, T\u00fcrk Sa\u011fl\u0131k [&hellip;]<\/p>\n","protected":false},"author":1,"featured_media":11051,"comment_status":"open","ping_status":"open","sticky":false,"template":"","format":"standard","meta":[],"categories":[35,50],"tags":[],"amp_enabled":true,"_links":{"self":[{"href":"https:\/\/chpantalya.com\/index.php?rest_route=\/wp\/v2\/posts\/11050"}],"collection":[{"href":"https:\/\/chpantalya.com\/index.php?rest_route=\/wp\/v2\/posts"}],"about":[{"href":"https:\/\/chpantalya.com\/index.php?rest_route=\/wp\/v2\/types\/post"}],"author":[{"embeddable":true,"href":"https:\/\/chpantalya.com\/index.php?rest_route=\/wp\/v2\/users\/1"}],"replies":[{"embeddable":true,"href":"https:\/\/chpantalya.com\/index.php?rest_route=%2Fwp%2Fv2%2Fcomments&post=11050"}],"version-history":[{"count":0,"href":"https:\/\/chpantalya.com\/index.php?rest_route=\/wp\/v2\/posts\/11050\/revisions"}],"wp:featuredmedia":[{"embeddable":true,"href":"https:\/\/chpantalya.com\/index.php?rest_route=\/wp\/v2\/media\/11051"}],"wp:attachment":[{"href":"https:\/\/chpantalya.com\/index.php?rest_route=%2Fwp%2Fv2%2Fmedia&parent=11050"}],"wp:term":[{"taxonomy":"category","embeddable":true,"href":"https:\/\/chpantalya.com\/index.php?rest_route=%2Fwp%2Fv2%2Fcategories&post=11050"},{"taxonomy":"post_tag","embeddable":true,"href":"https:\/\/chpantalya.com\/index.php?rest_route=%2Fwp%2Fv2%2Ftags&post=11050"}],"curies":[{"name":"wp","href":"https:\/\/api.w.org\/{rel}","templated":true}]}}