{"id":11097,"date":"2016-06-30T13:26:38","date_gmt":"2016-06-30T10:26:38","guid":{"rendered":"http:\/\/chpantalya.com\/?p=11097"},"modified":"2016-06-30T13:26:38","modified_gmt":"2016-06-30T10:26:38","slug":"budak-elektrikte-kayip-kacak-duzenlemesini-anayasa-mahkemesine-tasiyacagiz","status":"publish","type":"post","link":"https:\/\/chpantalya.com\/?p=11097","title":{"rendered":"BUDAK: \u201cELEKTR\u0130KTE KAYIP KA\u00c7AK D\u00dcZENLEMES\u0130N\u0130 ANAYASA MAHKEMES\u0130\u2019NE TA\u015eIYACA\u011eIZ\u201d"},"content":{"rendered":"<p>&nbsp;<\/p>\n<p><strong>\u00a0 \u00a0 \u00a0 \u00a0 \u00a0CHP Genel Ba\u015fkan Yard\u0131mc\u0131s\u0131 \u00c7etin Osman Budak, elektrikte kay\u0131p-ka\u00e7ak tahsilat\u0131n\u0131n s\u00fcrd\u00fcr\u00fclmesi, bedellerle ilgili t\u00fcketici mahkemelerine yap\u0131lacak ba\u015fvurular\u0131n engellenmesini d\u00fczenleyen kanunun iptali i\u00e7in CHP olarak Anayasa Mahkemesi\u2019ne ba\u015fvuracaklar\u0131n\u0131 bildirdi. Budak, \u201cD\u00fczenleme bir \u00e7ok y\u00f6nden Anayasa\u2019ya ayk\u0131r\u0131l\u0131klar i\u00e7eriyor\u201d dedi.<\/strong><\/p>\n<p><strong>\u00a0<\/strong><\/p>\n<p><strong>\u00a0\u00a0\u00a0\u00a0\u00a0\u00a0\u00a0\u00a0\u00a0\u00a0\u00a0 <\/strong>CHP Genel Ba\u015fkan Yard\u0131mc\u0131s\u0131 ve Antalya Milletvekili \u00c7etin Osman Budak, Elektrik M\u00fchendisleri Odas\u0131 (EMO) Y\u00f6netim Kurulu Ba\u015fkan\u0131 H\u00fcseyin Ye\u015fil, Y\u00f6netim Kurulu \u00dcyeleri \u0130brahim Aks\u00f6z, H\u00fcseyin \u00d6nder, Kadir \u00d6zkan, EMO Antalya \u015eube Y\u00f6netim Kurulu Ba\u015fkan\u0131 \u0130lhan Metin ve EMO Hukuk M\u00fc\u015faviri Hayati K\u00fc\u00e7\u00fck ile TBMM\u2019de bir g\u00f6r\u00fc\u015fme yapt\u0131. EMO Y\u00f6netim Kurulu Ba\u015fkan\u0131 H\u00fcseyin Ye\u015fil, 6719 say\u0131l\u0131 Elektrik Piyasas\u0131 Kanunu ile Baz\u0131 Kanunlarda De\u011fi\u015fiklik Yap\u0131lmas\u0131na Dair Kanun\u2019un Anayasa\u2019ya ayk\u0131r\u0131l\u0131klar\u0131na ili\u015fkin haz\u0131rlad\u0131klar\u0131 raporu payla\u015ft\u0131. Ye\u015fil, ayr\u0131ca yabanc\u0131 m\u00fchendislerin T\u00fcrkiye\u2019de \u00e7al\u0131\u015fmalar\u0131n\u0131n kolayla\u015ft\u0131r\u0131lmas\u0131 ve bu konuda m\u00fchendis odalar\u0131n\u0131n devre d\u0131\u015f\u0131 b\u0131rak\u0131lmas\u0131n\u0131 \u00f6ng\u00f6ren tasar\u0131ya da kar\u015f\u0131 olduklar\u0131n\u0131 bildirdi.<\/p>\n<p><strong>KAYIP KA\u00c7AK ANAYASA\u2019YA AYKIRI<\/strong><\/p>\n<p>Budak, s\u00f6z konusu 6719 say\u0131l\u0131 Kanun\u2019un, kay\u0131p-ka\u00e7ak ile birlikte\u00a0 bir \u00e7ok h\u00fckm\u00fcn\u00fcn Anayasa\u2019ya ayk\u0131r\u0131l\u0131klar i\u00e7erdi\u011fini, CHP olarak kanunu Anayasa Mahkemesi\u2019ne ta\u015f\u0131yacaklar\u0131n\u0131 s\u00f6yledi. Budak, \u201cBu kanun gerek i\u00e7eri\u011fi, gerek yasala\u015fma bi\u00e7imiyle ciddi hukuksuzluklar ta\u015f\u0131yor. \u00d6nce H\u00fck\u00fcmet\u2019ten bir tasar\u0131 geldi, sonra benzer h\u00fck\u00fcmler ta\u015f\u0131yan bir teklif yang\u0131ndan mal ka\u00e7\u0131r\u0131r gibi TBMM\u2019ye getirildi. H\u00fck\u00fcmetin tasar\u0131s\u0131 yerine, AKP\u2019li vekillerin teklifi esas al\u0131nd\u0131 ve CHP Grubu\u2019nun hakl\u0131 itirazlar\u0131na ra\u011fmen yasala\u015ft\u0131r\u0131ld\u0131\u201d dedi.<\/p>\n<p>Kay\u0131p-ka\u00e7ak konusunda yarg\u0131n\u0131n kesinle\u015fmi\u015f \u00e7ok say\u0131da karar\u0131 bulundu\u011funu, d\u00fczenleme ile t\u00fcm kararlar\u0131n ge\u00e7ersiz k\u0131l\u0131nd\u0131\u011f\u0131na dikkat \u00e7eken Budak, \u201cKay\u0131p ka\u00e7ak bedelinin hukuksuzlu\u011fu, bu \u00fclkenin en \u00fcst yarg\u0131 kurumlar\u0131nca tescil edilmi\u015ftir. Ama AKP H\u00fck\u00fcmeti, TBMM\u2019deki \u00e7o\u011funlu\u011funa dayanarak, yarg\u0131y\u0131 yok say\u0131yor, baypas ediyor. \u015eirketlerin kendi sorumluluklar\u0131n\u0131 yerine getirmesi gerekirken, yurtta\u015flar cezaland\u0131r\u0131l\u0131yor. CHP Grup Y\u00f6netimimiz ve hukuk\u00e7ular\u0131m\u0131z \u00e7al\u0131\u015f\u0131yor. Elektrik M\u00fchendisleri Odas\u0131\u2019n\u0131n da saptamalar\u0131ndan yararlanarak, kanunu Anayasa Mahkemesi\u2019ne ta\u015f\u0131yaca\u011f\u0131z. Hukuk devleti ilkesine, mahkemelerin ba\u011f\u0131ms\u0131zl\u0131\u011f\u0131 ilkesine a\u00e7\u0131k\u00e7a ayk\u0131r\u0131 olan bu kanunun iptal edilece\u011fini d\u00fc\u015f\u00fcn\u00fcyorum\u201d dedi.<\/p>\n<p><strong>ODALAR H\u00dcK\u00dcMET\u0130N HEDEF\u0130NDE<\/strong><\/p>\n<p>Budak, H\u00fck\u00fcmet\u2019in yabanc\u0131 m\u00fchendislere \u00e7al\u0131\u015fma izni verilmesinde T\u00fcrkiye Mimar M\u00fchendis Odalar\u0131 Birli\u011fi\u2019nin (TMMOB) tamamen devre d\u0131\u015f\u0131 b\u0131rak\u0131lmas\u0131n\u0131 da \u00f6ng\u00f6ren \u201cUluslararas\u0131 \u0130\u015fg\u00fcc\u00fc Kanunu Tasar\u0131s\u0131\u201dn\u0131n da takip\u00e7isi olacaklar\u0131n\u0131 vurgularken, \u201cAKP H\u00fck\u00fcmeti muhalefet istemiyor. Sivil toplum \u00f6rg\u00fctleri, sendikalar susturuldu. M\u00fchendis meslek odalar\u0131yla, birka\u00e7 odan\u0131n ve sendikan\u0131n sesi \u00e7\u0131k\u0131yor. Bu nedenle de H\u00fck\u00fcmet taraf\u0131ndan hedef tahtas\u0131 yap\u0131l\u0131yor. Daha etkin bir m\u00fccadele zorunlu. T\u00fcrkiye nefes al\u0131namaz bir noktaya s\u00fcr\u00fckleniyor\u201d dedi.<\/p>\n<p><a href=\"https:\/\/chpantalya.com\/wp-content\/uploads\/2016\/06\/06.28-EMO-3.jpg\" rel=\"attachment wp-att-11098\"><img loading=\"lazy\" class=\"alignnone size-full wp-image-11098\" src=\"https:\/\/chpantalya.com\/wp-content\/uploads\/2016\/06\/06.28-EMO-3.jpg\" alt=\"06.28 EMO 3\" width=\"2048\" height=\"1152\" srcset=\"https:\/\/chpantalya.com\/wp-content\/uploads\/2016\/06\/06.28-EMO-3.jpg 2048w, https:\/\/chpantalya.com\/wp-content\/uploads\/2016\/06\/06.28-EMO-3-768x432.jpg 768w, https:\/\/chpantalya.com\/wp-content\/uploads\/2016\/06\/06.28-EMO-3-1536x864.jpg 1536w, https:\/\/chpantalya.com\/wp-content\/uploads\/2016\/06\/06.28-EMO-3-696x392.jpg 696w, https:\/\/chpantalya.com\/wp-content\/uploads\/2016\/06\/06.28-EMO-3-1068x601.jpg 1068w, https:\/\/chpantalya.com\/wp-content\/uploads\/2016\/06\/06.28-EMO-3-747x420.jpg 747w\" sizes=\"(max-width: 2048px) 100vw, 2048px\" \/><\/a><\/p>\n","protected":false},"excerpt":{"rendered":"<p>&nbsp; \u00a0 \u00a0 \u00a0 \u00a0 \u00a0CHP Genel Ba\u015fkan Yard\u0131mc\u0131s\u0131 \u00c7etin Osman Budak, elektrikte kay\u0131p-ka\u00e7ak tahsilat\u0131n\u0131n s\u00fcrd\u00fcr\u00fclmesi, bedellerle ilgili t\u00fcketici mahkemelerine yap\u0131lacak ba\u015fvurular\u0131n engellenmesini d\u00fczenleyen kanunun iptali i\u00e7in CHP olarak Anayasa Mahkemesi\u2019ne ba\u015fvuracaklar\u0131n\u0131 bildirdi. Budak, \u201cD\u00fczenleme bir \u00e7ok y\u00f6nden Anayasa\u2019ya ayk\u0131r\u0131l\u0131klar i\u00e7eriyor\u201d dedi. \u00a0 \u00a0\u00a0\u00a0\u00a0\u00a0\u00a0\u00a0\u00a0\u00a0\u00a0\u00a0 CHP Genel Ba\u015fkan Yard\u0131mc\u0131s\u0131 ve Antalya Milletvekili \u00c7etin Osman Budak, Elektrik [&hellip;]<\/p>\n","protected":false},"author":1,"featured_media":11099,"comment_status":"open","ping_status":"open","sticky":false,"template":"","format":"standard","meta":[],"categories":[52,35],"tags":[],"amp_enabled":true,"_links":{"self":[{"href":"https:\/\/chpantalya.com\/index.php?rest_route=\/wp\/v2\/posts\/11097"}],"collection":[{"href":"https:\/\/chpantalya.com\/index.php?rest_route=\/wp\/v2\/posts"}],"about":[{"href":"https:\/\/chpantalya.com\/index.php?rest_route=\/wp\/v2\/types\/post"}],"author":[{"embeddable":true,"href":"https:\/\/chpantalya.com\/index.php?rest_route=\/wp\/v2\/users\/1"}],"replies":[{"embeddable":true,"href":"https:\/\/chpantalya.com\/index.php?rest_route=%2Fwp%2Fv2%2Fcomments&post=11097"}],"version-history":[{"count":0,"href":"https:\/\/chpantalya.com\/index.php?rest_route=\/wp\/v2\/posts\/11097\/revisions"}],"wp:featuredmedia":[{"embeddable":true,"href":"https:\/\/chpantalya.com\/index.php?rest_route=\/wp\/v2\/media\/11099"}],"wp:attachment":[{"href":"https:\/\/chpantalya.com\/index.php?rest_route=%2Fwp%2Fv2%2Fmedia&parent=11097"}],"wp:term":[{"taxonomy":"category","embeddable":true,"href":"https:\/\/chpantalya.com\/index.php?rest_route=%2Fwp%2Fv2%2Fcategories&post=11097"},{"taxonomy":"post_tag","embeddable":true,"href":"https:\/\/chpantalya.com\/index.php?rest_route=%2Fwp%2Fv2%2Ftags&post=11097"}],"curies":[{"name":"wp","href":"https:\/\/api.w.org\/{rel}","templated":true}]}}