{"id":11579,"date":"2016-10-17T15:32:24","date_gmt":"2016-10-17T12:32:24","guid":{"rendered":"http:\/\/chpantalya.com\/?p=11579"},"modified":"2018-07-18T21:10:32","modified_gmt":"2018-07-18T18:10:32","slug":"kok-dgs-magdur-olan-ogrencilerin-sorunlarini-tbmme-tasidi","status":"publish","type":"post","link":"https:\/\/chpantalya.com\/?p=11579","title":{"rendered":"K\u00d6K DGS ma\u011fdur olan \u00f6\u011frencilerin sorunlar\u0131n\u0131 TBMM&#8217;e ta\u015f\u0131d\u0131"},"content":{"rendered":"<p>CHP Antalya Milletvekili ve PM \u00fcyesi K\u00f6k, \u00d6SYM\u2019nin bu g\u00fcne kadar yapt\u0131\u011f\u0131 hatalara bir yenisini daha ekledi\u011fini belirterek DGS ( Dikey Ge\u00e7i\u015f S\u0131nav\u0131) s\u0131nav\u0131na giren binlerce \u00f6\u011frenci \u00d6SYM\u2019 nin vurdum duymazl\u0131\u011f\u0131 nedeniyle ma\u011fdur edildi.<\/p>\n<p>Olayla ilgili olarak Antalya ve T\u00fcrkiye\u2019nin \u00e7e\u015fitli yerlerinden onlarca \u015fikayet geldi\u011fini ifade eden K\u00f6k, konunun a\u00e7\u0131\u011fa \u00e7\u0131kmas\u0131 i\u00e7in Milli E\u011fitim Bakan\u0131 \u0130smet Y\u0131lmaz\u2019\u0131n yan\u0131tlamas\u0131 talebiyle soru \u00f6nergesi verdi. 2016\u2019da\u00a0 DGS ye ba\u015fvuran yakla\u015f\u0131k\u00a0 380 bin aday\u0131n \u00d6SYM taraf\u0131ndan ma\u011fdur edildi\u011fini belirtti.<\/p>\n<p>K\u00f6k, s\u0131nava giren \u00f6\u011frencilerin ki\u015fi ba\u015f\u0131na 80 TL \u00f6deyerek girdi\u011fi bu s\u0131nava itiraz edenler, tercih sonu\u00e7lar\u0131 a\u00e7\u0131klanmadan\u00a0 bunlara bakarak tekrar tercih yapabilmesine olanak tan\u0131nd\u0131. Nedeni bilinmeyen bir \u015fekilde \u00d6SYM sitesinde taban ve taban puanlar\u0131n\u0131n yer ald\u0131\u011f\u0131 liste payla\u015f\u0131ld\u0131. Taban ve tavan puanlar\u0131n\u0131n \u00d6SYM sitesinden s\u0131zd\u0131r\u0131lmas\u0131 nedeniyle baz\u0131 \u00f6\u011frenciler itiraz etti. \u0130tiraz etmesi nedeniyle puan\u0131 y\u00fckselen ve d\u00fc\u015fen bir \u00e7ok aday di\u011fer adaylar\u0131n aksine tekrar tercihte bulundu. B\u00f6ylece \u00a0bu s\u0131z\u0131nt\u0131dan \u00f6nceden haberi olanlar ya da s\u0131z\u0131nt\u0131y\u0131 fark edenler nokta at\u0131\u015f\u0131 yaparak tercihte bulundular. Bu durum di\u011fer \u00f6\u011frencilerin hak kay\u0131plar\u0131na yol a\u00e7t\u0131.<\/p>\n<p>Bu g\u00fcne kadar bir \u00e7ok s\u0131navda ad\u0131 \u015faibelere kar\u0131\u015fan \u00d6SYM binlerce \u00f6\u011frenciyi ilgilendiren b\u00f6ylesine \u00f6nemli bir s\u0131navda ya\u015fanan\u00a0 bu olumsuz durum hakk\u0131nda da\u00a0 kamuoyuna bir a\u00e7\u0131klama yapmad\u0131\u011f\u0131 gibi Milli E\u011fitim Bakanl\u0131\u011f\u0131\u2019n\u0131n da konuyla ilgili ne yapt\u0131\u011f\u0131 bilinmiyor.<\/p>\n<p>S\u0131nav sonu\u00e7lar\u0131n\u0131n ge\u00e7 a\u00e7\u0131klanmas\u0131n\u0131n gerek\u00e7esi olarak da \u00d6SYM\u2019nin\u201d kitap\u00e7\u0131k sayfalar\u0131n\u0131n aras\u0131na \u201csilgi tozu\u201d ka\u00e7t\u0131\u011f\u0131n\u0131, bu sebeple de s\u0131navlar\u0131n okunma s\u00fcresinin uzad\u0131\u011f\u0131 \u201c iddialar\u0131 kabul edilebilir de\u011fildir. \u00d6SYM\u2019nin silgi tozu a\u00e7\u0131klamas\u0131 Bakanl\u0131k olarak ara\u015ft\u0131r\u0131lm\u0131\u015f m\u0131d\u0131r? Silgi tozunun kitap\u00e7\u0131lara ka\u00e7mas\u0131 s\u0131nav\u0131n okunmas\u0131na engel midir? Bu sorun t\u00fcm kitap\u00e7\u0131klarda ya\u015fanm\u0131\u015f m\u0131d\u0131r ? Bu sorunun ya\u015fand\u0131\u011f\u0131 kitap\u00e7\u0131k say\u0131s\u0131 ka\u00e7t\u0131r? Bu durum ka\u00e7 adaya bildirilmi\u015ftir? belli de\u011fil.<\/p>\n<p>K\u00f6k, hi\u00e7bir \u00f6\u011frenciyi zan alt\u0131nda b\u0131rakmak amac\u0131nda olmad\u0131\u011f\u0131n\u0131 k\u0131lavuzun yay\u0131nlanmas\u0131n\u0131n \u00d6SYM\u2019nin hatas\u0131 oldu\u011funu, k\u0131lavuzdan haberi olanlar\u0131n itiraz ettiklerini, baz\u0131 itirazlar\u0131n ise kabul edilmedi\u011fini belirtti. S\u0131nava giren bir \u00f6\u011frencinin \u00d6SYM sitesinden taban ve tavan puanlar\u0131n\u0131 g\u00f6rm\u00fc\u015f olmas\u0131, yapaca\u011f\u0131 tercihi i\u00e7in kendisine avantaj sa\u011flamas\u0131 di\u011fer adaylar\u0131n\u00a0 ma\u011fduriyetine sebep olmas\u0131 anlam\u0131na gelir. Bu nedenle kendisine gelen \u015fikayetleri kamuoyunun g\u00fcndemine ta\u015f\u0131d\u0131\u011f\u0131n\u0131 belirtti.<\/p>\n<p>\u00d6nergesinde, 14 Ekim tarihinde \u00d6SYM&#8217;nin sitesinden taban ve tavan puanlar\u0131n yazd\u0131\u011f\u0131 pdf&#8217;i g\u00f6steren k\u0131lavuzun linkinin payla\u015f\u0131lmas\u0131n\u0131n nedeni nedir? Bu payla\u015f\u0131m\u0131n bulunulmas\u0131nda ihmal var m\u0131d\u0131r? Var ise bu ihmalin sorumlular\u0131 tespit edilmi\u015f midir? diye soran K\u00f6k, tavan ve taban puanlar\u0131n s\u0131zd\u0131r\u0131lmas\u0131ndan sonra tercih yapan \u00f6\u011frenci say\u0131s\u0131n\u0131 ve\u00a0 bu ki\u015filerden istedikleri b\u00f6l\u00fcme giren \u00f6\u011frenci say\u0131s\u0131n\u0131 sordu. K\u00f6k, bu durum nedeniyle hak etmedi\u011fi halde s\u0131rf \u00d6SYM nin taban ve tavan puanlar\u0131n\u0131 s\u0131zd\u0131rmas\u0131 nedeniyle sadece bu puanlar\u0131 g\u00f6ren \u00f6\u011frencilerin\u00a0 istedikleri b\u00f6l\u00fcme girmeleri nedeniyle ma\u011fdur edilen di\u011fer \u00f6\u011frenciler i\u00e7in Bakanl\u0131k olarak ne yapacaks\u0131n\u0131z? Bu \u00f6\u011frencilere de tekrar itiraz ve se\u00e7im hakk\u0131 tan\u0131nacak m\u0131d\u0131r? diye sordu.<\/p>\n<p>&nbsp;<\/p>\n<p>\u2026\u2026\u2026\u2026<\/p>\n<p>&nbsp;<\/p>\n<p>&nbsp;<\/p>\n<p>T\u00dcRK\u0130YE B\u00dcY\u00dcK M\u0130LLET MECL\u0130S\u0130 BA\u015eKANLI\u011eINA<\/p>\n<p>A\u015fa\u011f\u0131daki sorular\u0131m\u0131n Milli E\u011fitim Bakan\u0131 Say\u0131n \u0130smet YILMAZ taraf\u0131ndan yaz\u0131l\u0131 olarak yan\u0131tlanmas\u0131n\u0131 arz ederim.17.10.2016<\/p>\n<p>&nbsp;<\/p>\n<p>Devrim K\u00d6K<\/p>\n<p>Antalya Milletvekili<\/p>\n<p>&nbsp;<\/p>\n<ul>\n<li>27 Temmuz 2016\u2019da ger\u00e7ekle\u015ftirilmesi planlanan ve 15 Temmuz darbe giri\u015fimi sebebiyle 21 A\u011fustos 2016 tarihine ertelenen DGS (Dikey Ge\u00e7i\u015f S\u0131nav\u0131)\u2019na kat\u0131lan \u00f6\u011frenci say\u0131s\u0131 ve s\u0131nav\u0131 kazanan \u00f6\u011frenci say\u0131s\u0131 ka\u00e7 ki\u015fidir? Bu s\u0131navlar i\u00e7in her \u00f6\u011frencinin bireysel olarak \u00f6dedi\u011fi \u00fccret ve \u00d6SYM\u2019nin bu s\u0131nav nedeniyle elde etti\u011fi gelir ne kadard\u0131r?<\/li>\n<\/ul>\n<ul>\n<li>S\u0131nav sonu\u00e7lar\u0131n\u0131n s\u0131nav yap\u0131ld\u0131ktan 34 g\u00fcn sonra a\u00e7\u0131klanmas\u0131n\u0131n nedeni nedir? Bu s\u0131na sonu\u00e7lar\u0131na itiraz eden \u00f6\u011frenci say\u0131s\u0131 ka\u00e7 ki\u015fidir? Bu ki\u015filerden ka\u00e7\u0131n\u0131n itiraz\u0131 kabul edilmi\u015ftir? \u0130tiraz\u0131 kabul edilmeyen ki\u015fi say\u0131s\u0131 ve gerek\u00e7esi nedir? Bu itirazlar\u0131 nedeniyle tekrar tercih yapma hakk\u0131 sa\u011flayan ki\u015fi say\u0131s\u0131 ka\u00e7 ki\u015fidir?<\/li>\n<\/ul>\n<ul>\n<li>Kamuoyunda taban ve tavan puanlar\u0131n\u0131n \u00d6SYM sitesinden s\u0131zd\u0131r\u0131ld\u0131\u011f\u0131 iddialar\u0131 do\u011fru mudur? Do\u011fru ise bu s\u0131zd\u0131rman\u0131n nedeni ve sorumlular\u0131 kimlerdir? Bakanl\u0131k olarak bu s\u0131nava giren \u00f6\u011frencilerin hak kay\u0131plar\u0131n\u0131 ve ma\u011fduriyetlerini nas\u0131l \u00a0gidereceksiniz?<\/li>\n<\/ul>\n<ul>\n<li>S\u0131nav sonu\u00e7lar\u0131n\u0131 ge\u00e7 a\u00e7\u0131klanmas\u0131n\u0131n gerek\u00e7esi olarak \u00d6SYM\u2019nin\u201d kitap\u00e7\u0131k sayfalar\u0131n\u0131n aras\u0131na \u201csilgi tozu\u201d ka\u00e7t\u0131\u011f\u0131n\u0131, bu sebeple de s\u0131navlar\u0131n okunma s\u00fcresinin uzad\u0131\u011f\u0131 \u201c iddialar\u0131n\u0131n do\u011frulu\u011fu Bakanl\u0131k olarak ara\u015ft\u0131r\u0131lm\u0131\u015f m\u0131d\u0131r? Silgi tozunun kitap\u00e7\u0131lara ka\u00e7mas\u0131 s\u0131nav\u0131n okunmas\u0131na engel midir? Bu sorun t\u00fcm kitap\u00e7\u0131klarda ya\u015fanm\u0131\u015f m\u0131d\u0131r ? Bu sorunun ya\u015fand\u0131\u011f\u0131 kitap\u00e7\u0131k say\u0131s\u0131 ka\u00e7t\u0131r? Bu durum ka\u00e7 adaya bildirilmi\u015ftir?<\/li>\n<\/ul>\n<ul>\n<li>S\u0131nav sonu\u00e7lar\u0131 a\u00e7\u0131klanmadan 14 Ekim tarihinde \u00d6SYM&#8217;nin sitesinden taban ve tavan puanlar\u0131n yazd\u0131\u011f\u0131 pdf&#8217;i g\u00f6steren k\u0131lavuzun linkinin payla\u015f\u0131lmas\u0131n\u0131n nedeni nedir? Bu payla\u015f\u0131m\u0131n bulunulmas\u0131nda ihmal var m\u0131d\u0131r? Var ise bu ihmalin sorumlular\u0131 tespit edilmi\u015f midir?<\/li>\n<\/ul>\n<ul>\n<li>S\u0131nava giren bir \u00f6\u011frencinin \u00d6SYM sitesinden taban ve tavan puanlar\u0131n\u0131 g\u00f6rm\u00fc\u015f olmas\u0131 yapaca\u011f\u0131 tercihi i\u00e7in avantaj sa\u011flam\u0131\u015f m\u0131d\u0131r? Bu durum di\u011fer adaylar\u0131n ma\u011fduriyetine sebep olmu\u015f mudur? Olmu\u015f ise ma\u011fdur olan \u00f6\u011frenci say\u0131s\u0131 ka\u00e7t\u0131r?<\/li>\n<\/ul>\n<ul>\n<li>Tavan ve taban puanlar\u0131n s\u0131zd\u0131r\u0131lmas\u0131ndan sonra tercih yapan \u00f6\u011frenci say\u0131s\u0131 ka\u00e7 ki\u015fidir? Bu ki\u015filerden istedikleri b\u00f6l\u00fcme giren \u00f6\u011frenci say\u0131s\u0131 ka\u00e7 ki\u015fidir? Bu durum nedeniyle hak etmedi\u011fi halde s\u0131rf \u00d6SYM nin taban ve tavan puanlar\u0131n\u0131 s\u0131zd\u0131rmas\u0131 nedeniyle sadece bu puanlar\u0131 g\u00f6ren \u00f6\u011frencilerin istedikleri b\u00f6l\u00fcme girmeleri nedeniyle ma\u011fdur edilen di\u011fer \u00f6\u011frenciler i\u00e7in Bakanl\u0131k olarak ne yapacaks\u0131n\u0131z? Bu \u00f6\u011frencilere de tekrar itiraz ve se\u00e7im hakk\u0131 tan\u0131nacak m\u0131d\u0131r?<\/li>\n<\/ul>\n<ul>\n<li>Bakanl\u0131k olarak binlerce \u00f6\u011frencimizin gelece\u011fini ilgilendiren bu s\u0131zd\u0131rmalar ile ilgili olarak a\u00e7t\u0131\u011f\u0131n\u0131z herhangi bir soru\u015fturma a\u00e7\u0131lm\u0131\u015f m\u0131d\u0131r?\u00a0\u00a0 A\u00e7\u0131lmam\u0131\u015f ise nedeni nedir?<\/li>\n<\/ul>\n","protected":false},"excerpt":{"rendered":"<p>CHP Antalya Milletvekili ve PM \u00fcyesi K\u00f6k, \u00d6SYM\u2019nin bu g\u00fcne kadar yapt\u0131\u011f\u0131 hatalara bir yenisini daha ekledi\u011fini belirterek DGS ( Dikey Ge\u00e7i\u015f S\u0131nav\u0131) s\u0131nav\u0131na giren binlerce \u00f6\u011frenci \u00d6SYM\u2019 nin vurdum duymazl\u0131\u011f\u0131 nedeniyle ma\u011fdur edildi. Olayla ilgili olarak Antalya ve T\u00fcrkiye\u2019nin \u00e7e\u015fitli yerlerinden onlarca \u015fikayet geldi\u011fini ifade eden K\u00f6k, konunun a\u00e7\u0131\u011fa \u00e7\u0131kmas\u0131 i\u00e7in Milli E\u011fitim Bakan\u0131 [&hellip;]<\/p>\n","protected":false},"author":1,"featured_media":11532,"comment_status":"closed","ping_status":"open","sticky":false,"template":"","format":"standard","meta":[],"categories":[61,51],"tags":[],"amp_enabled":true,"_links":{"self":[{"href":"https:\/\/chpantalya.com\/index.php?rest_route=\/wp\/v2\/posts\/11579"}],"collection":[{"href":"https:\/\/chpantalya.com\/index.php?rest_route=\/wp\/v2\/posts"}],"about":[{"href":"https:\/\/chpantalya.com\/index.php?rest_route=\/wp\/v2\/types\/post"}],"author":[{"embeddable":true,"href":"https:\/\/chpantalya.com\/index.php?rest_route=\/wp\/v2\/users\/1"}],"replies":[{"embeddable":true,"href":"https:\/\/chpantalya.com\/index.php?rest_route=%2Fwp%2Fv2%2Fcomments&post=11579"}],"version-history":[{"count":0,"href":"https:\/\/chpantalya.com\/index.php?rest_route=\/wp\/v2\/posts\/11579\/revisions"}],"wp:featuredmedia":[{"embeddable":true,"href":"https:\/\/chpantalya.com\/index.php?rest_route=\/wp\/v2\/media\/11532"}],"wp:attachment":[{"href":"https:\/\/chpantalya.com\/index.php?rest_route=%2Fwp%2Fv2%2Fmedia&parent=11579"}],"wp:term":[{"taxonomy":"category","embeddable":true,"href":"https:\/\/chpantalya.com\/index.php?rest_route=%2Fwp%2Fv2%2Fcategories&post=11579"},{"taxonomy":"post_tag","embeddable":true,"href":"https:\/\/chpantalya.com\/index.php?rest_route=%2Fwp%2Fv2%2Ftags&post=11579"}],"curies":[{"name":"wp","href":"https:\/\/api.w.org\/{rel}","templated":true}]}}