{"id":11620,"date":"2016-10-18T14:27:02","date_gmt":"2016-10-18T11:27:02","guid":{"rendered":"http:\/\/chpantalya.com\/?p=11620"},"modified":"2016-10-18T14:27:47","modified_gmt":"2016-10-18T11:27:47","slug":"11620","status":"publish","type":"post","link":"https:\/\/chpantalya.com\/?p=11620","title":{"rendered":"ESNAF VE ANTALYALI\u2019YI\u00a0 ZORA SOKAN ARA\u00c7 D\u00d6N\u00dc\u015e\u00dcM\u00dc TBMM\u2019DE"},"content":{"rendered":"<p><strong>-BUDAK: \u201cALTERNAT\u0130FLER \u00dcRET\u0130LMEDEN, SA\u011eLIKLI GE\u00c7\u0130\u015e S\u00dcREC\u0130 \u00d6NG\u00d6R\u00dcLMEDEN GET\u0130R\u0130LEN S\u0130STEM, ESNAFA DA ANTALYA HALKINA DA ZUL\u00dcMD\u00dcR\u201d<\/strong><\/p>\n<p><strong>-\u201cESNAFTAN 50 B\u0130N TL \u0130STENMES\u0130N\u0130N GEREK\u00c7ES\u0130 NED\u0130R?\u201d<\/strong><\/p>\n<p>&nbsp;<\/p>\n<p><strong>\u00a0\u00a0\u00a0\u00a0\u00a0\u00a0\u00a0\u00a0\u00a0\u00a0\u00a0 CHP Genel Ba\u015fkan Yard\u0131mc\u0131s\u0131 ve Antalya Milletvekili \u00c7etin Osman Budak, Antalya \u015fehiri\u00e7i ula\u015f\u0131m\u0131ndaki ara\u00e7lar\u0131n k\u0131sa bir s\u00fcre i\u00e7inde otob\u00fcse d\u00f6n\u00fc\u015ft\u00fcr\u00fclmesi s\u00fcrecinin \u201chukuksuz\u201d \u015fekilde y\u00fcr\u00fct\u00fclmeye \u00e7al\u0131\u015f\u0131lmas\u0131n\u0131 TBMM g\u00fcndemine ta\u015f\u0131yarak, \u0130\u00e7i\u015fleri Bakan\u0131\u2019n\u0131 soru\u015fturma a\u00e7maya davet etti. Budak \u201cAntalya ula\u015f\u0131m\u0131 kaosa sokuldu, esnaf ve Antalya halk\u0131 ma\u011fdur edildi. Alternatifler \u00fcretilmeden, sa\u011fl\u0131kl\u0131 bir ge\u00e7i\u015f s\u00fcreci \u00f6ng\u00f6r\u00fclmeden getirilen yeni d\u00fczen, esnafa da Antalya halk\u0131na da bir zul\u00fcmd\u00fcr\u201d dedi. <\/strong><\/p>\n<p>CHP Genel Ba\u015fkan Yard\u0131mc\u0131s\u0131 ve Antalya Milletvekili \u00c7etin Osman Budak, \u0130\u00e7i\u015fleri Bakan\u0131 S\u00fcleyman Soylu\u2019nun yan\u0131tlamas\u0131 istemiyle verdi\u011fi \u00f6nergede, 03.10.2016 tarihli UKOME Genel Kurul karar\u0131 gerek\u00e7e g\u00f6sterilerek, d\u00f6n\u00fc\u015f\u00fcm i\u00e7in ba\u015fvurmayan \u015fof\u00f6r esnaf\u0131n\u0131n trafi\u011fe \u00e7\u0131k\u0131\u015f\u0131n\u0131 ve yolcu ta\u015f\u0131mas\u0131n\u0131 engellendi\u011fine dikkat \u00e7ekti. Budak, \u201cSa\u011fl\u0131kl\u0131 bir ge\u00e7i\u015f d\u00f6nemi \u00f6ng\u00f6r\u00fclmemesi nedeniyle hem esnaf hem de Antalya halk\u0131 ma\u011fdur olmu\u015ftur. Ayr\u0131ca plakalar\u0131 ve ara\u00e7lar\u0131 i\u00e7in ciddi bir k\u00fclfete katlanan esnafa, ara\u00e7 d\u00f6n\u00fc\u015f\u00fcm\u00fc kapsam\u0131nda yeni y\u00fckler bindirilmektedir\u201d diye konu\u015ftu.\u00a0 Antalya \u015fehirci ula\u015f\u0131mda ara\u00e7 d\u00f6n\u00fc\u015f\u00fcm\u00fcn\u00fcn hangi ihtiya\u00e7tan kaynakland\u0131\u011f\u0131 konusunda bilgi isteyen Budak, \u201cUKOME Genel Kurulu\u2019nun karar\u0131n\u0131n gerek\u00e7esi nedir? Ara\u00e7 d\u00f6n\u00fc\u015f\u00fcm ve d\u00f6n\u00fc\u015f\u00fcm modeli \u00f6nerisi hangi kurumdan gelmi\u015ftir? Karar oy birli\u011fiyle mi al\u0131nm\u0131\u015ft\u0131r? S\u00f6z konusu ara\u00e7 d\u00f6n\u00fc\u015f\u00fcm karar\u0131na,\u00a0 hangi s\u0131n\u0131ftan, ka\u00e7 ara\u00e7 girmektedir? Toplam ka\u00e7 esnaf s\u00fcre\u00e7ten etkilenmektedir ve ka\u00e7 esnaf ara\u00e7 d\u00f6n\u00fc\u015f\u00fcm\u00fc ba\u015fvurusu yapm\u0131\u015ft\u0131r?\u201d diye sordu.<\/p>\n<p><strong>SORU\u015eTURMA A\u00c7ILACAK MI?<\/strong><\/p>\n<p>Ara\u00e7 d\u00f6n\u00fc\u015f\u00fcm\u00fc s\u00fcrecinin k\u0131sa tutulmas\u0131n\u0131 ve esnafa y\u00f6nelik bask\u0131lar\u0131 da g\u00fcndeme ta\u015f\u0131yan Budak, Bakan Soylu\u2019ya \u015fu sorular\u0131 y\u00f6neltti:<\/p>\n<p>\u201cEsnafa, taahh\u00fctname dayat\u0131lmas\u0131 s\u00fcrecinin incelenmesi sa\u011flanacak m\u0131d\u0131r? Ara\u00e7 d\u00f6n\u00fc\u015f\u00fcm\u00fc i\u00e7in \u20182\u2019ye 1\u2019 birle\u015ftirme yap\u0131lmas\u0131n\u0131n gerek\u00e7esi nedir? Antalya\u2019da toplu ta\u015f\u0131man\u0131n verimli bir \u015fekilde ger\u00e7ekle\u015ftirilmesini sa\u011flayacak otob\u00fcs say\u0131s\u0131 belirlenmi\u015f midir? Bu say\u0131 ka\u00e7t\u0131r? Birle\u015ftirme karar\u0131, bu kapsamda m\u0131 al\u0131nm\u0131\u015ft\u0131r?<\/p>\n<p>Ara\u00e7 d\u00f6n\u00fc\u015f\u00fcm\u00fc i\u00e7in esnaftan 50 bin TL istendi\u011fi do\u011fru mudur? Bunun gerek\u00e7esi \u00a0nedir ve \u00f6demeyi hangi kurum alacakt\u0131r?<\/p>\n<p>Esnafa \u2018ortakl\u0131k\u2019 dayat\u0131lmas\u0131, s\u00f6zle\u015fme h\u00fcrriyetine ayk\u0131r\u0131 bir durum de\u011fil midir? Konunun incelenmesini sa\u011flayacak m\u0131s\u0131n\u0131z? Esnafa bask\u0131yla s\u00f6zle\u015fme imzalat\u0131lmaya \u00e7al\u0131\u015f\u0131ld\u0131\u011f\u0131 iddialar\u0131yla ilgili bir soru\u015fturma ba\u015flat\u0131lacak m\u0131d\u0131r?\u201d<\/p>\n<p><strong>ESNAFIN KONTAK ANAHTARI EL\u0130NDEN ALINDI<\/strong><\/p>\n<p><strong>\u00a0\u00a0\u00a0\u00a0\u00a0\u00a0\u00a0\u00a0\u00a0\u00a0\u00a0 <\/strong>Budak, Antalya B\u00fcy\u00fck\u015fehir Belediyesi\u2019nin ara\u00e7 d\u00f6n\u00fc\u015f\u00fcm s\u00fcrecini \u201cyang\u0131ndan mal ka\u00e7\u0131rma\u201d anlay\u0131\u015f\u0131yla g\u00f6t\u00fcrmeye \u00e7al\u0131\u015ft\u0131\u011f\u0131na dikkat \u00e7ekerek, \u201cAntalya\u2019da 250 bin yurtta\u015f\u0131m\u0131za, ula\u015f\u0131m hizmeti veren esnaf\u0131m\u0131z trafi\u011fe \u00e7\u0131kart\u0131lmad\u0131. Antalya halk\u0131 da sokaklarda kald\u0131. \u2018Esnaf kontak kapatt\u0131\u2019 denilerek, halk\u0131 esnafla kar\u015f\u0131 kar\u015f\u0131ya getirerek, kendi su\u00e7unu halktan gizlemeye \u00e7al\u0131\u015fmak ne kadar etiktir? Evine ekmek g\u00f6t\u00fcrme derdinde olan esnaf\u0131m\u0131z\u0131n \u00e7al\u0131\u015faca\u011f\u0131 hatlar iptal edildi. Yolu olmayan k\u0131rsal b\u00f6lgelere g\u00f6nderme tehdidiyle, belediye y\u00f6netiminin bask\u0131s\u0131 artt\u0131r\u0131l\u0131yor, ula\u015f\u0131m esnaf\u0131n\u0131n kontak anahtar\u0131 elinden al\u0131n\u0131yor\u201d dedi.<\/p>\n<p><strong><a href=\"https:\/\/chpantalya.com\/wp-content\/uploads\/2016\/10\/10.18-antalya-ula\u015f\u0131m-1.jpg\" rel=\"attachment wp-att-11621\"><img loading=\"lazy\" class=\"wp-image-11621 alignleft\" src=\"https:\/\/chpantalya.com\/wp-content\/uploads\/2016\/10\/10.18-antalya-ula\u015f\u0131m-1.jpg\" alt=\"10-18-antalya-ulasim-1\" width=\"225\" height=\"400\" srcset=\"https:\/\/chpantalya.com\/wp-content\/uploads\/2016\/10\/10.18-antalya-ula\u015f\u0131m-1.jpg 720w, https:\/\/chpantalya.com\/wp-content\/uploads\/2016\/10\/10.18-antalya-ula\u015f\u0131m-1-696x1237.jpg 696w, https:\/\/chpantalya.com\/wp-content\/uploads\/2016\/10\/10.18-antalya-ula\u015f\u0131m-1-236x420.jpg 236w\" sizes=\"(max-width: 225px) 100vw, 225px\" \/><\/a>B\u00dcT\u00c7EYE YAMA<\/strong><\/p>\n<p>Hala Antalya\u2019da \u201cUla\u015f\u0131m Master Plan\u0131\u201dn\u0131n olmad\u0131\u011f\u0131na dikkat \u00e7eken Budak,\u00a0 ge\u00e7i\u015f s\u00fcrecinin de sa\u011fl\u0131kl\u0131 planlanmad\u0131\u011f\u0131 ele\u015ftirisinde bulundu. Budak, \u201cGe\u00e7i\u015f s\u00fcrecinin ortak ak\u0131lla organize edilmedi\u011fi a\u00e7\u0131kt\u0131r. Bu kapsamdaki 512 esnaftan 90\u2019\u0131na bu s\u00fcrece zorla destek \u00a0verdirilmi\u015ftir. Alternatifler \u00fcretilmeden, sa\u011fl\u0131kl\u0131 bir ge\u00e7i\u015f s\u00fcreci \u00f6ng\u00f6r\u00fclmeden getirilen yeni sistem, Antalya ula\u015f\u0131m\u0131n\u0131 iyice \u00e7\u0131kmaza sokmu\u015ftur. Esnafa da Antalya halk\u0131na da zul\u00fcmd\u00fcr. Ayr\u0131ca, d\u00f6n\u00fc\u015f\u00fcm i\u00e7in esnaftan 50 bin TL isteniyor. Zor bir d\u00f6nemden ge\u00e7en esnafa yeni y\u00fckler bindirilmesi insafla ba\u011fda\u015fmaz.\u00a0 Bu para, ula\u015f\u0131m\u0131 rahatlatmak i\u00e7in mi, b\u00fct\u00e7eye yama i\u00e7in mi isteniyor?. Bunun yan\u0131t\u0131n\u0131n da Antalya halk\u0131na verilmesi gereklidir\u201d diye konu\u015ftu.<\/p>\n<p>&nbsp;<\/p>\n","protected":false},"excerpt":{"rendered":"<p>-BUDAK: \u201cALTERNAT\u0130FLER \u00dcRET\u0130LMEDEN, SA\u011eLIKLI GE\u00c7\u0130\u015e S\u00dcREC\u0130 \u00d6NG\u00d6R\u00dcLMEDEN GET\u0130R\u0130LEN S\u0130STEM, ESNAFA DA ANTALYA HALKINA DA ZUL\u00dcMD\u00dcR\u201d -\u201cESNAFTAN 50 B\u0130N TL \u0130STENMES\u0130N\u0130N GEREK\u00c7ES\u0130 NED\u0130R?\u201d &nbsp; \u00a0\u00a0\u00a0\u00a0\u00a0\u00a0\u00a0\u00a0\u00a0\u00a0\u00a0 CHP Genel Ba\u015fkan Yard\u0131mc\u0131s\u0131 ve Antalya Milletvekili \u00c7etin Osman Budak, Antalya \u015fehiri\u00e7i ula\u015f\u0131m\u0131ndaki ara\u00e7lar\u0131n k\u0131sa bir s\u00fcre i\u00e7inde otob\u00fcse d\u00f6n\u00fc\u015ft\u00fcr\u00fclmesi s\u00fcrecinin \u201chukuksuz\u201d \u015fekilde y\u00fcr\u00fct\u00fclmeye \u00e7al\u0131\u015f\u0131lmas\u0131n\u0131 TBMM g\u00fcndemine ta\u015f\u0131yarak, \u0130\u00e7i\u015fleri Bakan\u0131\u2019n\u0131 soru\u015fturma [&hellip;]<\/p>\n","protected":false},"author":1,"featured_media":11622,"comment_status":"closed","ping_status":"open","sticky":false,"template":"","format":"standard","meta":[],"categories":[52,35],"tags":[],"amp_enabled":true,"_links":{"self":[{"href":"https:\/\/chpantalya.com\/index.php?rest_route=\/wp\/v2\/posts\/11620"}],"collection":[{"href":"https:\/\/chpantalya.com\/index.php?rest_route=\/wp\/v2\/posts"}],"about":[{"href":"https:\/\/chpantalya.com\/index.php?rest_route=\/wp\/v2\/types\/post"}],"author":[{"embeddable":true,"href":"https:\/\/chpantalya.com\/index.php?rest_route=\/wp\/v2\/users\/1"}],"replies":[{"embeddable":true,"href":"https:\/\/chpantalya.com\/index.php?rest_route=%2Fwp%2Fv2%2Fcomments&post=11620"}],"version-history":[{"count":0,"href":"https:\/\/chpantalya.com\/index.php?rest_route=\/wp\/v2\/posts\/11620\/revisions"}],"wp:featuredmedia":[{"embeddable":true,"href":"https:\/\/chpantalya.com\/index.php?rest_route=\/wp\/v2\/media\/11622"}],"wp:attachment":[{"href":"https:\/\/chpantalya.com\/index.php?rest_route=%2Fwp%2Fv2%2Fmedia&parent=11620"}],"wp:term":[{"taxonomy":"category","embeddable":true,"href":"https:\/\/chpantalya.com\/index.php?rest_route=%2Fwp%2Fv2%2Fcategories&post=11620"},{"taxonomy":"post_tag","embeddable":true,"href":"https:\/\/chpantalya.com\/index.php?rest_route=%2Fwp%2Fv2%2Ftags&post=11620"}],"curies":[{"name":"wp","href":"https:\/\/api.w.org\/{rel}","templated":true}]}}