{"id":11625,"date":"2016-10-19T15:24:35","date_gmt":"2016-10-19T12:24:35","guid":{"rendered":"http:\/\/chpantalya.com\/?p=11625"},"modified":"2016-10-19T15:24:35","modified_gmt":"2016-10-19T12:24:35","slug":"il-genclik-kollari-muhtarlari-onemli-gunlerinde-unutmadi","status":"publish","type":"post","link":"https:\/\/chpantalya.com\/?p=11625","title":{"rendered":"\u0130l Gen\u00e7lik Kollar\u0131 Muhtarlar\u0131 \u00d6nemli G\u00fcnlerinde Unutmad\u0131"},"content":{"rendered":"<p>CHP Antalya \u0130l Gen\u00e7lik Kollar\u0131 Ba\u015fkan\u0131 Musa G\u00fcl ve \u0130l Gen\u00e7lik Kollar\u0131 Y\u00f6netimi, 19 Ekim Muhtarlar G\u00fcn\u00fc olmas\u0131 vesilesi ile muhtarlar\u0131 ziyaret etti.<\/p>\n<p>CHP Antalya \u0130l Gen\u00e7lik Kollar\u0131 Ba\u015fkan\u0131 Musa G\u00fcl; &#8220;Yerel ve \u00dclke y\u00f6netiminin en \u00f6nemli zincir par\u00e7as\u0131 olan muhtarlar\u0131m\u0131z\u0131n bu \u00f6zel etkinlik g\u00fcnlerin de yaln\u0131z olmad\u0131klar\u0131n\u0131 g\u00f6stermek maksad\u0131yla onlar\u0131 ziyaret ederek hem \u00e7al\u0131\u015fmalar\u0131n\u0131 \u00f6\u011freniyoruz hem de koyabilece\u011fimiz katk\u0131lar var ise hi\u00e7 bir \u015fekilde bunu esirgemeyece\u011fimizin garantisini verdik. Muhtarlar gecesini g\u00fcnd\u00fcz\u00fcne katarak g\u00fcnlerce hatta aylarca, y\u0131llarca hizmet etmektedirler. G\u00fcn\u00fcm\u00fcz de \u00e7arp\u0131k siyasi sisteme alet edilmeye \u00e7al\u0131\u015f\u0131lsa da bu makam, unutmay\u0131n ki, T\u00fcrkiye Muhtarlar\u0131 asla onurlar\u0131n\u0131 ve kendilerini se\u00e7en mahallelerini yan\u0131ltmayacakt\u0131r. Tarafs\u0131z hizmet getirmeye ve yerel y\u00f6netimler de, her g\u00f6r\u00fc\u015fte ki vatanda\u015f\u0131n sesi olmaya da devam edecektir. Bu sebeptendir ki CHP Antalya Gen\u00e7lik Kollar\u0131 olarak b\u00fct\u00fcn muhtarlar\u0131m\u0131za yaln\u0131z olmad\u0131klar\u0131n\u0131 bir kez daha duyurur, her zaman yanlar\u0131nda oldu\u011fumuzu bilmelerini isterim. 19 Ekim Muhtarlar G\u00fcnlerini can\u0131 g\u00f6n\u00fclden kutlar\u0131m. &#8221; dedi.<\/p>\n<p>Musa G\u00fcl ve beraberinde ki heyet daha sonra Aksu Muhtarlar Dernek Ba\u015fkan\u0131 Ramazan Alt\u0131n, Kepez Muhtarlar Dernek Ba\u015fkan\u0131 Feyzullah B\u00fcy\u00fckkele\u015f, Konyaalt\u0131 Muhtarlar Dernek Ba\u015fkan\u0131 Faruk K\u0131ld\u0131ran ve T\u00fcrkiye Muhtarlar Federasyonu Antalya \u015eube Ba\u015fkan\u0131 Mustafa Y\u0131lmaz&#8217;\u0131 ziyaret etti.<\/p>\n","protected":false},"excerpt":{"rendered":"<p>CHP Antalya \u0130l Gen\u00e7lik Kollar\u0131 Ba\u015fkan\u0131 Musa G\u00fcl ve \u0130l Gen\u00e7lik Kollar\u0131 Y\u00f6netimi, 19 Ekim Muhtarlar G\u00fcn\u00fc olmas\u0131 vesilesi ile muhtarlar\u0131 ziyaret etti. CHP Antalya \u0130l Gen\u00e7lik Kollar\u0131 Ba\u015fkan\u0131 Musa G\u00fcl; &#8220;Yerel ve \u00dclke y\u00f6netiminin en \u00f6nemli zincir par\u00e7as\u0131 olan muhtarlar\u0131m\u0131z\u0131n bu \u00f6zel etkinlik g\u00fcnlerin de yaln\u0131z olmad\u0131klar\u0131n\u0131 g\u00f6stermek maksad\u0131yla onlar\u0131 ziyaret ederek hem \u00e7al\u0131\u015fmalar\u0131n\u0131 [&hellip;]<\/p>\n","protected":false},"author":1,"featured_media":11627,"comment_status":"closed","ping_status":"open","sticky":false,"template":"","format":"standard","meta":[],"categories":[56],"tags":[],"amp_enabled":true,"_links":{"self":[{"href":"https:\/\/chpantalya.com\/index.php?rest_route=\/wp\/v2\/posts\/11625"}],"collection":[{"href":"https:\/\/chpantalya.com\/index.php?rest_route=\/wp\/v2\/posts"}],"about":[{"href":"https:\/\/chpantalya.com\/index.php?rest_route=\/wp\/v2\/types\/post"}],"author":[{"embeddable":true,"href":"https:\/\/chpantalya.com\/index.php?rest_route=\/wp\/v2\/users\/1"}],"replies":[{"embeddable":true,"href":"https:\/\/chpantalya.com\/index.php?rest_route=%2Fwp%2Fv2%2Fcomments&post=11625"}],"version-history":[{"count":0,"href":"https:\/\/chpantalya.com\/index.php?rest_route=\/wp\/v2\/posts\/11625\/revisions"}],"wp:featuredmedia":[{"embeddable":true,"href":"https:\/\/chpantalya.com\/index.php?rest_route=\/wp\/v2\/media\/11627"}],"wp:attachment":[{"href":"https:\/\/chpantalya.com\/index.php?rest_route=%2Fwp%2Fv2%2Fmedia&parent=11625"}],"wp:term":[{"taxonomy":"category","embeddable":true,"href":"https:\/\/chpantalya.com\/index.php?rest_route=%2Fwp%2Fv2%2Fcategories&post=11625"},{"taxonomy":"post_tag","embeddable":true,"href":"https:\/\/chpantalya.com\/index.php?rest_route=%2Fwp%2Fv2%2Ftags&post=11625"}],"curies":[{"name":"wp","href":"https:\/\/api.w.org\/{rel}","templated":true}]}}