{"id":11645,"date":"2016-10-22T13:48:10","date_gmt":"2016-10-22T10:48:10","guid":{"rendered":"http:\/\/chpantalya.com\/?p=11645"},"modified":"2016-10-24T00:43:54","modified_gmt":"2016-10-23T21:43:54","slug":"manavgat-ilce-binasi-yenilendi","status":"publish","type":"post","link":"https:\/\/chpantalya.com\/?p=11645","title":{"rendered":"MANAVGAT \u0130L\u00c7E B\u0130NASI YEN\u0130LEND\u0130"},"content":{"rendered":"<p>Tadilattan ge\u00e7erek yenilenen Cumhuriyet Halk Partisi (CHP) Manavgat \u0130l\u00e7e \u00d6rg\u00fct\u00fc\u2019n\u00fcn yeni hizmet binas\u0131 d\u00fczenlenen t\u00f6renle hizmete a\u00e7\u0131ld\u0131.<\/p>\n<p>CHP Manavgat \u0130l\u00e7e \u00d6rg\u00fct\u00fc\u2019n\u00fcn yenilenen hizmet binas\u0131 d\u00fczenlenen t\u00f6renle a\u00e7\u0131ld\u0131. A\u00e7\u0131l\u0131\u015fa, CHP eski Genel Ba\u015fkan\u0131 ve Antalya Milletvekili Deniz Baykal, Antalya Milletvekilleri Mustafa Akayd\u0131n, Niyazi Nefi Kara, Manavgat Belediye Ba\u015fkan\u0131 \u015e\u00fckr\u00fc S\u00f6zen, Antalya \u0130l Ba\u015fkan\u0131 Mustafa Erdem, il\u00e7e ba\u015fkanlar\u0131, sivil toplum kurulu\u015flar\u0131n temsilcileri, belediye meclis \u00fcyeleri, muhtarlar ve \u00e7ok say\u0131da partili kat\u0131ld\u0131. T\u00f6renin a\u00e7\u0131l\u0131\u015f konu\u015fmas\u0131n\u0131 yapan \u0130l\u00e7e Ba\u015fkan\u0131 Av. Aliye Co\u015far, parti binas\u0131n\u0131n yenilenmesinde katk\u0131 sa\u011flayan ba\u015fta Manavgat Belediye Ba\u015fkan\u0131 \u015e\u00fckr\u00fc S\u00f6zen\u2019e, mimarlara ve eme\u011fi ge\u00e7en herkese te\u015fekk\u00fcr etti.\u00a0 A\u00e7\u0131l\u0131\u015f t\u00f6reninde konu\u015fan Baykal ise binan\u0131n hay\u0131rl\u0131 olmas\u0131n\u0131 dileyerek g\u00fczel \u00e7al\u0131\u015fmalar\u0131n yap\u0131lmas\u0131n\u0131 ve daha ba\u015far\u0131l\u0131 hizmetlerin yap\u0131lmas\u0131n\u0131 temenni etti.<\/p>\n<p>T\u00fcrkiye&#8217;nin kar\u015f\u0131 kar\u015f\u0131ya bulundu\u011fu sorunlar\u0131n, s\u0131k\u0131nt\u0131lar\u0131n, normal bir siyasal ya\u015fam\u0131n ak\u0131\u015f\u0131 i\u00e7inde zaman zaman kar\u015f\u0131 kar\u015f\u0131ya kal\u0131nabilecek t\u00fcrden ola\u011fan s\u0131k\u0131nt\u0131lar, sorunlar olmaktan \u00e7\u0131kt\u0131\u011f\u0131n\u0131 belirten Baykal, \u201cHer \u00fclkede zaman zaman s\u0131k\u0131nt\u0131lar, gerginlikler olur. \u00c7at\u0131\u015fmalar, kutupla\u015fmalar olur. Ama bizim bu son d\u00f6nemde, son 15 y\u0131lda birbiri ard\u0131na tan\u0131k oldu\u011fumuz olaylar, ne T\u00fcrkiye tarihinde tan\u0131k oldu\u011fumuz, nede herhangi bir demokratik rejimde do\u011fal kar\u015f\u0131lanabilecek t\u00fcrden olaylar de\u011fildir. T\u00fcrkiye&#8217;de siyaset \u015firazesinden \u00e7\u0131km\u0131\u015f konumdad\u0131r\u201d dedi.<\/p>\n<p>\u00dclkenin g\u00fcney b\u00f6l\u00fcm\u00fcnde \u00f6nemli sava\u015flar\u0131n ya\u015fand\u0131\u011f\u0131nda de\u011finen Baykal, \u201c\u00dclkeler g\u00f6z \u00f6n\u00fcnde b\u00f6l\u00fcn\u00fcyor, birbirine d\u00fc\u015f\u00fcr\u00fcl\u00fcyor. M\u00fcsl\u00fcman, M\u00fcsl\u00fcmanla sava\u015f\u0131yor. Mezhep sava\u015f\u0131, kimlik sava\u015f\u0131 her \u015feyin \u00f6n\u00fcne ge\u00e7ti. Bu sava\u015f, T\u00fcrkiye&#8217;ye s\u0131\u00e7ramaya ba\u015flad\u0131. Bu sava\u015f\u0131n uzant\u0131s\u0131 olarak Hatay&#8217;da, Kilis&#8217;te, Gaziantep&#8217;te insanlar\u0131m\u0131 kaybediyoruz, bombalar patl\u0131yor. Bu s\u00fcre\u00e7, do\u011fal ne yapal\u0131m, hayat\u0131n ak\u0131\u015f\u0131, kendili\u011finde bu oldu, kimse denetleyemez diye ge\u00e7i\u015ftirece\u011fimiz bir olay de\u011fil. Elbette d\u00fcnya \u015fartlar\u0131ndan kaynaklanan nedenleri var. Ama o nedenlerin \u00e7ok \u00f6tesinde T\u00fcrkiye&#8217;yi y\u00f6netenlerin yapt\u0131klar\u0131 vahim yanl\u0131\u015fl\u0131klardan, kabul edilemez yanl\u0131\u015fl\u0131klardan kaynaklanan daha da \u00f6nemli nedenleri var. E\u011fer \u00fclke, bu son d\u00f6nemdeki gibi y\u00f6netilmesiydi daha do\u011fru y\u00f6netilseydi, d\u00fcnyay\u0131 do\u011fru anlayan, do\u011fru kavrayan, kendisini, tarihini, memleketinin niteliklerini, \u00f6zelliklerini bilen, hukuka sayg\u0131l\u0131, demokrasiye sayg\u0131l\u0131 bir y\u00f6netim eliyle T\u00fcrkiye y\u00f6netilmi\u015f olsayd\u0131 bu \u00fclke bu hale gelmezdi\u201d diye konu\u015ftu.<\/p>\n<p>T\u00fcrkiye&#8217;de ilk kez bir dini cemaat eliyle bir darbe yap\u0131ld\u0131\u011f\u0131n\u0131 da hat\u0131rlatan Baykal, \u201cYine ilk kez bir darbede bunca kan akt\u0131. T\u00fcrkiye buraya nas\u0131l geldi. Bu cemaat nas\u0131l sahiplenildi, nas\u0131l himaye edildi. Devlet kadrolar\u0131n\u0131 do\u011frudan yada \u00e7al\u0131nm\u0131\u015f sorularla bunlara emanet ederek T\u00fcrkiye bir noktaya getirildi. Bu politikalar\u0131n hepsi, Cumhuriyet Halk Partisinin yani T\u00fcrkiye\u2019nin \u00c7a\u011fda\u015f projesine tamamen kar\u015f\u0131 politikalard\u0131r. O politikalara g\u00f6z yumuldu, himaye edildi, desteklendi, serpildi, b\u00fcy\u00fcd\u00fc ve T\u00fcrkiye&#8217;yi avucunun i\u00e7ine ge\u00e7irmeye ba\u015flad\u0131. Buna kar\u015f\u0131 \u00e7are nedir? Ne kadar bu cemaatle ili\u015fkisi oldu\u011fu d\u00fc\u015f\u00fcn\u00fclen varsa, t\u00fcm\u00fcn\u00fc derdest edelim, alal\u0131m g\u00f6t\u00fcrelim, tutuklayal\u0131m bu i\u015fi \u00e7\u00f6zelim. B\u00f6yle \u00e7\u00f6z\u00fcm olmaz arkada\u015flar. Onlar\u0131 ortaya \u00e7\u0131karan, onlar\u0131n \u00f6n\u00fcn\u00fc a\u00e7an, politikalar\u0131 de\u011fi\u015ftirerek, laikli\u011fin \u00f6nemini kavrayarak, \u00e7a\u011fda\u015f e\u011fitimin \u00f6nemini kavrayarak, siyaseti din temelinde zorlamalarla, pazarlamalarla g\u00f6t\u00fcrme anlay\u0131\u015f\u0131n\u0131 bir kenara b\u0131rakarak siyaset yaparsan\u0131z bunu \u00f6nlersiniz\u201d ifadelerini kulland\u0131.<\/p>\n<p>Ba\u015fkanl\u0131k rejimi de\u011fi\u015fikli\u011fiyle T\u00fcrkiye\u2019yi bunal\u0131mdan kurtaraca\u011f\u0131z fikriyat\u0131n\u0131n \u00f6ne \u00e7\u0131kart\u0131ld\u0131\u011f\u0131n\u0131 da savunan Baykal konu\u015fmas\u0131n\u0131 \u015f\u00f6yle s\u00fcrd\u00fcrd\u00fc: \u201cT\u00fcrkiye&#8217;de ya\u015fan\u0131lan yanl\u0131\u015fl\u0131klar\u0131n temelinde; \u00fclkeyi y\u00f6netenlerin kimseye hesap vermeden, kimseyle isti\u015fare etmeden, ben birilim diyerek, \u015fahsi ve keyfi tercihlerle, o anda do\u011fru diye d\u00fc\u015f\u00fcnd\u00fc\u011f\u00fc neyse onu hayata ge\u00e7iriyor olmas\u0131 yatmaktad\u0131r. T\u00fcrkiye&#8217;nin daralma s\u00fcreci ya\u015f\u0131yor. Bir \u015fahs\u0131n gelgitlerine, idrak k\u0131s\u0131tlamalar\u0131na, anlay\u0131\u015f \u00e7er\u00e7evesine, teslim ediliyor oldu\u011fu i\u00e7in T\u00fcrkiye bug\u00fcn parlamenter rejimi i\u015fletemiyor. Ya\u015fad\u0131\u011f\u0131m\u0131z sorunlar\u0131n temelinde, parlamenter rejimin bile keyfi ve \u015fahsi karar alma anlay\u0131\u015f\u0131na teslim edilmi\u015f olmas\u0131 yat\u0131yor.\u00a0\u00a0 \u015eimdi bunu ba\u015fkanl\u0131k rejimine \u00e7evirdi\u011finiz zaman, bu keyfi ve \u015fahsi karar alma daha da cesaretlendirilecek, daha da me\u015frula\u015ft\u0131r\u0131lacak, hukuki k\u0131l\u0131fa kavu\u015fturulacak. \u015eahsi ve keyfi tercihler normal anayasal hukuk uygulamas\u0131 haline d\u00f6n\u00fc\u015fecek. \u015eahsi, keyfi yapanlar\u0131n her 2 y\u0131lda bir &#8216;vay b\u00fcy\u00fck hata yapm\u0131\u015f\u0131m\u0131z, affedersiniz&#8217; dedi\u011fine tan\u0131k oluyoruz. Defalarca her konuda biz yan\u0131lm\u0131\u015f diye itiraflar\u0131n\u0131 hep beraber izledik.\u201d<\/p>\n<p>A\u00e7\u0131l\u0131\u015f t\u00f6reninde, \u0130l Ba\u015fkan\u0131 Mustafa Erdem, Manavgat Belediye Ba\u015fkan\u0131 \u015e\u00fckr\u00fc S\u00f6zen, Antalya Milletvekilleri Mustafa Akayd\u0131n ve Niyazi Nefi Kara\u2019da birer konu\u015fma yapt\u0131. Konu\u015fmalar\u0131n ard\u0131ndan \u0130l\u00e7e Ba\u015fkan\u0131 Aliye Co\u015far, katk\u0131lar\u0131ndan \u00f6t\u00fcr\u00fc Manavgat Belediye Ba\u015fkan\u0131 \u015e\u00fckr\u00fc S\u00f6zen\u2019e plaket takdim etti. Ard\u0131ndan Baykal, milletvekilleri, Ba\u015fkan S\u00f6zen taraf\u0131ndan hizmet binas\u0131n\u0131n a\u00e7\u0131l\u0131\u015f kurdelesini hep birlikte kesti. \u0130l\u00e7e Ba\u015fkan\u0131 Aliye Co\u015far, konuklara yenilenen il\u00e7e binas\u0131n\u0131 gezdirdi.<\/p>\n\r\n                <style type=\"text\/css\">\r\n                    \r\n                    #tdi_1  .td-doubleSlider-2 .td-item1 {\r\n                        background: url(https:\/\/chpantalya.com\/wp-content\/uploads\/2016\/10\/MANAVGAT-\u0130L\u00c7E-B\u0130NASI-YEN\u0130LEND\u0130-1.jpg) 0 0 no-repeat;\r\n                    }\r\n                    #tdi_1  .td-doubleSlider-2 .td-item2 {\r\n                        background: url(https:\/\/chpantalya.com\/wp-content\/uploads\/2016\/10\/MANAVGAT-\u0130L\u00c7E-B\u0130NASI-YEN\u0130LEND\u0130-2.jpg) 0 0 no-repeat;\r\n                    }\r\n                    #tdi_1  .td-doubleSlider-2 .td-item3 {\r\n                        background: url(https:\/\/chpantalya.com\/wp-content\/uploads\/2016\/10\/MANAVGAT-\u0130L\u00c7E-B\u0130NASI-YEN\u0130LEND\u0130-3.jpg) 0 0 no-repeat;\r\n                    }\r\n                    #tdi_1  .td-doubleSlider-2 .td-item4 {\r\n                        background: url(https:\/\/chpantalya.com\/wp-content\/uploads\/2016\/10\/MANAVGAT-\u0130L\u00c7E-B\u0130NASI-YEN\u0130LEND\u0130-4.jpg) 0 0 no-repeat;\r\n                    }\r\n                    #tdi_1  .td-doubleSlider-2 .td-item5 {\r\n                        background: url(https:\/\/chpantalya.com\/wp-content\/uploads\/2016\/10\/MANAVGAT-\u0130L\u00c7E-B\u0130NASI-YEN\u0130LEND\u0130-5.jpg) 0 0 no-repeat;\r\n                    }\r\n                    #tdi_1  .td-doubleSlider-2 .td-item6 {\r\n                        background: url(https:\/\/chpantalya.com\/wp-content\/uploads\/2016\/10\/MANAVGAT-\u0130L\u00c7E-B\u0130NASI-YEN\u0130LEND\u0130-6.jpg) 0 0 no-repeat;\r\n                    }\r\n                    #tdi_1  .td-doubleSlider-2 .td-item7 {\r\n                        background: url(https:\/\/chpantalya.com\/wp-content\/uploads\/2016\/10\/MANAVGAT-\u0130L\u00c7E-B\u0130NASI-YEN\u0130LEND\u0130-7.jpg) 0 0 no-repeat;\r\n                    }\r\n                    #tdi_1  .td-doubleSlider-2 .td-item8 {\r\n                        background: url(https:\/\/chpantalya.com\/wp-content\/uploads\/2016\/10\/MANAVGAT-\u0130L\u00c7E-B\u0130NASI-YEN\u0130LEND\u0130-8.jpg) 0 0 no-repeat;\r\n                    }\r\n                    #tdi_1  .td-doubleSlider-2 .td-item9 {\r\n                        background: url(https:\/\/chpantalya.com\/wp-content\/uploads\/2016\/10\/MANAVGAT-\u0130L\u00c7E-B\u0130NASI-YEN\u0130LEND\u0130-9.jpg) 0 0 no-repeat;\r\n                    }\r\n                <\/style>\r\n\r\n                <div id=\"tdi_1\" class=\"td-gallery td-slide-on-2-columns\">\r\n                    <div class=\"post_td_gallery\">\r\n                        <div class=\"td-gallery-slide-top\">\r\n                           <div class=\"td-gallery-title\"><\/div>\r\n\r\n                            <div class=\"td-gallery-controls-wrapper\">\r\n                                <div class=\"td-gallery-slide-count\"><span class=\"td-gallery-slide-item-focus\">1<\/span> - 9<\/div>\r\n                                <div class=\"td-gallery-slide-prev-next-but\">\r\n                                    <i class = \"td-icon-left doubleSliderPrevButton\"><\/i>\r\n                                    <i class = \"td-icon-right doubleSliderNextButton\"><\/i>\r\n                                <\/div>\r\n                            <\/div>\r\n                        <\/div>\r\n\r\n                        <div class = \"td-doubleSlider-1 \">\r\n                            <div class = \"td-slider\">\r\n                                \r\n                    <div class = \"td-slide-item td-item1\">\r\n                        <figure class=\"td-slide-galery-figure td-slide-popup-gallery\">\r\n                            <a class=\"slide-gallery-image-link\" href=\"https:\/\/chpantalya.com\/wp-content\/uploads\/2016\/10\/MANAVGAT-\u0130L\u00c7E-B\u0130NASI-YEN\u0130LEND\u0130-1.jpg\" title=\"manavgat-ilce-binasi-yenilendi-1\"  data-caption=\"\"  data-description=\"\">\r\n                                <img src=\"https:\/\/chpantalya.com\/wp-content\/uploads\/2016\/10\/MANAVGAT-\u0130L\u00c7E-B\u0130NASI-YEN\u0130LEND\u0130-1.jpg\" srcset=\"https:\/\/chpantalya.com\/wp-content\/uploads\/2016\/10\/MANAVGAT-\u0130L\u00c7E-B\u0130NASI-YEN\u0130LEND\u0130-1.jpg 420w, https:\/\/chpantalya.com\/wp-content\/uploads\/2016\/10\/MANAVGAT-\u0130L\u00c7E-B\u0130NASI-YEN\u0130LEND\u0130-1.jpg 840w\" sizes=\"(-webkit-min-device-pixel-ratio: 2) 840px, (min-resolution: 192dpi) 840px, 420px\" alt=\"\">\r\n                            <\/a>\r\n                            \r\n                        <\/figure>\r\n                    <\/div>\r\n                    <div class = \"td-slide-item td-item2\">\r\n                        <figure class=\"td-slide-galery-figure td-slide-popup-gallery\">\r\n                            <a class=\"slide-gallery-image-link\" href=\"https:\/\/chpantalya.com\/wp-content\/uploads\/2016\/10\/MANAVGAT-\u0130L\u00c7E-B\u0130NASI-YEN\u0130LEND\u0130-2.jpg\" title=\"manavgat-ilce-binasi-yenilendi-2\"  data-caption=\"\"  data-description=\"\">\r\n                                <img src=\"https:\/\/chpantalya.com\/wp-content\/uploads\/2016\/10\/MANAVGAT-\u0130L\u00c7E-B\u0130NASI-YEN\u0130LEND\u0130-2.jpg\" srcset=\"https:\/\/chpantalya.com\/wp-content\/uploads\/2016\/10\/MANAVGAT-\u0130L\u00c7E-B\u0130NASI-YEN\u0130LEND\u0130-2.jpg 420w, https:\/\/chpantalya.com\/wp-content\/uploads\/2016\/10\/MANAVGAT-\u0130L\u00c7E-B\u0130NASI-YEN\u0130LEND\u0130-2.jpg 840w\" sizes=\"(-webkit-min-device-pixel-ratio: 2) 840px, (min-resolution: 192dpi) 840px, 420px\" alt=\"\">\r\n                            <\/a>\r\n                            \r\n                        <\/figure>\r\n                    <\/div>\r\n                    <div class = \"td-slide-item td-item3\">\r\n                        <figure class=\"td-slide-galery-figure td-slide-popup-gallery\">\r\n                            <a class=\"slide-gallery-image-link\" href=\"https:\/\/chpantalya.com\/wp-content\/uploads\/2016\/10\/MANAVGAT-\u0130L\u00c7E-B\u0130NASI-YEN\u0130LEND\u0130-3.jpg\" title=\"manavgat-ilce-binasi-yenilendi-3\"  data-caption=\"\"  data-description=\"\">\r\n                                <img src=\"https:\/\/chpantalya.com\/wp-content\/uploads\/2016\/10\/MANAVGAT-\u0130L\u00c7E-B\u0130NASI-YEN\u0130LEND\u0130-3.jpg\" srcset=\"https:\/\/chpantalya.com\/wp-content\/uploads\/2016\/10\/MANAVGAT-\u0130L\u00c7E-B\u0130NASI-YEN\u0130LEND\u0130-3.jpg 420w, https:\/\/chpantalya.com\/wp-content\/uploads\/2016\/10\/MANAVGAT-\u0130L\u00c7E-B\u0130NASI-YEN\u0130LEND\u0130-3.jpg 840w\" sizes=\"(-webkit-min-device-pixel-ratio: 2) 840px, (min-resolution: 192dpi) 840px, 420px\" alt=\"\">\r\n                            <\/a>\r\n                            \r\n                        <\/figure>\r\n                    <\/div>\r\n                    <div class = \"td-slide-item td-item4\">\r\n                        <figure class=\"td-slide-galery-figure td-slide-popup-gallery\">\r\n                            <a class=\"slide-gallery-image-link\" href=\"https:\/\/chpantalya.com\/wp-content\/uploads\/2016\/10\/MANAVGAT-\u0130L\u00c7E-B\u0130NASI-YEN\u0130LEND\u0130-4.jpg\" title=\"manavgat-ilce-binasi-yenilendi-4\"  data-caption=\"\"  data-description=\"\">\r\n                                <img src=\"https:\/\/chpantalya.com\/wp-content\/uploads\/2016\/10\/MANAVGAT-\u0130L\u00c7E-B\u0130NASI-YEN\u0130LEND\u0130-4.jpg\" srcset=\"https:\/\/chpantalya.com\/wp-content\/uploads\/2016\/10\/MANAVGAT-\u0130L\u00c7E-B\u0130NASI-YEN\u0130LEND\u0130-4.jpg 420w, https:\/\/chpantalya.com\/wp-content\/uploads\/2016\/10\/MANAVGAT-\u0130L\u00c7E-B\u0130NASI-YEN\u0130LEND\u0130-4.jpg 840w\" sizes=\"(-webkit-min-device-pixel-ratio: 2) 840px, (min-resolution: 192dpi) 840px, 420px\" alt=\"\">\r\n                            <\/a>\r\n                            \r\n                        <\/figure>\r\n                    <\/div>\r\n                    <div class = \"td-slide-item td-item5\">\r\n                        <figure class=\"td-slide-galery-figure td-slide-popup-gallery\">\r\n                            <a class=\"slide-gallery-image-link\" href=\"https:\/\/chpantalya.com\/wp-content\/uploads\/2016\/10\/MANAVGAT-\u0130L\u00c7E-B\u0130NASI-YEN\u0130LEND\u0130-5.jpg\" title=\"manavgat-ilce-binasi-yenilendi-5\"  data-caption=\"\"  data-description=\"\">\r\n                                <img src=\"https:\/\/chpantalya.com\/wp-content\/uploads\/2016\/10\/MANAVGAT-\u0130L\u00c7E-B\u0130NASI-YEN\u0130LEND\u0130-5.jpg\" srcset=\"https:\/\/chpantalya.com\/wp-content\/uploads\/2016\/10\/MANAVGAT-\u0130L\u00c7E-B\u0130NASI-YEN\u0130LEND\u0130-5.jpg 420w, https:\/\/chpantalya.com\/wp-content\/uploads\/2016\/10\/MANAVGAT-\u0130L\u00c7E-B\u0130NASI-YEN\u0130LEND\u0130-5.jpg 840w\" sizes=\"(-webkit-min-device-pixel-ratio: 2) 840px, (min-resolution: 192dpi) 840px, 420px\" alt=\"\">\r\n                            <\/a>\r\n                            \r\n                        <\/figure>\r\n                    <\/div>\r\n                    <div class = \"td-slide-item td-item6\">\r\n                        <figure class=\"td-slide-galery-figure td-slide-popup-gallery\">\r\n                            <a class=\"slide-gallery-image-link\" href=\"https:\/\/chpantalya.com\/wp-content\/uploads\/2016\/10\/MANAVGAT-\u0130L\u00c7E-B\u0130NASI-YEN\u0130LEND\u0130-6.jpg\" title=\"manavgat-ilce-binasi-yenilendi-6\"  data-caption=\"\"  data-description=\"\">\r\n                                <img src=\"https:\/\/chpantalya.com\/wp-content\/uploads\/2016\/10\/MANAVGAT-\u0130L\u00c7E-B\u0130NASI-YEN\u0130LEND\u0130-6.jpg\" srcset=\"https:\/\/chpantalya.com\/wp-content\/uploads\/2016\/10\/MANAVGAT-\u0130L\u00c7E-B\u0130NASI-YEN\u0130LEND\u0130-6.jpg 420w, https:\/\/chpantalya.com\/wp-content\/uploads\/2016\/10\/MANAVGAT-\u0130L\u00c7E-B\u0130NASI-YEN\u0130LEND\u0130-6.jpg 840w\" sizes=\"(-webkit-min-device-pixel-ratio: 2) 840px, (min-resolution: 192dpi) 840px, 420px\" alt=\"\">\r\n                            <\/a>\r\n                            \r\n                        <\/figure>\r\n                    <\/div>\r\n                    <div class = \"td-slide-item td-item7\">\r\n                        <figure class=\"td-slide-galery-figure td-slide-popup-gallery\">\r\n                            <a class=\"slide-gallery-image-link\" href=\"https:\/\/chpantalya.com\/wp-content\/uploads\/2016\/10\/MANAVGAT-\u0130L\u00c7E-B\u0130NASI-YEN\u0130LEND\u0130-7.jpg\" title=\"manavgat-ilce-binasi-yenilendi-7\"  data-caption=\"\"  data-description=\"\">\r\n                                <img src=\"https:\/\/chpantalya.com\/wp-content\/uploads\/2016\/10\/MANAVGAT-\u0130L\u00c7E-B\u0130NASI-YEN\u0130LEND\u0130-7.jpg\" srcset=\"https:\/\/chpantalya.com\/wp-content\/uploads\/2016\/10\/MANAVGAT-\u0130L\u00c7E-B\u0130NASI-YEN\u0130LEND\u0130-7.jpg 420w, https:\/\/chpantalya.com\/wp-content\/uploads\/2016\/10\/MANAVGAT-\u0130L\u00c7E-B\u0130NASI-YEN\u0130LEND\u0130-7.jpg 840w\" sizes=\"(-webkit-min-device-pixel-ratio: 2) 840px, (min-resolution: 192dpi) 840px, 420px\" alt=\"\">\r\n                            <\/a>\r\n                            \r\n                        <\/figure>\r\n                    <\/div>\r\n                    <div class = \"td-slide-item td-item8\">\r\n                        <figure class=\"td-slide-galery-figure td-slide-popup-gallery\">\r\n                            <a class=\"slide-gallery-image-link\" href=\"https:\/\/chpantalya.com\/wp-content\/uploads\/2016\/10\/MANAVGAT-\u0130L\u00c7E-B\u0130NASI-YEN\u0130LEND\u0130-8.jpg\" title=\"manavgat-ilce-binasi-yenilendi-8\"  data-caption=\"\"  data-description=\"\">\r\n                                <img src=\"https:\/\/chpantalya.com\/wp-content\/uploads\/2016\/10\/MANAVGAT-\u0130L\u00c7E-B\u0130NASI-YEN\u0130LEND\u0130-8-630x420.jpg\" srcset=\"https:\/\/chpantalya.com\/wp-content\/uploads\/2016\/10\/MANAVGAT-\u0130L\u00c7E-B\u0130NASI-YEN\u0130LEND\u0130-8-630x420.jpg 420w, https:\/\/chpantalya.com\/wp-content\/uploads\/2016\/10\/MANAVGAT-\u0130L\u00c7E-B\u0130NASI-YEN\u0130LEND\u0130-8.jpg 840w\" sizes=\"(-webkit-min-device-pixel-ratio: 2) 840px, (min-resolution: 192dpi) 840px, 420px\" alt=\"\">\r\n                            <\/a>\r\n                            \r\n                        <\/figure>\r\n                    <\/div>\r\n                    <div class = \"td-slide-item td-item9\">\r\n                        <figure class=\"td-slide-galery-figure td-slide-popup-gallery\">\r\n                            <a class=\"slide-gallery-image-link\" href=\"https:\/\/chpantalya.com\/wp-content\/uploads\/2016\/10\/MANAVGAT-\u0130L\u00c7E-B\u0130NASI-YEN\u0130LEND\u0130-9.jpg\" title=\"manavgat-ilce-binasi-yenilendi-9\"  data-caption=\"\"  data-description=\"\">\r\n                                <img src=\"https:\/\/chpantalya.com\/wp-content\/uploads\/2016\/10\/MANAVGAT-\u0130L\u00c7E-B\u0130NASI-YEN\u0130LEND\u0130-9-630x420.jpg\" srcset=\"https:\/\/chpantalya.com\/wp-content\/uploads\/2016\/10\/MANAVGAT-\u0130L\u00c7E-B\u0130NASI-YEN\u0130LEND\u0130-9-630x420.jpg 420w, https:\/\/chpantalya.com\/wp-content\/uploads\/2016\/10\/MANAVGAT-\u0130L\u00c7E-B\u0130NASI-YEN\u0130LEND\u0130-9.jpg 840w\" sizes=\"(-webkit-min-device-pixel-ratio: 2) 840px, (min-resolution: 192dpi) 840px, 420px\" alt=\"\">\r\n                            <\/a>\r\n                            \r\n                        <\/figure>\r\n                    <\/div>\r\n                            <\/div>\r\n                        <\/div>\r\n\r\n                        <div class = \"td-doubleSlider-2\">\r\n                            <div class = \"td-slider\">\r\n                                \r\n                    <div class = \"td-button td-item1\">\r\n                        <div class = \"td-border\"><\/div>\r\n                    <\/div>\r\n                    <div class = \"td-button td-item2\">\r\n                        <div class = \"td-border\"><\/div>\r\n                    <\/div>\r\n                    <div class = \"td-button td-item3\">\r\n                        <div class = \"td-border\"><\/div>\r\n                    <\/div>\r\n                    <div class = \"td-button td-item4\">\r\n                        <div class = \"td-border\"><\/div>\r\n                    <\/div>\r\n                    <div class = \"td-button td-item5\">\r\n                        <div class = \"td-border\"><\/div>\r\n                    <\/div>\r\n                    <div class = \"td-button td-item6\">\r\n                        <div class = \"td-border\"><\/div>\r\n                    <\/div>\r\n                    <div class = \"td-button td-item7\">\r\n                        <div class = \"td-border\"><\/div>\r\n                    <\/div>\r\n                    <div class = \"td-button td-item8\">\r\n                        <div class = \"td-border\"><\/div>\r\n                    <\/div>\r\n                    <div class = \"td-button td-item9\">\r\n                        <div class = \"td-border\"><\/div>\r\n                    <\/div>\r\n                            <\/div>\r\n                        <\/div>\r\n\r\n                    <\/div>\r\n\r\n                <\/div>\r\n                \n","protected":false},"excerpt":{"rendered":"<p>Tadilattan ge\u00e7erek yenilenen Cumhuriyet Halk Partisi (CHP) Manavgat \u0130l\u00e7e \u00d6rg\u00fct\u00fc\u2019n\u00fcn yeni hizmet binas\u0131 d\u00fczenlenen t\u00f6renle hizmete a\u00e7\u0131ld\u0131. CHP Manavgat \u0130l\u00e7e \u00d6rg\u00fct\u00fc\u2019n\u00fcn yenilenen hizmet binas\u0131 d\u00fczenlenen t\u00f6renle a\u00e7\u0131ld\u0131. A\u00e7\u0131l\u0131\u015fa, CHP eski Genel Ba\u015fkan\u0131 ve Antalya Milletvekili Deniz Baykal, Antalya Milletvekilleri Mustafa Akayd\u0131n, Niyazi Nefi Kara, Manavgat Belediye Ba\u015fkan\u0131 \u015e\u00fckr\u00fc S\u00f6zen, Antalya \u0130l Ba\u015fkan\u0131 Mustafa Erdem, il\u00e7e [&hellip;]<\/p>\n","protected":false},"author":1,"featured_media":11658,"comment_status":"closed","ping_status":"open","sticky":false,"template":"","format":"standard","meta":[],"categories":[31],"tags":[],"amp_enabled":true,"_links":{"self":[{"href":"https:\/\/chpantalya.com\/index.php?rest_route=\/wp\/v2\/posts\/11645"}],"collection":[{"href":"https:\/\/chpantalya.com\/index.php?rest_route=\/wp\/v2\/posts"}],"about":[{"href":"https:\/\/chpantalya.com\/index.php?rest_route=\/wp\/v2\/types\/post"}],"author":[{"embeddable":true,"href":"https:\/\/chpantalya.com\/index.php?rest_route=\/wp\/v2\/users\/1"}],"replies":[{"embeddable":true,"href":"https:\/\/chpantalya.com\/index.php?rest_route=%2Fwp%2Fv2%2Fcomments&post=11645"}],"version-history":[{"count":0,"href":"https:\/\/chpantalya.com\/index.php?rest_route=\/wp\/v2\/posts\/11645\/revisions"}],"wp:featuredmedia":[{"embeddable":true,"href":"https:\/\/chpantalya.com\/index.php?rest_route=\/wp\/v2\/media\/11658"}],"wp:attachment":[{"href":"https:\/\/chpantalya.com\/index.php?rest_route=%2Fwp%2Fv2%2Fmedia&parent=11645"}],"wp:term":[{"taxonomy":"category","embeddable":true,"href":"https:\/\/chpantalya.com\/index.php?rest_route=%2Fwp%2Fv2%2Fcategories&post=11645"},{"taxonomy":"post_tag","embeddable":true,"href":"https:\/\/chpantalya.com\/index.php?rest_route=%2Fwp%2Fv2%2Ftags&post=11645"}],"curies":[{"name":"wp","href":"https:\/\/api.w.org\/{rel}","templated":true}]}}