{"id":11659,"date":"2016-10-25T13:23:09","date_gmt":"2016-10-25T10:23:09","guid":{"rendered":"http:\/\/chpantalya.com\/?p=11659"},"modified":"2016-10-25T13:23:09","modified_gmt":"2016-10-25T10:23:09","slug":"atso-ve-antalyamiza-gecmis-olsun","status":"publish","type":"post","link":"https:\/\/chpantalya.com\/?p=11659","title":{"rendered":"ATSO VE ANTALYAMIZA GE\u00c7M\u0130\u015e OLSUN"},"content":{"rendered":"<p>CHP Antalya \u0130l Ba\u015fkan\u0131 Mustafa Erdem, Bug\u00fcn sabah saatlerinde Antalya Ticaret ve Sanayi Odas\u0131 (ATSO) otopark\u0131nda meydana gelen patlama nedeniyle yaz\u0131l\u0131 bir a\u00e7\u0131klama yaparak; yaral\u0131lara acil \u015fifalar diledi.<\/p>\n<p>CHP Antalya \u0130l Ba\u015fkan\u0131 Mustafa Erdem, \u201cAntalya Ticaret ve Sanayi Odas\u0131 (ATSO) otopark\u0131nda meydana gelen patlaman\u0131n, endi\u015fe yaratt\u0131\u011f\u0131n\u0131, ya\u015fanan olayda can kayb\u0131 olmamas\u0131n\u0131n s\u0131k\u0131nt\u0131lar\u0131 hafifletti\u011fini ifade ederek \u201cYaralanan vatanda\u015flar\u0131m\u0131za acil \u015fifalar diliyorum. Antalya Ticaret ve Sanayi Odas\u0131\u2019na (ATSO), Antalya\u2019ya ge\u00e7mi\u015f olsun dileklerimi sunuyorum.<\/p>\n<p>Bu ya\u015fanan olayda g\u00f6stermektedir ki, \u00dclkemizin birlik ve beraberlik i\u00e7erisinde ve dayan\u0131\u015fma ruhu ile hareket etme zorunlulu\u011fu ortadad\u0131r. \u00dclkede huzuru, birli\u011fi, beraberli\u011fi dayan\u0131\u015fma ruhunu g\u00fc\u00e7lendirebilmemiz i\u00e7in t\u00fcm kesimlerin aralar\u0131nda ki etnik, dini, siyasi ayr\u0131l\u0131klar\u0131 bir tarafa b\u0131rakarak \u00fclkenin b\u00fct\u00fcnl\u00fc\u011f\u00fc, milletin birli\u011fi i\u00e7in katk\u0131 vermesi zorunludur. Dedi.<\/p>\n","protected":false},"excerpt":{"rendered":"<p>CHP Antalya \u0130l Ba\u015fkan\u0131 Mustafa Erdem, Bug\u00fcn sabah saatlerinde Antalya Ticaret ve Sanayi Odas\u0131 (ATSO) otopark\u0131nda meydana gelen patlama nedeniyle yaz\u0131l\u0131 bir a\u00e7\u0131klama yaparak; yaral\u0131lara acil \u015fifalar diledi. CHP Antalya \u0130l Ba\u015fkan\u0131 Mustafa Erdem, \u201cAntalya Ticaret ve Sanayi Odas\u0131 (ATSO) otopark\u0131nda meydana gelen patlaman\u0131n, endi\u015fe yaratt\u0131\u011f\u0131n\u0131, ya\u015fanan olayda can kayb\u0131 olmamas\u0131n\u0131n s\u0131k\u0131nt\u0131lar\u0131 hafifletti\u011fini ifade ederek [&hellip;]<\/p>\n","protected":false},"author":1,"featured_media":11661,"comment_status":"closed","ping_status":"open","sticky":false,"template":"","format":"standard","meta":[],"categories":[31],"tags":[],"amp_enabled":true,"_links":{"self":[{"href":"https:\/\/chpantalya.com\/index.php?rest_route=\/wp\/v2\/posts\/11659"}],"collection":[{"href":"https:\/\/chpantalya.com\/index.php?rest_route=\/wp\/v2\/posts"}],"about":[{"href":"https:\/\/chpantalya.com\/index.php?rest_route=\/wp\/v2\/types\/post"}],"author":[{"embeddable":true,"href":"https:\/\/chpantalya.com\/index.php?rest_route=\/wp\/v2\/users\/1"}],"replies":[{"embeddable":true,"href":"https:\/\/chpantalya.com\/index.php?rest_route=%2Fwp%2Fv2%2Fcomments&post=11659"}],"version-history":[{"count":0,"href":"https:\/\/chpantalya.com\/index.php?rest_route=\/wp\/v2\/posts\/11659\/revisions"}],"wp:featuredmedia":[{"embeddable":true,"href":"https:\/\/chpantalya.com\/index.php?rest_route=\/wp\/v2\/media\/11661"}],"wp:attachment":[{"href":"https:\/\/chpantalya.com\/index.php?rest_route=%2Fwp%2Fv2%2Fmedia&parent=11659"}],"wp:term":[{"taxonomy":"category","embeddable":true,"href":"https:\/\/chpantalya.com\/index.php?rest_route=%2Fwp%2Fv2%2Fcategories&post=11659"},{"taxonomy":"post_tag","embeddable":true,"href":"https:\/\/chpantalya.com\/index.php?rest_route=%2Fwp%2Fv2%2Ftags&post=11659"}],"curies":[{"name":"wp","href":"https:\/\/api.w.org\/{rel}","templated":true}]}}