{"id":11671,"date":"2016-10-27T14:04:10","date_gmt":"2016-10-27T11:04:10","guid":{"rendered":"http:\/\/chpantalya.com\/?p=11671"},"modified":"2016-10-27T14:04:10","modified_gmt":"2016-10-27T11:04:10","slug":"budak-sabah-akdeniz-gazetesi-iftiranin-hesabini-yargida-verecek","status":"publish","type":"post","link":"https:\/\/chpantalya.com\/?p=11671","title":{"rendered":"BUDAK: \u201cSABAH AKDEN\u0130Z GAZETES\u0130 \u0130FT\u0130RANIN HESABINI YARGIDA VERECEK\u201d"},"content":{"rendered":"<p><strong>-\u201cAKP\u2019L\u0130 K\u00d6SE, SABAH AKDEN\u0130Z\u2019\u0130N MAN\u015eET\u0130N\u0130 TEKZ\u0130P ETMEZSE, \u0130FT\u0130RANIN ORTA\u011eI OLACAKTIR\u201d<\/strong><\/p>\n<p><strong>-\u201cFET\u00d6\u2019Y\u00dc T\u00dcRK\u0130YE\u2019N\u0130N BA\u015eINA BELA EDENLER, \u00dcLKEY\u0130 14 YILDIR Y\u00d6NETENLERD\u0130R\u201d<\/strong><\/p>\n<p><strong>CHP Genel Ba\u015fkan Yard\u0131mc\u0131s\u0131 \u00c7etin Osman Budak, Sabah Akdeniz Gazetesi\u2019nin, AKP Antalya Milletvekili Mustafa K\u00f6se\u2019nin a\u00e7\u0131klamalar\u0131n\u0131 dayanak alarak CHP\u2019yi karalamaya kalkmas\u0131na sert tepki g\u00f6stererek, \u201cPartimizin bir ter\u00f6r \u00f6rg\u00fct\u00fcyle se\u00e7imlerde i\u015fbirli\u011fi yapt\u0131\u011f\u0131 iddias\u0131 b\u00fcy\u00fck bir yalan ve iftirad\u0131r. Sabah Akdeniz Gazetesi, CHP\u2019ye att\u0131\u011f\u0131 bu iftiran\u0131n hesab\u0131n\u0131 yarg\u0131da verecektir.\u00a0 AKP\u2019li K\u00f6se, Sabah Akdeniz\u2019in man\u015fetindeki ifadeyi tekzip etmezse, iftiran\u0131n orta\u011f\u0131 olacakt\u0131r\u201d dedi.<\/strong><\/p>\n<p>CHP Genel Ba\u015fkan Yard\u0131mc\u0131s\u0131 ve Antalya Milletvekili \u00c7etin Osman Budak, yapt\u0131\u011f\u0131 yaz\u0131l\u0131 a\u00e7\u0131klamada, AKP Milletvekili Mustafa K\u00f6se\u2019nin a\u00e7\u0131klamas\u0131n\u0131 \u201cCHP Sand\u0131klar\u0131 FET\u00d6\u2019ye B\u0131rakt\u0131 (26.10.2016)\u201d man\u015fetiyle veren Sabah Akdeniz Gazetesi\u2019nin, iftira su\u00e7u i\u015fledi\u011fini belirtti. Haberin ba\u015fka hi\u00e7bir yerinde \u201cCHP\u201d ifadesinin ge\u00e7medi\u011fini, K\u00f6se\u2019nin a\u00e7\u0131klamalar\u0131n\u0131 yay\u0131nlayan di\u011fer gazetelerde de parti ad\u0131n\u0131n yer almad\u0131\u011f\u0131na dikkat \u00e7eken Budak, \u201c\u00d6yle anla\u015f\u0131l\u0131yor ki; Sabah Akdeniz Gazetesi,\u00a0 iftira atabilmek i\u00e7in \u00f6zel bir gayretle ve kas\u0131tl\u0131 bir \u015fekilde Partimizin ad\u0131n\u0131 man\u015fete ta\u015f\u0131m\u0131\u015ft\u0131r. Bu yap\u0131lan gazetecilik de\u011fildir.\u00a0\u00a0 Bu man\u015fet, \u2018bir muhabir hatas\u0131 ya da dikkatsizlik\u2019 \u015feklinde bir d\u00fczeltmeyle ge\u00e7i\u015ftirilebilecek nitelikte de de\u011fildir. Bir kas\u0131t ve zorlama oldu\u011fu a\u00e7\u0131kt\u0131r. Partimizin \u2018FET\u00d6 ile se\u00e7imlerde i\u015fbirli\u011fi yapt\u0131\u011f\u0131, sand\u0131k g\u00f6revlilerinin FET\u00d6 taraf\u0131ndan belirlendi\u011fi\u2019 iddias\u0131 b\u00fcy\u00fck bir yalan ve iftirad\u0131r. Sabah Akdeniz Gazetesi, CHP d\u00fc\u015fmanl\u0131\u011f\u0131n\u0131n bir yans\u0131mas\u0131 olan bu iftiran\u0131n hesab\u0131n\u0131 yarg\u0131da verecektir\u201d dedi.<\/p>\n<p>Sabah Akdeniz Gazetesi\u2019nin man\u015fetinin AKP\u2019li K\u00f6se\u2019ye de sorumluluk y\u00fckledi\u011fini kaydeden Budak, \u201cSay\u0131n K\u00f6se,\u00a0 Sabah Akdeniz Gazetesi\u2019nin man\u015fetini tekzip etmezse, iftiran\u0131n orta\u011f\u0131 olacakt\u0131r. E\u011fer bu iftiran\u0131n orta\u011f\u0131 olacaksa, iddias\u0131n\u0131 ispatlamak zorundad\u0131r. CHP\u2019nin hangi se\u00e7imde,\u00a0 hangi sand\u0131klar\u0131 FET\u00d6\u2019ye b\u0131rakt\u0131\u011f\u0131n\u0131 belgeleriyle ortaya koymak zorundad\u0131r\u201d diye konu\u015ftu.<\/p>\n<p><strong>HAVUZ MEDYASININ \u0130FT\u0130RA KAMPANYALARI SU\u00c7U \u00d6RTMEK \u0130\u00c7\u0130N<\/strong><\/p>\n<p>Son d\u00f6nemde AKP\u2019lilerin AKP-FET\u00d6 ili\u015fkisini \u00f6rtebilmek i\u00e7in \u201cyavuz h\u0131rs\u0131z\u201d takti\u011fi uygulad\u0131\u011f\u0131n\u0131 kaydeden Budak, \u201cBa\u015fta say\u0131n Ba\u015fbakan olmak \u00fczere AKP\u2019li bakan ve milletvekilleri 14 y\u0131ld\u0131r, FET\u00d6\u2019ye b\u0131rak\u0131lan makamlar\u0131n, koltuklar\u0131n; FE\u00d6T\u2019c\u00fclere parsel parsel tahsis edilen arazilerin hesab\u0131n\u0131 vermek zorundad\u0131r. FET\u00d6\u2019y\u00fc \u00fclkenin ba\u015f\u0131na bela edenler, \u00fclkeyi 14 y\u0131ld\u0131r y\u00f6netenlerdir. Bu su\u00e7lar\u0131 gizlemek i\u00e7in \u015fimdi havuz medyas\u0131 \u00fczerinden iftira kampanyalar\u0131 devreye sokuluyor. Ama g\u00fcne\u015f bal\u00e7\u0131kla s\u0131vanmaz.\u00a0 Akla ziyan a\u00e7\u0131klamalar yaparak, yanda\u015f gazeteler ve havuz medyas\u0131 \u00fczerinde iftira kampanyas\u0131 y\u00fcr\u00fcterek, \u2018Allah affetsin\u2019 denilerek, bu su\u00e7lar\u0131n \u00fcst\u00fc \u00f6rt\u00fclemez. AKP\u2019li y\u00f6neticiler yavuz h\u0131rs\u0131z takti\u011fiyle hesap vermekten kurtulamaz. \u0130\u015flenen su\u00e7lar\u0131n hesab\u0131 hukuk \u00f6n\u00fcnde mutlaka sorulacakt\u0131r\u201d diye konu\u015ftu.<\/p>\n","protected":false},"excerpt":{"rendered":"<p>-\u201cAKP\u2019L\u0130 K\u00d6SE, SABAH AKDEN\u0130Z\u2019\u0130N MAN\u015eET\u0130N\u0130 TEKZ\u0130P ETMEZSE, \u0130FT\u0130RANIN ORTA\u011eI OLACAKTIR\u201d -\u201cFET\u00d6\u2019Y\u00dc T\u00dcRK\u0130YE\u2019N\u0130N BA\u015eINA BELA EDENLER, \u00dcLKEY\u0130 14 YILDIR Y\u00d6NETENLERD\u0130R\u201d CHP Genel Ba\u015fkan Yard\u0131mc\u0131s\u0131 \u00c7etin Osman Budak, Sabah Akdeniz Gazetesi\u2019nin, AKP Antalya Milletvekili Mustafa K\u00f6se\u2019nin a\u00e7\u0131klamalar\u0131n\u0131 dayanak alarak CHP\u2019yi karalamaya kalkmas\u0131na sert tepki g\u00f6stererek, \u201cPartimizin bir ter\u00f6r \u00f6rg\u00fct\u00fcyle se\u00e7imlerde i\u015fbirli\u011fi yapt\u0131\u011f\u0131 iddias\u0131 b\u00fcy\u00fck bir yalan ve [&hellip;]<\/p>\n","protected":false},"author":1,"featured_media":11672,"comment_status":"closed","ping_status":"open","sticky":false,"template":"","format":"standard","meta":[],"categories":[52,35],"tags":[],"amp_enabled":true,"_links":{"self":[{"href":"https:\/\/chpantalya.com\/index.php?rest_route=\/wp\/v2\/posts\/11671"}],"collection":[{"href":"https:\/\/chpantalya.com\/index.php?rest_route=\/wp\/v2\/posts"}],"about":[{"href":"https:\/\/chpantalya.com\/index.php?rest_route=\/wp\/v2\/types\/post"}],"author":[{"embeddable":true,"href":"https:\/\/chpantalya.com\/index.php?rest_route=\/wp\/v2\/users\/1"}],"replies":[{"embeddable":true,"href":"https:\/\/chpantalya.com\/index.php?rest_route=%2Fwp%2Fv2%2Fcomments&post=11671"}],"version-history":[{"count":0,"href":"https:\/\/chpantalya.com\/index.php?rest_route=\/wp\/v2\/posts\/11671\/revisions"}],"wp:featuredmedia":[{"embeddable":true,"href":"https:\/\/chpantalya.com\/index.php?rest_route=\/wp\/v2\/media\/11672"}],"wp:attachment":[{"href":"https:\/\/chpantalya.com\/index.php?rest_route=%2Fwp%2Fv2%2Fmedia&parent=11671"}],"wp:term":[{"taxonomy":"category","embeddable":true,"href":"https:\/\/chpantalya.com\/index.php?rest_route=%2Fwp%2Fv2%2Fcategories&post=11671"},{"taxonomy":"post_tag","embeddable":true,"href":"https:\/\/chpantalya.com\/index.php?rest_route=%2Fwp%2Fv2%2Ftags&post=11671"}],"curies":[{"name":"wp","href":"https:\/\/api.w.org\/{rel}","templated":true}]}}