{"id":11682,"date":"2016-10-28T11:43:07","date_gmt":"2016-10-28T08:43:07","guid":{"rendered":"http:\/\/chpantalya.com\/?p=11682"},"modified":"2016-10-28T11:43:07","modified_gmt":"2016-10-28T08:43:07","slug":"iktidarin-cumhuriyetle-hesaplasmasina-izin-vermeyecegiz","status":"publish","type":"post","link":"https:\/\/chpantalya.com\/?p=11682","title":{"rendered":"\u0130ktidar\u0131n Cumhuriyetle Hesapla\u015fmas\u0131na \u0130zin Vermeyece\u011fiz"},"content":{"rendered":"<p>CHP\u2019li Kara yapt\u0131\u011f\u0131 yaz\u0131l\u0131 a\u00e7\u0131klamada \u201c\u0130ktidar\u0131n Cumhuriyetle hesapla\u015fmas\u0131na izin vermeyece\u011fiz. \u00c7\u00fcnk\u00fc Atat\u00fcrk\u2019\u00fcn dedi\u011fi gibi T\u00fcrkiye Cumhuriyeti ilelebet payidar kalacakt\u0131r\u201d dedi.<\/p>\n<p>Cumhuriyet\u2019in ilan\u0131n\u0131n 93. Y\u0131ld\u00f6n\u00fcm\u00fc nedeniyle bir bas\u0131n a\u00e7\u0131klamas\u0131 yay\u0131nlayan CHP Antalya Milletvekili Dr. Niyazi Nefi Kara, T\u00fcrkiye Cumhuriyeti vatanda\u015flar\u0131n\u0131n en uzun s\u00fcredir kesintisiz ya\u015fam\u0131\u015f bir Cumhuriyet\u2019e sahip oldu\u011fu i\u00e7in gurur duymas\u0131 gerekti\u011fini belirtti.<\/p>\n<p><strong>Ba\u015fka \u00dclkelerdeki Cumhuriyet Y\u00f6netimlerinden \u00d6rnekler G\u00f6sterdi<\/strong><\/p>\n<p>A\u00e7\u0131klamas\u0131nda D\u00fcnyada cumhuriyet ile y\u00f6netilen \u00fclkelerden \u00f6rnekler veren Kara, Fransa\u2019n\u0131n 1958 y\u0131l\u0131nda kurulan 5. Cumhuriyeti\u2019ni ya\u015fad\u0131\u011f\u0131na dikkat \u00e7ekerek \u00fclkedeki en uzun cumhuriyetin 1871 y\u0131l\u0131nda kurulan ve 69 y\u0131l ya\u015fayan 3. Cumhuriyet oldu\u011funu hat\u0131rlatt\u0131. Kara ayr\u0131ca, \u0130spanya\u2019n\u0131n ilk cumhuriyetinin 1 y\u0131l, ikinci cumhuriyetinin 8 y\u0131l ya\u015fad\u0131\u011f\u0131n\u0131, Latin Amerika\u2019da 1920\u2019lerde kurulan Cumhuriyetlerin de \u00f6mr\u00fcn\u00fcn demokratik olmayan y\u00f6netimlerle ge\u00e7ti\u011fini belirtti.<\/p>\n<p>Bat\u0131 D\u00fcnyas\u0131nda sadece Estonya ve Finlandiya ile Amerika Birle\u015fik Devletleri ve \u0130svi\u00e7re Konfederasyonunun T\u00fcrkiye Cumhuriyeti\u2019nden \u00f6nce kurulmu\u015f ve bug\u00fcn hala ya\u015fayan Cumhuriyetler oldu\u011funu s\u00f6yleyen Kara, \u201c93 y\u0131ld\u0131r kesintisiz devam eden bir Cumhuriyet\u2019in k\u0131ymetini anlamak ancak cumhuriyeti, demokrasiyi, laikli\u011fi, insan haklar\u0131na sayg\u0131y\u0131 ve hukukun \u00fcst\u00fcnl\u00fc\u011f\u00fcn\u00fc i\u00e7selle\u015ftirebilmek ile m\u00fcmk\u00fcnd\u00fcr\u201d dedi.<\/p>\n<p><strong>Cumhuriyet \u00d6zg\u00fcrl\u00fck ve Ba\u011f\u0131ms\u0131zl\u0131k M\u00fccadelesini Ta\u00e7land\u0131ran Y\u00f6netim<\/strong><\/p>\n<p>\u0130ktidar\u0131n Lozan, Ba\u015fkanl\u0131k Sistemi ve \u0130smet Pa\u015fa\u2019ya y\u00f6nelik s\u00f6ylemlerinin ard\u0131nda Ulu \u00d6nder Mustafa Kemal Atat\u00fcrk ve Cumhuriyetle hesapla\u015fman\u0131n yatt\u0131\u011f\u0131n\u0131 belirten Kara, Atat\u00fcrk\u2019\u00fcn <em>\u201cDemokrasi ilkesinin en \u00e7a\u011fda\u015f ve mant\u0131kl\u0131 uygulamas\u0131n\u0131 temin eden h\u00fck\u00fcmet \u015fekli Cumhuriyettir\u201d<\/em> s\u00f6z\u00fcn\u00fc hat\u0131rlatarak iktidar mensuplar\u0131n\u0131n demokrasi ve Cumhuriyet kazan\u0131mlar\u0131n\u0131 i\u00e7selle\u015ftiremedi\u011fini ve 15 Temmuz Darbe Giri\u015fimi\u2019nin de bu hesapla\u015fma nedeniyle ya\u015fand\u0131\u011f\u0131n\u0131 ifade etti.<\/p>\n<p>T\u00fcrkiye Cumhuriyeti\u2019nin ne zorluklarla kuruldu\u011funun unutulmamas\u0131 gerekti\u011finin alt\u0131n\u0131 \u00e7izen Kara, \u00a0a\u00e7\u0131klamas\u0131nda \u201cBir milletin \u00f6zg\u00fcrl\u00fck ve ba\u011f\u0131ms\u0131zl\u0131k m\u00fccadelesini en iyi ta\u00e7land\u0131ran y\u00f6netim \u015feklinin Cumhuriyet oldu\u011funu belirten Mustafa Kemal Atat\u00fcrk\u2019\u00fcn bizlere b\u0131rakt\u0131\u011f\u0131 bu en de\u011ferli miras\u0131n 93. Kurulu\u015f y\u0131ld\u00f6n\u00fcm\u00fcnde, bu miras\u0131 yok etmeye \u00e7al\u0131\u015fan karanl\u0131k zihinlere kar\u015f\u0131 CHP olarak m\u00fccadelemiz daima devam edecektir\u201d ifadelerine yer verdi.<\/p>\n<p><strong>Cumhuriyet E\u011fitiminin \u00d6nemine Vurgu<\/strong><\/p>\n<p>Ulu \u00d6nder Mustafa Kemal Atat\u00fcrk\u2019\u00fcn Cumhuriyeti ilan ettikten sonra yeni T\u00fcrkiye\u2019de en \u00f6nem verdi\u011fi olgunun e\u011fitim oldu\u011funu hat\u0131rlatan Kara, \u201cE\u011fitim sistemini yap-boza \u00e7evirerek ideolojik temeller \u00fczerine oturtan ve Cumhuriyetin kazan\u0131mlar\u0131ndan ve de\u011ferlerinden uzakla\u015ft\u0131ran odaklar\u0131n ye\u015ferdi\u011fi s\u00fcre\u00e7ler bizi 15 Temmuz gibi ba\u011f\u0131ms\u0131zl\u0131\u011f\u0131m\u0131za ve cumhuriyetimize y\u00f6nelik sald\u0131r\u0131larla kar\u015f\u0131 kar\u015f\u0131ya getirmi\u015ftir\u201d diyerek Cumhuriyet olmadan \u00e7a\u011fda\u015fl\u0131\u011f\u0131n ger\u00e7ekle\u015femeyece\u011finin alt\u0131n\u0131 \u00e7izdi.<\/p>\n","protected":false},"excerpt":{"rendered":"<p>CHP\u2019li Kara yapt\u0131\u011f\u0131 yaz\u0131l\u0131 a\u00e7\u0131klamada \u201c\u0130ktidar\u0131n Cumhuriyetle hesapla\u015fmas\u0131na izin vermeyece\u011fiz. \u00c7\u00fcnk\u00fc Atat\u00fcrk\u2019\u00fcn dedi\u011fi gibi T\u00fcrkiye Cumhuriyeti ilelebet payidar kalacakt\u0131r\u201d dedi. Cumhuriyet\u2019in ilan\u0131n\u0131n 93. Y\u0131ld\u00f6n\u00fcm\u00fc nedeniyle bir bas\u0131n a\u00e7\u0131klamas\u0131 yay\u0131nlayan CHP Antalya Milletvekili Dr. Niyazi Nefi Kara, T\u00fcrkiye Cumhuriyeti vatanda\u015flar\u0131n\u0131n en uzun s\u00fcredir kesintisiz ya\u015fam\u0131\u015f bir Cumhuriyet\u2019e sahip oldu\u011fu i\u00e7in gurur duymas\u0131 gerekti\u011fini belirtti. Ba\u015fka \u00dclkelerdeki [&hellip;]<\/p>\n","protected":false},"author":1,"featured_media":11513,"comment_status":"closed","ping_status":"open","sticky":false,"template":"","format":"standard","meta":[],"categories":[35,50],"tags":[],"amp_enabled":true,"_links":{"self":[{"href":"https:\/\/chpantalya.com\/index.php?rest_route=\/wp\/v2\/posts\/11682"}],"collection":[{"href":"https:\/\/chpantalya.com\/index.php?rest_route=\/wp\/v2\/posts"}],"about":[{"href":"https:\/\/chpantalya.com\/index.php?rest_route=\/wp\/v2\/types\/post"}],"author":[{"embeddable":true,"href":"https:\/\/chpantalya.com\/index.php?rest_route=\/wp\/v2\/users\/1"}],"replies":[{"embeddable":true,"href":"https:\/\/chpantalya.com\/index.php?rest_route=%2Fwp%2Fv2%2Fcomments&post=11682"}],"version-history":[{"count":0,"href":"https:\/\/chpantalya.com\/index.php?rest_route=\/wp\/v2\/posts\/11682\/revisions"}],"wp:featuredmedia":[{"embeddable":true,"href":"https:\/\/chpantalya.com\/index.php?rest_route=\/wp\/v2\/media\/11513"}],"wp:attachment":[{"href":"https:\/\/chpantalya.com\/index.php?rest_route=%2Fwp%2Fv2%2Fmedia&parent=11682"}],"wp:term":[{"taxonomy":"category","embeddable":true,"href":"https:\/\/chpantalya.com\/index.php?rest_route=%2Fwp%2Fv2%2Fcategories&post=11682"},{"taxonomy":"post_tag","embeddable":true,"href":"https:\/\/chpantalya.com\/index.php?rest_route=%2Fwp%2Fv2%2Ftags&post=11682"}],"curies":[{"name":"wp","href":"https:\/\/api.w.org\/{rel}","templated":true}]}}