{"id":11693,"date":"2016-10-28T12:59:10","date_gmt":"2016-10-28T09:59:10","guid":{"rendered":"http:\/\/chpantalya.com\/?p=11693"},"modified":"2016-10-28T12:59:10","modified_gmt":"2016-10-28T09:59:10","slug":"budak-turkiye-cumhuriyetinin-93uncu-yildonumu-kutlu-olsun","status":"publish","type":"post","link":"https:\/\/chpantalya.com\/?p=11693","title":{"rendered":"BUDAK: T\u00fcrkiye Cumhuriyeti\u2019nin 93\u2019\u00fcnc\u00fc y\u0131ld\u00f6n\u00fcm\u00fc kutlu olsun"},"content":{"rendered":"<p>Gazi Mustafa Kemal Atat\u00fcrk\u2019\u00fcn dehas\u0131n\u0131n \u00fcr\u00fcn\u00fc, \u00e7a\u011fda\u015fla\u015fman\u0131n ve ayd\u0131nlanman\u0131n simgesi T\u00fcrkiye Cumhuriyeti\u2019nin 93\u2019\u00fcnc\u00fc y\u0131ld\u00f6n\u00fcm\u00fc kutlu olsun.<\/p>\n<p>Milletimizle birlikte\u00a0 Ayd\u0131nlanma Devrimi\u2019ne sahip \u00e7\u0131kacak;\u00a0B\u00fcy\u00fck Atat\u00fcrk\u2019\u00fcn\u00a0<strong>\u201cT\u00fcrkiye Cumhuriyeti her manas\u0131 ile b\u00fcy\u00fck T\u00fcrk milletinin \u00f6z ve aziz mal\u0131d\u0131r. K\u0131ymetli evlatlar\u0131n\u0131n elinde daima y\u00fckselecek, ebediyen ya\u015fayacakt\u0131r&#8221;<\/strong>\u00a0s\u00f6z\u00fc do\u011frultusunda, Cumhuriyetimizi ayd\u0131nl\u0131k yar\u0131nlara ta\u015f\u0131yaca\u011f\u0131z.<\/p>\n<p>T\u00fcrkiye Cumhuriyeti\u2019nin Kurucusu B\u00fcy\u00fck Atat\u00fcrk ve arkada\u015flar\u0131n\u0131 sayg\u0131yla an\u0131yor, Cumhuriyet Bayram\u0131\u2019n\u0131z\u0131 \u00a0kutluyorum.<\/p>\n<p>\u200bSayg\u0131lar\u0131mla.<\/p>\n<p>\u00c7etin Osman BUDAK<\/p>\n<p>CHP Genel Ba\u015fkan Yard\u0131mc\u0131s\u0131<\/p>\n<p>Antalya Milletvekili<\/p>\n","protected":false},"excerpt":{"rendered":"<p>Gazi Mustafa Kemal Atat\u00fcrk\u2019\u00fcn dehas\u0131n\u0131n \u00fcr\u00fcn\u00fc, \u00e7a\u011fda\u015fla\u015fman\u0131n ve ayd\u0131nlanman\u0131n simgesi T\u00fcrkiye Cumhuriyeti\u2019nin 93\u2019\u00fcnc\u00fc y\u0131ld\u00f6n\u00fcm\u00fc kutlu olsun. Milletimizle birlikte\u00a0 Ayd\u0131nlanma Devrimi\u2019ne sahip \u00e7\u0131kacak;\u00a0B\u00fcy\u00fck Atat\u00fcrk\u2019\u00fcn\u00a0\u201cT\u00fcrkiye Cumhuriyeti her manas\u0131 ile b\u00fcy\u00fck T\u00fcrk milletinin \u00f6z ve aziz mal\u0131d\u0131r. K\u0131ymetli evlatlar\u0131n\u0131n elinde daima y\u00fckselecek, ebediyen ya\u015fayacakt\u0131r&#8221;\u00a0s\u00f6z\u00fc do\u011frultusunda, Cumhuriyetimizi ayd\u0131nl\u0131k yar\u0131nlara ta\u015f\u0131yaca\u011f\u0131z. T\u00fcrkiye Cumhuriyeti\u2019nin Kurucusu B\u00fcy\u00fck Atat\u00fcrk ve arkada\u015flar\u0131n\u0131 sayg\u0131yla an\u0131yor, [&hellip;]<\/p>\n","protected":false},"author":1,"featured_media":10756,"comment_status":"closed","ping_status":"open","sticky":false,"template":"","format":"standard","meta":[],"categories":[52,35],"tags":[],"amp_enabled":true,"_links":{"self":[{"href":"https:\/\/chpantalya.com\/index.php?rest_route=\/wp\/v2\/posts\/11693"}],"collection":[{"href":"https:\/\/chpantalya.com\/index.php?rest_route=\/wp\/v2\/posts"}],"about":[{"href":"https:\/\/chpantalya.com\/index.php?rest_route=\/wp\/v2\/types\/post"}],"author":[{"embeddable":true,"href":"https:\/\/chpantalya.com\/index.php?rest_route=\/wp\/v2\/users\/1"}],"replies":[{"embeddable":true,"href":"https:\/\/chpantalya.com\/index.php?rest_route=%2Fwp%2Fv2%2Fcomments&post=11693"}],"version-history":[{"count":0,"href":"https:\/\/chpantalya.com\/index.php?rest_route=\/wp\/v2\/posts\/11693\/revisions"}],"wp:featuredmedia":[{"embeddable":true,"href":"https:\/\/chpantalya.com\/index.php?rest_route=\/wp\/v2\/media\/10756"}],"wp:attachment":[{"href":"https:\/\/chpantalya.com\/index.php?rest_route=%2Fwp%2Fv2%2Fmedia&parent=11693"}],"wp:term":[{"taxonomy":"category","embeddable":true,"href":"https:\/\/chpantalya.com\/index.php?rest_route=%2Fwp%2Fv2%2Fcategories&post=11693"},{"taxonomy":"post_tag","embeddable":true,"href":"https:\/\/chpantalya.com\/index.php?rest_route=%2Fwp%2Fv2%2Ftags&post=11693"}],"curies":[{"name":"wp","href":"https:\/\/api.w.org\/{rel}","templated":true}]}}