{"id":11738,"date":"2016-10-31T12:52:50","date_gmt":"2016-10-31T09:52:50","guid":{"rendered":"http:\/\/chpantalya.com\/?p=11738"},"modified":"2018-07-18T21:10:20","modified_gmt":"2018-07-18T18:10:20","slug":"kokten-icra-takibindeki-binlerce-engellimiz-icin-kanun-teklifi","status":"publish","type":"post","link":"https:\/\/chpantalya.com\/?p=11738","title":{"rendered":"K\u00f6k\u2019ten icra takibindeki binlerce engellimiz i\u00e7in kanun teklifi\u2026"},"content":{"rendered":"<p><strong>Devrim K\u00f6k\u2019ten icra takibindeki binlerce engellimiz i\u00e7in kanun teklifi\u2026<\/strong><\/p>\n<p>CHP Antalya Milletvekili ve Parti Meclisi \u00dcyesi Devrim K\u00f6k, haklar\u0131nda dava a\u00e7\u0131lan on binlerce engelli vatanda\u015flar\u0131m\u0131z\u0131n sorunlar\u0131n\u0131 \u00e7\u00f6zmek i\u00e7in kanun teklifi verdi.<\/p>\n<p>K\u00f6k,\u00a0 evde bak\u0131m \u00fccreti alabilmeli i\u00e7in 6518 say\u0131l\u0131 Kanunla de\u011fi\u015ftirilen 2828 say\u0131l\u0131 Kanunun Ek 7 nci maddesinde yer alan \u201cHer ne ad alt\u0131nda olursa olsun her t\u00fcrl\u00fc gelirler toplam\u0131 esas al\u0131nmak suretiyle, hane i\u00e7inde ki\u015fi ba\u015f\u0131na d\u00fc\u015fen ortalama ayl\u0131k gelir tutar\u0131, asgari \u00fccretin ayl\u0131k net tutar\u0131n\u0131n 2\/3\u2019\u00fcnden daha az olan engellilerin muhta\u00e7 say\u0131laca\u011f\u0131 ve bunlardan bak\u0131ma ihtiyac\u0131 olan engellilerin evde bak\u0131m\u0131n\u0131n desteklenmesi amac\u0131yla sosyal yard\u0131m \u00f6denece\u011fi,\u201d ibaresi g\u00fcn\u00fcm\u00fcz ko\u015fular\u0131na uygun de\u011fildir.<\/p>\n<p>Bir engellinin evde bak\u0131m \u00fccreti alabilmesi i\u00e7in hane halk\u0131n\u0131n ayl\u0131k gelirinin asgari \u00fccretin 2\/3\u2019\u00fcnden daha az olmas\u0131 \u015fart\u0131 nedeniyle bir \u00e7ok engellimiz ve aileleri bu kanundan yaralanamamakta, yaralanm\u0131\u015f olanlar\u0131n b\u00fcy\u00fck bir k\u0131sm\u0131 da Bakanl\u0131k ile icral\u0131k durumdad\u0131r. Bu durumda olanlar zorunlu olarak geri \u00f6demeler i\u00e7in 60 ayl\u0131k \u00f6deme plan\u0131 yapmak zorunda b\u0131rak\u0131l\u0131yorlar. Evde bak\u0131m \u00fccreti alan binlerce engellimiz ve yak\u0131nlar\u0131 Aile ve Sosyal Yard\u0131mla\u015fma Bakanl\u0131\u011f\u0131 taraf\u0131ndan, kanundaki bu madde\u00a0 nedeniyle ma\u011fdur edilmektedir.<\/p>\n<p>T\u00fcrkiye n\u00fcfusunun neredeyse % 12 sinin engelli oldu\u011funu d\u00fc\u015f\u00fcn\u00fcrsek asgari \u00fccretin 2\/3 \u00fcnden daha az geliri olan vatanda\u015flar\u0131m\u0131z\u0131n evlerinde engellilerine bakma imkan\u0131 da zaten m\u00fcmk\u00fcn de\u011fildir. Nas\u0131l bak\u0131p, masraflar\u0131n\u0131 nas\u0131l kar\u015f\u0131layacak. Bu durum Anayasam\u0131zda yer alan sosyal devlet ilkesine ve insan haklar\u0131na ayk\u0131r\u0131d\u0131r. Bu nedenle binlerce engellimizi i\u00e7inde bulunduklar\u0131 bu zor durumdan kurtulmas\u0131 i\u00e7in mevcut kanunda yer alan \u201casgari \u00fccretin ayl\u0131k net tutar\u0131n\u0131n 2\/3\u2019\u00fcnden az olmas\u0131\u201d \u015fart\u0131n\u0131n g\u00fcncellenmesi gereklidir.<\/p>\n<p>Bu nedenle kanun teklifimde\u00a0 asgari \u00fccretin br\u00fct 2 kat\u0131ndan az olmamas\u0131 \u015fart\u0131n\u0131n getirilmesini ve halen bu ma\u011fduriyetler nedeniyle devam eden mahkemeler ve icralarla ilgili olarak da \u201c Bu maddenin y\u00fcr\u00fcrl\u00fc\u011fe girdi\u011fi tarihten \u00f6nce bu Kanunun 2\u2019nci maddesinin birinci ve ikinci f\u0131kralar\u0131 uyar\u0131nca ayl\u0131k ba\u011flanmas\u0131 i\u00e7in a\u00e7\u0131lm\u0131\u015f olup g\u00f6r\u00fclmekte olan davalarda ayl\u0131k ba\u011flanmas\u0131na karar verilebilmesi i\u00e7in hane i\u00e7inde ki\u015fi ba\u015f\u0131na d\u00fc\u015fen ortalama ayl\u0131k gelir tutar\u0131n\u0131n asgari \u00fccretin br\u00fct iki\u00a0 kat\u0131ndan fazla olmamas\u0131 \u015fart\u0131 g\u00f6zetilir.\u201d ibaresiyle de\u011fi\u015ftirilmesini \u00f6nerdim.<\/p>\n<p>K\u00f6k, b\u00f6ylece bir \u00e7ok engellilerimiz ve aileleri \u00fczerlerindeki bu olumsuz durumdan bir nebze olsun kurtulacak,\u00a0 mecburiyet kar\u015f\u0131s\u0131nda Aile ve Sosyal Yard\u0131mla\u015fma Bakanl\u0131\u011f\u0131 ile geri \u00f6deme konusunda yapt\u0131\u011f\u0131 s\u00f6zle\u015fmeler , 60 ayl\u0131k geri \u00f6deme planlar\u0131, icral\u0131k davalar son bulacak, engellilerimiz ve aileleri rahat bir nefes alacakt\u0131r.<\/p>\n<p>K\u00f6k, teklifinde\u00a0 bir \u00e7ok engellimizin evde ya\u015famak zorunda kald\u0131\u011f\u0131n\u0131, bu nedenle internet kullanan engellilerimize ucuz internet sa\u011flanmas\u0131 gerekti\u011fini, ayr\u0131ca a\u011f\u0131r engellilerin kendileri ile birlikte birden fazla olmamak \u00fczere birlikte yolculuk ettikleri refakat\u00e7ileri havayollar\u0131n\u0131n yurt i\u00e7i hatlar\u0131ndan \u00fccretsiz olarak yararlanmas\u0131n\u0131n hem maddi hem de manevi olarak engellilerimize ve ailelerine bir nebze olsun katk\u0131 sa\u011flayacakt\u0131r.<\/p>\n<p>Ayr\u0131ca, 31\/5\/2006 tarihli ve 5510 say\u0131l\u0131 Sosyal Sigortalar ve Genel Sa\u011fl\u0131k Sigortas\u0131 Kanununun 60\u2019 \u0131nc\u0131 maddesinin de\u011fi\u015ftirilerek \u201c\u00c7al\u0131\u015fma istek, yetenek, sa\u011fl\u0131k ve yeterlili\u011finde olmas\u0131na ra\u011fmen, herhangi bir kas\u0131t ve kusuru olmaks\u0131z\u0131n i\u015fini kaybeden ve sa\u011fl\u0131k kurulu raporuyla %40 ve \u00fczerinde engelli oldu\u011funu belgeleyen sigortal\u0131lar\u0131n genel sa\u011fl\u0131k sigortas\u0131 primleri, 82 nci maddeye g\u00f6re belirlenen prime esas g\u00fcnl\u00fck kazan\u00e7 alt s\u0131n\u0131r\u0131n\u0131n otuz g\u00fcnl\u00fck tutar\u0131 \u00fczerinden Aile ve Sosyal Politikalar Bakanl\u0131\u011f\u0131 b\u00fct\u00e7esinden \u00f6denir.\u201d \u015feklinde de\u011fi\u015ftirilmesini isteyen K\u00f6k, yap\u0131lacak bu de\u011fi\u015fiklikler bizim 12 milyon engellimize kar\u015f\u0131 hem vicdani hem siyasi sorumlulu\u011fumuzdur dedi.<\/p>\n<p>&nbsp;<\/p>\n<p>\u2026\u2026\u2026.<\/p>\n<p><strong>ENGELL\u0130LERE Y\u00d6NEL\u0130K BAZI \u0130Y\u0130LE\u015eT\u0130RMELER YAPILMASI HAKKINDA KANUN TEKL\u0130F\u0130<\/strong><\/p>\n<p><strong>MADDE 1- <\/strong>1\/7\/1976 say\u0131l\u0131 ve 2022 say\u0131l\u0131 65 Ya\u015f\u0131n\u0131 Doldurmu\u015f Muhta\u00e7, G\u00fc\u00e7s\u00fcz ve Kimsesiz T\u00fcrk Vatanda\u015flar\u0131na Ayl\u0131k Ba\u011flanmas\u0131 Hakk\u0131nda Kanunun 2 nci maddesinin \u00fc\u00e7\u00fcnc\u00fc f\u0131kras\u0131n\u0131n birinci c\u00fcmlesi a\u015fa\u011f\u0131daki \u015fekilde de\u011fi\u015ftirilmi\u015ftir.<\/p>\n<p>\u201cBirinci f\u0131kran\u0131n (a) ve (b) bentleri kapsam\u0131na giren engellilerden veya ikinci f\u0131kra gere\u011fince ayl\u0131k ba\u011flanacak engelli yak\u0131nlar\u0131ndan, her ne nam alt\u0131nda olursa olsun her t\u00fcrl\u00fc gelirler toplam\u0131 esas al\u0131nmak suretiyle, hane i\u00e7inde ki\u015fi ba\u015f\u0131na d\u00fc\u015fen ortalama ayl\u0131k gelir tutar\u0131, asgari \u00fccretin br\u00fct iki kat\u0131ndan fazla olanlar ile ayn\u0131 tutardan fazla gelir sa\u011flamas\u0131 m\u00fcmk\u00fcn olan kimseler muhta\u00e7 kabul edilemez ve kendilerine ayl\u0131k ba\u011flanamaz.\u201d<\/p>\n<p><strong>MADDE 2-<\/strong> 2022 say\u0131l\u0131 Kanuna a\u015fa\u011f\u0131daki ge\u00e7ici madde eklenmi\u015ftir.<\/p>\n<p>\u201cGE\u00c7\u0130C\u0130 MADDE 5- Bu maddenin y\u00fcr\u00fcrl\u00fc\u011fe girdi\u011fi tarihten \u00f6nce bu Kanunun 2\u2019nci maddesinin birinci ve ikinci f\u0131kralar\u0131 uyar\u0131nca ayl\u0131k ba\u011flanmas\u0131 i\u00e7in a\u00e7\u0131lm\u0131\u015f olup g\u00f6r\u00fclmekte olan davalarda ayl\u0131k ba\u011flanmas\u0131na karar verilebilmesi i\u00e7in hane i\u00e7inde ki\u015fi ba\u015f\u0131na d\u00fc\u015fen ortalama ayl\u0131k gelir tutar\u0131n\u0131n asgari \u00fccretin br\u00fct iki kat\u0131ndan fazla olmamas\u0131 \u015fart\u0131 g\u00f6zetilir.\u201d<\/p>\n<p><strong>MADDE 3- <\/strong>8\/1\/2002 tarihli ve 4736 say\u0131l\u0131 Kamu Kurum ve Kurulu\u015flar\u0131n\u0131n \u00dcrettikleri Mal ve Hizmet Tarifeleri ile Baz\u0131 Kanunlarda De\u011fi\u015fiklik Yap\u0131lmas\u0131 Hakk\u0131nda Kanunun 1 inci maddesinin ikinci f\u0131kras\u0131na a\u015fa\u011f\u0131daki c\u00fcmle eklenmi\u015ftir.<\/p>\n<p>\u201cSa\u011fl\u0131k kurulu raporuyla %40 ve \u00fczerinde engelli oldu\u011funu belgeleyen T\u00fcrk vatanda\u015flar\u0131n\u0131n kendileri ve a\u011f\u0131r engellilerin kendileri ile birlikte birden fazla olmamak \u00fczere birlikte yolculuk ettikleri refakat\u00e7ileri havayollar\u0131n\u0131n yurt i\u00e7i hatlar\u0131ndan \u00fccretsiz olarak yararlan\u0131rlar.\u201d<\/p>\n<p><strong>MADDE 4-<\/strong> 1\/7\/2005 tarihli ve 5378 say\u0131l\u0131 Engelliler Hakk\u0131nda Kanunun 7 nci maddesine a\u015fa\u011f\u0131daki f\u0131kra eklenmi\u015ftir.<\/p>\n<p>\u201c\u00dclke s\u0131n\u0131rlar\u0131 i\u00e7erisinde internet sa\u011flay\u0131c\u0131s\u0131 t\u00fcm firmalar taraf\u0131ndan, sa\u011fl\u0131k kurulu raporuyla %40 ve \u00fczerinde engelli oldu\u011funu belgeleyen T\u00fcrk vatanda\u015flar\u0131na internet paket fiyatlar\u0131nda % 50 indirim yap\u0131l\u0131r.\u201d<\/p>\n<p><strong>MADDE 5-<\/strong> 31\/5\/2006 tarihli ve 5510 say\u0131l\u0131 Sosyal Sigortalar ve Genel Sa\u011fl\u0131k Sigortas\u0131 Kanununun 60 \u0131nc\u0131 maddesine a\u015fa\u011f\u0131daki f\u0131kra eklenmi\u015ftir.<\/p>\n<p>\u201c\u00c7al\u0131\u015fma istek, yetenek, sa\u011fl\u0131k ve yeterlili\u011finde olmas\u0131na ra\u011fmen, herhangi bir kas\u0131t ve kusuru olmaks\u0131z\u0131n i\u015fini kaybeden ve sa\u011fl\u0131k kurulu raporuyla %40 ve \u00fczerinde engelli oldu\u011funu belgeleyen sigortal\u0131lar\u0131n genel sa\u011fl\u0131k sigortas\u0131 primleri, 82 nci maddeye g\u00f6re belirlenen prime esas g\u00fcnl\u00fck kazan\u00e7 alt s\u0131n\u0131r\u0131n\u0131n otuz g\u00fcnl\u00fck tutar\u0131 \u00fczerinden Aile ve Sosyal Politikalar Bakanl\u0131\u011f\u0131 b\u00fct\u00e7esinden \u00f6denir.\u201d<\/p>\n<p><strong>MADDE 6- <\/strong>5510 say\u0131l\u0131 Kanunun 69 uncu maddesinin birinci f\u0131kras\u0131na a\u015fa\u011f\u0131daki bent eklenmi\u015ftir.<\/p>\n<p>\u201c(\u011f) \u00a0\u00c7al\u0131\u015fma istek, yetenek, sa\u011fl\u0131k ve yeterlili\u011finde olmas\u0131na ra\u011fmen, herhangi bir kas\u0131t ve kusuru olmaks\u0131z\u0131n i\u015fini kaybeden ve sa\u011fl\u0131k kurulu raporuyla %40 ve \u00fczerinde engelli oldu\u011funu belgeleyenler.\u201d<\/p>\n<p><strong>MADDE 7-<\/strong> Bu Kanun yay\u0131m\u0131 tarihinde y\u00fcr\u00fcrl\u00fc\u011fe girer.<\/p>\n<p><strong>MADDE 8- <\/strong>Bu Kanun h\u00fck\u00fcmlerini Bakanlar Kurulu y\u00fcr\u00fct\u00fcr.<\/p>\n<p>&nbsp;<\/p>\n<p>&nbsp;<\/p>\n<p>&nbsp;<\/p>\n<p><strong>\u00a0<\/strong><\/p>\n<p><strong>\u00a0<\/strong><\/p>\n<p><strong>\u00a0<\/strong><\/p>\n<p><strong>\u00a0<\/strong><\/p>\n<p><strong>\u00a0<\/strong><\/p>\n<p><strong>\u00a0<\/strong><\/p>\n<p>&nbsp;<\/p>\n<p>&nbsp;<\/p>\n<p>&nbsp;<\/p>\n","protected":false},"excerpt":{"rendered":"<p>Devrim K\u00f6k\u2019ten icra takibindeki binlerce engellimiz i\u00e7in kanun teklifi\u2026 CHP Antalya Milletvekili ve Parti Meclisi \u00dcyesi Devrim K\u00f6k, haklar\u0131nda dava a\u00e7\u0131lan on binlerce engelli vatanda\u015flar\u0131m\u0131z\u0131n sorunlar\u0131n\u0131 \u00e7\u00f6zmek i\u00e7in kanun teklifi verdi. K\u00f6k,\u00a0 evde bak\u0131m \u00fccreti alabilmeli i\u00e7in 6518 say\u0131l\u0131 Kanunla de\u011fi\u015ftirilen 2828 say\u0131l\u0131 Kanunun Ek 7 nci maddesinde yer alan \u201cHer ne ad alt\u0131nda olursa [&hellip;]<\/p>\n","protected":false},"author":1,"featured_media":11532,"comment_status":"closed","ping_status":"open","sticky":false,"template":"","format":"standard","meta":[],"categories":[61,51],"tags":[],"amp_enabled":true,"_links":{"self":[{"href":"https:\/\/chpantalya.com\/index.php?rest_route=\/wp\/v2\/posts\/11738"}],"collection":[{"href":"https:\/\/chpantalya.com\/index.php?rest_route=\/wp\/v2\/posts"}],"about":[{"href":"https:\/\/chpantalya.com\/index.php?rest_route=\/wp\/v2\/types\/post"}],"author":[{"embeddable":true,"href":"https:\/\/chpantalya.com\/index.php?rest_route=\/wp\/v2\/users\/1"}],"replies":[{"embeddable":true,"href":"https:\/\/chpantalya.com\/index.php?rest_route=%2Fwp%2Fv2%2Fcomments&post=11738"}],"version-history":[{"count":0,"href":"https:\/\/chpantalya.com\/index.php?rest_route=\/wp\/v2\/posts\/11738\/revisions"}],"wp:featuredmedia":[{"embeddable":true,"href":"https:\/\/chpantalya.com\/index.php?rest_route=\/wp\/v2\/media\/11532"}],"wp:attachment":[{"href":"https:\/\/chpantalya.com\/index.php?rest_route=%2Fwp%2Fv2%2Fmedia&parent=11738"}],"wp:term":[{"taxonomy":"category","embeddable":true,"href":"https:\/\/chpantalya.com\/index.php?rest_route=%2Fwp%2Fv2%2Fcategories&post=11738"},{"taxonomy":"post_tag","embeddable":true,"href":"https:\/\/chpantalya.com\/index.php?rest_route=%2Fwp%2Fv2%2Ftags&post=11738"}],"curies":[{"name":"wp","href":"https:\/\/api.w.org\/{rel}","templated":true}]}}