{"id":11986,"date":"2016-11-04T12:12:39","date_gmt":"2016-11-04T09:12:39","guid":{"rendered":"http:\/\/chpantalya.com\/?p=11986"},"modified":"2016-11-04T12:50:40","modified_gmt":"2016-11-04T09:50:40","slug":"11986","status":"publish","type":"post","link":"https:\/\/chpantalya.com\/?p=11986","title":{"rendered":"KILI\u00c7DARO\u011eLU HABERT\u00dcRK TV&#8217;DE G\u00dcNDEME \u0130L\u0130\u015eK\u0130N SORULARI YANITLADI"},"content":{"rendered":"<h6 class=\"chp-content-title\"><strong>CHP GENEL BA\u015eKANI KEMAL KILI\u00c7DARO\u011eLU,\u00a0HABERT\u00dcRK TV\u2019DE KATILDI\u011eI &#8220;\u00d6ZEL R\u00d6PORTAJ&#8221; PROGRAMINDA AL\u0130 CAN T\u00dcRKO\u011eLU\u2019NUN G\u00dcNDEME \u0130L\u0130\u015eK\u0130N SORULARINI YANITLADI<\/strong><\/h6>\n<div class=\"chp-content-text\">CHP Genel Ba\u015fkan\u0131 Kemal K\u0131l\u0131\u00e7daro\u011flu, \u2019erken se\u00e7im\u2019 iddialar\u0131yla ilgili yapt\u0131\u011f\u0131 a\u00e7\u0131klamada, &#8220;Tek ba\u015f\u0131na iktidarken ni\u00e7in se\u00e7ime gidiyorsun? \u0130\u00e7lerindeki Bylock\u2019\u00e7ular\u0131 elemek i\u00e7in. Bunlar u\u00e7aklarla Pensilvanya\u2019ya hacca gider gibi gitmiyor muydu? Bylock kullananlar\u0131n \u00e7\u00f6z\u00fclen isimleri se\u00e7ilerek s\u00f6yleniyor, kontroll\u00fc. Savc\u0131l\u0131\u011fa bu ki\u015filerin isimleri bildirilmiyor&#8221; dedi.<\/div>\n<div class=\"chp-content-text\"><\/div>\n<div class=\"chp-content-text\"><\/div>\n<div class=\"chp-content-text\"><\/div>\n<div class=\"chp-content-text\"><\/div>\n<p><strong>Tan\u0131t\u0131m ve Halkla \u0130li\u015fkilerden Sorumlu Genel Ba\u015fkan Yard\u0131mc\u0131l\u0131\u011f\u0131m\u0131z &#8220;AKP ve FET\u00d6&#8217;n\u00fcn &#8216;Milad\u0131'&#8221; ba\u015fl\u0131kl\u0131 kitap\u00e7\u0131\u011f\u0131 yay\u0131mlad\u0131.<\/strong><\/p>\n<p><a href=\"http:\/\/iys.chp.org.tr\/Public\/eposta\/Attachment\/akp-icin-fetonun-miladi.pdf?6\"><img loading=\"lazy\" src=\"https:\/\/chpantalya.com\/wp-content\/uploads\/2016\/11\/akp-i\u00e7in-fetonun-miladi.jpg\" alt=\"\" width=\"460\" height=\"300\" \/><\/a><\/p>\n<p>&nbsp;<\/p>\n<p>&nbsp;<\/p>\n<div class=\"chp-content-text\"><strong>&#8220;B\u0130Z\u0130M ERDO\u011eAN\u2019LA SORUNUMUZ YOK&#8221;<\/strong><br \/>\nCHP Genel Ba\u015fkan\u0131 K\u0131l\u0131\u00e7daro\u011flu, Habert\u00fcrk TV\u2019nin canl\u0131 yay\u0131n\u0131nda g\u00fcndeme ili\u015fkin a\u00e7\u0131klamalarda bulundu. Ba\u015fkanl\u0131k sistemi tart\u0131\u015fmalar\u0131na de\u011finen K\u0131l\u0131\u00e7daro\u011flu, \u2019Fiili durum T\u00fcrkiye\u2019de hangi sorunu \u00e7\u00f6zd\u00fc?\u2019 diye sorarak, \u015fu ifadeleri kulland\u0131: &#8220;Bizim Erdo\u011fan\u2019la bir sorunumuz yok. Halk\u0131n oylar\u0131yla se\u00e7ilmi\u015ftir, tarafs\u0131zl\u0131\u011f\u0131n\u0131 bozmad\u0131\u011f\u0131 s\u00fcrece ele\u015ftiri almam\u0131\u015ft\u0131r. Tarafs\u0131zl\u0131\u011f\u0131n\u0131 bozunca ele\u015ftirdik. Sen Anayasa\u2019da yemin ettin. Etti\u011fi yemine sad\u0131k kalmamas\u0131 son derece tehlikeli bir durumdur. Hukuka \u00f6rnek olmas\u0131 gereken Say\u0131n Cumhurba\u015fkan\u0131\u2019d\u0131r. Bizim muhatab\u0131m\u0131z Say\u0131n Ba\u015fbakan. Bizim muhatab\u0131m\u0131z Ba\u015fbakan\u2019d\u0131r. O nedenle Say\u0131n Cumhurba\u015fkan\u0131\u2019n\u0131n sorumsuzlu\u011fu esast\u0131r. O makam sadece bir partiyi temsil etmiyor&#8221;<br \/>\n<strong><br \/>\n&#8220;T\u00dcRK\u0130YE\u2019N\u0130N B\u00d6L\u00dcNMES\u0130 S\u00d6Z KONUSU OLAB\u0130L\u0130R&#8221;<\/strong><br \/>\nBa\u015fkanl\u0131k sistemiyle T\u00fcrkiye\u2019nin b\u00f6l\u00fcnebilece\u011fini savunan CHP lideri K\u0131l\u0131\u00e7daro\u011flu, &#8220;T\u00fcrkiye\u2019yi ate\u015fe atmak istiyorlarsa, siyaseten de b\u00f6l\u00fcnme noktas\u0131na ta\u015f\u0131mak istiyorlarsa \u2019evet\u2019 oyu verebilirler. T\u00fcrkiye\u2019nin b\u00f6l\u00fcnmesi s\u00f6z konusu olabilir. Siyasal yap\u0131 tamamen de\u011fi\u015fecek. Sorun T\u00fcrkiye\u2019nin bekas\u0131 sorunudur. Say\u0131n Bah\u00e7eli de T\u00fcrkiye\u2019nin bekas\u0131n\u0131 benim kadar savunuyordur. Yar\u0131n bir ki\u015fi ba\u015fkan olup, \u2019Bu b\u00f6lgeyi size veriyorum\u2019 dese ne olacak? Biz T\u00fcrkiye\u2019nin birli\u011fini ve b\u00fct\u00fcnl\u00fc\u011f\u00fcn\u00fc d\u00fc\u015f\u00fcn\u00fcyoruz. Bizim rejim sorunumuz yok. Halk bu \u00fclkenin birli\u011fini, b\u00fct\u00fcnl\u00fc\u011f\u00fcn\u00fc, gelece\u011fini d\u00fc\u015f\u00fcnmez mi? T\u00fcrkiye\u2019nin gelece\u011fini \u00f6nemseyen herkes oturup d\u00fc\u015f\u00fcnmeli. Halk i\u00e7 sava\u015ftan m\u0131 yoksa bar\u0131\u015ftan m\u0131 yana?&#8221; diye konu\u015ftu.<br \/>\n<strong><br \/>\n\u2019ERKEN SE\u00c7\u0130M\u2019 \u0130DD\u0130ALARINA YANIT: \u0130\u00c7LER\u0130NDEK\u0130 BYLOCK\u2019\u00c7ULARI ELEMEK \u0130\u00c7\u0130N<\/strong><br \/>\nErken se\u00e7im tart\u0131\u015fmalar\u0131na ili\u015fkin a\u00e7\u0131klamalarda bulunan K\u0131l\u0131\u00e7daro\u011flu, &#8220;Tek ba\u015f\u0131na iktidarken ni\u00e7in se\u00e7ime gidiyorsun? \u0130\u00e7lerindeki Bylock\u2019\u00e7ular\u0131 elemek i\u00e7in. Haziran\u2019dan sonra bir koalisyon ortam\u0131 \u00e7\u0131km\u0131\u015ft\u0131, o d\u00f6nemi anlar\u0131m. \u015eimdi, tek ba\u015f\u0131na iktidarlar ve \u2019Biz T\u00fcrkiye\u2019yi y\u00f6netemiyoruz\u2019 diyorlar. 550 milletvekili \u00e7\u0131karsalar bile T\u00fcrkiye\u2019yi y\u00f6netemezler. \u00c7\u00fcnk\u00fc y\u00f6netme erkini kaybetmi\u015flerdir. Kendi i\u00e7lerinde de ciddi sorunlar var. FET\u00d6\u2019c\u00fc olan, olmayan var&#8221; dedi.<br \/>\n<strong><br \/>\n&#8220;CHP \u0130\u00c7\u0130NDE 1 K\u0130\u015e\u0130 \u0130\u00c7\u0130N S\u00d6YLEND\u0130, \u00c7IKMADI&#8221;<\/strong><br \/>\nAK Parti i\u00e7inde Bylock sistemini kullananlar\u0131n oldu\u011funu savunan K\u0131l\u0131\u00e7daro\u011flu, \u015f\u00f6yle konu\u015ftu: &#8220;Kesinlikle var. Bunlar u\u00e7aklarla Pensilvanya\u2019ya hacca gider gibi gitmiyor muydu? Onlar konu\u015fuyordu. Bylock kullananlar\u0131n \u00e7\u00f6z\u00fclen isimleri se\u00e7ilerek s\u00f6yleniyor, kontroll\u00fc. Savc\u0131l\u0131\u011fa bu ki\u015filerin isimleri bildirilmiyor. Program\u0131 ba\u011f\u0131ms\u0131z bir kurulu\u015f incelesin. CHP i\u00e7inde 1 ki\u015fi i\u00e7in s\u00f6ylendi, ara\u015ft\u0131r\u0131ld\u0131 \u00e7\u0131kmad\u0131&#8221;<br \/>\n<strong><br \/>\n&#8220;SE\u00c7\u0130MLE GELEN\u0130N SE\u00c7\u0130MLE G\u0130TMES\u0130 DEMOKRAS\u0130 KURALIDIR&#8221;<\/strong><br \/>\nDiyarbak\u0131r B\u00fcy\u00fck\u015fehir Belediye Ba\u015fkan\u0131 G\u00fcltan K\u0131\u015fanak ve DBP\u2019li Meclis \u00dcyesi F\u0131rat Anl\u0131\u2019n\u0131n g\u00f6zalt\u0131na al\u0131nmas\u0131yla ilgili de konu\u015fan CHP lideri K\u0131l\u0131\u00e7daro\u011flu, &#8220;Bir se\u00e7imle gelenin se\u00e7imle gitmesi demokrasi kural\u0131d\u0131r. Se\u00e7imle gelenler hukukla verilen g\u00f6revi yapmalar\u0131 gerekir&#8221; dedi.<iframe loading=\"lazy\" src=\"https:\/\/www.youtube.com\/embed\/aRf6ifOluM0\" width=\"640\" height=\"360\" frameborder=\"0\"><\/iframe><strong><em>CHP GENEL BA\u015eKANI KEMAL KILI\u00c7DARO\u011eLU\u2019NUN, \u00a0HABERT\u00dcRK TV &#8220;\u00d6ZEL R\u00d6PORTAJ&#8221; PROGRAMINDAK\u0130 G\u00dcNDEME \u0130L\u0130\u015eK\u0130N DE\u011eERLEND\u0130RMELER\u0130N\u0130N TAM METN\u0130 (28 EK\u0130M 2016)<\/em><\/strong><strong>Ali Can T\u00dcRKO\u011eLU- <\/strong>\u0130yi g\u00fcnler de\u011ferli izleyiciler. Habert\u00fcrk televizyonu ekranlar\u0131nda \u00e7ok de\u011ferli bir konukla birlikteyiz. Cumhuriyet Halk Partisi Genel Ba\u015fkan\u0131 Say\u0131n Kemal K\u0131l\u0131\u00e7daro\u011flu\u2019yla T\u00fcrkiye\u2019nin g\u00fcndemindeki t\u00fcm konular\u0131, i\u00e7 siyasette sistem tart\u0131\u015fmalar\u0131n\u0131, d\u0131\u015f siyasette d\u0131\u015f politikayla ilgili Irak\u2019taki, Suriye\u2019deki geli\u015fmeleri, Cumhuriyet Halk Partisinin bundan sonra izleyece\u011fi politikalar\u0131, t\u00fcm bunlar\u0131 masaya yat\u0131raca\u011f\u0131z. Say\u0131n K\u0131l\u0131\u00e7daro\u011flu te\u015fekk\u00fcr ediyoruz \u00f6ncelikle.<br \/>\n<strong>Kemal KILI\u00c7DARO\u011eLU- <\/strong>Biz de te\u015fekk\u00fcr ediyoruz.<strong>Ali Can T\u00dcRKO\u011eLU-<\/strong> G\u00fcndem \u00e7ok yo\u011fun T\u00fcrkiye\u2019de hem i\u00e7 politikada, hem d\u0131\u015f politikada her zaman yo\u011fun. Bir\u00e7ok ba\u015fl\u0131k var ama i\u00e7eriyle ba\u015flayal\u0131m. \u00d6zellikle yakla\u015f\u0131k i\u015fte bir ay oluyor Say\u0131n Bah\u00e7eli\u2019nin bir kez daha g\u00fcndeme getirdi\u011fi ba\u015fkanl\u0131k sistemi, sistem tart\u0131\u015fmalar\u0131 konusuyla ilgili olarak. Cumhuriyet Halk Partisi olarak bir kez daha \u015funu soray\u0131m \u00f6yle ba\u015flayal\u0131m. Ba\u015fkanl\u0131k sistemine veya T\u00fcrkiye\u2019de bir sistem de\u011fi\u015fikli\u011fine k\u00f6kten kar\u015f\u0131 m\u0131s\u0131n\u0131z Say\u0131n K\u0131l\u0131\u00e7daro\u011flu?<br \/>\n<strong>Kemal KILI\u00c7DARO\u011eLU-<\/strong> Evet.<strong>Ali Can T\u00dcRKO\u011eLU-<\/strong> Peki nedir kar\u015f\u0131 oldu\u011funuz noktalar? Yani T\u00fcrkiye Cumhuriyeti parlamenter sistemle y\u00f6netilecek, y\u00f6netilmeli neden?<br \/>\n<strong>Kemal KILI\u00c7DARO\u011eLU-<\/strong> \u015eimdi bak\u0131n, bir \u00fclkenin y\u00f6netimini, yani sistemini ya da rejimini o \u00fclkenin tarihi belirler, o \u00fclkenin k\u00fclt\u00fcr\u00fc belirler, o \u00fclkenin gelenekleri belirler. \u015eimdi biz parlamenter sistemi uyguluyoruz, ya\u015f\u0131yoruz. Yakla\u015f\u0131k 140 y\u0131ll\u0131k bir gelene\u011fimiz var parlamenter sistem konusunda. Yani Osmanl\u0131\u2019dan devrald\u0131\u011f\u0131m\u0131z bir miras asl\u0131nda bu sistem.<br \/>\n\u015eimdi biz parlamenter sistemin ya\u015fanan darbeler nedeniyle ciddi sorunlar do\u011furdu\u011funu da biliyoruz, fark\u0131nday\u0131z bunun. E\u011fer parlamenter sistemde bug\u00fcn ciddi aksakl\u0131klar varsa bu aksakl\u0131klar\u0131n nedeni ge\u00e7mi\u015fte yap\u0131lan darbelerin ve o darbelere dayal\u0131 olarak \u00e7\u0131kar\u0131lan yasalar\u0131n sonucudur. Bunu art\u0131k bilmemiz gerekiyor. Ve biz \u0131srarla hep \u015funu s\u00f6yledik: \u201cE\u011fer T\u00fcrkiye\u2019de ger\u00e7ek anlamda bir demokrasiyi, sa\u011fl\u0131kl\u0131 i\u015fleyen bir sistemi istiyorsak T\u00fcrkiye\u2019yi darbe hukukundan ar\u0131nd\u0131ral\u0131m\u201d dedik. O zaman sorun kalmaz.<br \/>\n\u015eimdi Amerika\u2019ya bak\u0131n, ba\u015fkanl\u0131k sistemi var. Neye g\u00f6re belirlenmi\u015f? Amerika\u2019n\u0131n ya\u015fad\u0131\u011f\u0131 tarihsel ko\u015fullar i\u00e7inde ba\u015fkanl\u0131k sistemi \u00e7\u0131km\u0131\u015f. Amerikan t\u00fcr\u00fc ba\u015fkanl\u0131k sistemi ba\u015fka bir \u00fclkede var m\u0131? Hay\u0131r. D\u00fcnyada tek \u00f6rnek var, bildi\u011fimiz ger\u00e7ek\u00e7i ba\u015fkanl\u0131k sistemi sadece Amerika\u2019da var. Amerika\u2019n\u0131n ko\u015fullar\u0131 nedir? Eyaletleri var. Yani ayr\u0131 devletlerden olu\u015fuyor, Amerika Birle\u015fik Devletleri zaten ad\u0131, b\u00fct\u00fcn devletlerin ortak se\u00e7tikleri bir ba\u015fkan var. Ba\u015fkan en zay\u0131f halkad\u0131r. \u00c7\u00fcnk\u00fc her eyaletin ayr\u0131 parlamentosu, her eyaletin ayr\u0131 ba\u015fkan\u0131 var, valisi var. Dolay\u0131s\u0131yla kendi i\u00e7inde y\u00f6netiyorlar. Kendi yasalar\u0131 var. \u00d6rne\u011fin bir eyalette idam yasakken bir ba\u015fka eyalette idam serbest olabiliyor.<strong>Ali Can T\u00dcRKO\u011eLU-<\/strong> Yani eyalet sistemi olmadan ba\u015fkanl\u0131k sistemi olmaz m\u0131?<br \/>\n<strong>Kemal KILI\u00c7DARO\u011eLU-<\/strong> Anlataca\u011f\u0131m. D\u00f6n\u00fcyorum Almanya\u2019ya, \u00e7ok k\u00f6kl\u00fc bir tarihsel ge\u00e7mi\u015fi var. Orada da eyaletler var. Her bir eyaletin ayr\u0131 bayra\u011f\u0131 var. Ama bir de Almanya var. Parlamenter sistem i\u00e7inde gayet g\u00fczel gidiyor. Kendi k\u00f6kl\u00fc geleneklerini s\u00fcrd\u00fcr\u00fcyor.<br \/>\nD\u00f6n\u00fcyorum di\u011fer ba\u015fkanl\u0131k sistemlerine. Yani ad\u0131 ba\u015fkanl\u0131k olan ama Amerika\u2019daki ba\u015fkanl\u0131k sistemine benzemeyen \u00fclkelere, bunlar daha \u00e7ok \u00fc\u00e7\u00fcnc\u00fc d\u00fcnya \u00fclkelerinde, yani tek adam rejimine dayal\u0131 sistemler.<br \/>\n\u015eimdi parlamenter sistemi kurduk. Parlamenter sistemden ne \u015fikayetimiz var \u00f6nce bunu bir ortaya koymam\u0131z laz\u0131m. Nedir \u015fikayet? Ben mesela bunu hala \u00f6\u011frenmi\u015f de\u011filim. Deniyor ki, \u2018efendim bununla parlamentodan istedi\u011fimiz tarzda yasalar\u0131 \u00e7\u0131karam\u0131yoruz.\u2019 Herhalde budur parlamenter sistemde. Yine Say\u0131n Cumhurba\u015fkan\u0131n\u0131n s\u00f6ylemine g\u00f6re s\u00f6yleyeyim, ifade edeyim: Efendim yasama- yani TBMM, yarg\u0131- yani mahkemeler benim i\u00e7in ayak ba\u011f\u0131d\u0131r diyor. O nedenle biz ba\u015fkanl\u0131k sistemine ge\u00e7elim diyor. Yani g\u00fc\u00e7lerin ayr\u0131l\u0131\u011f\u0131 de\u011fil, g\u00fc\u00e7lerin birle\u015fmesi. Bir ki\u015fi b\u00fct\u00fcn yetkilere sahip olsun diyor.<br \/>\nBir ki\u015finin b\u00fct\u00fcn yetkilere sahip oldu\u011fu d\u00fcnya \u00f6rne\u011fini de izledik. Neresiydi bu? Almanya\u2019dayd\u0131. Kimdi Ba\u015fkan? Hitler\u2019di. B\u00fct\u00fcn yetkiler onda m\u0131yd\u0131? B\u00fct\u00fcn yetkiler ondayd\u0131. Hatta d\u00f6nemin Adalet Bakan\u0131, Hitler\u2019in Adalet Bakan\u0131 diyor ki hakime, \u2018karar verirken Hitler\u2019i d\u00fc\u015f\u00fcneceksiniz. O olayda nas\u0131l karar veriyorsa ona g\u00f6re karar vereceksiniz.\u2019<br \/>\n\u015eimdi bu sistem hem Avrupa\u2019y\u0131, hem d\u00fcnyay\u0131 kana bo\u011fdu. O nedenle sa\u011fl\u0131kl\u0131 i\u015fleyen demokrasilerde, Amerika\u2019daki ba\u015fkanl\u0131k sistemi de dahil, g\u00fc\u00e7ler ayr\u0131l\u0131\u011f\u0131 vard\u0131r. Almanya da dahil g\u00fc\u00e7ler ayr\u0131l\u0131\u011f\u0131 vard\u0131r. Yasama, yarg\u0131, y\u00fcr\u00fctme; hatta \u00e7a\u011fda\u015f demokrasilerde, yani geli\u015fmi\u015f demokrasilerde medya d\u00f6rd\u00fcnc\u00fc g\u00fc\u00e7 olarak ortaya \u00e7\u0131km\u0131\u015ft\u0131r. \u00c7\u00fcnk\u00fc gazetecilik bir kamu g\u00f6revidir. Kamuyu ayd\u0131nlatma g\u00f6revidir. Siz yarg\u0131y\u0131 bask\u0131larsan\u0131z, parlamentoyu bask\u0131larsan\u0131z, yasama organ\u0131n\u0131 bask\u0131larsan\u0131z, medyay\u0131 bask\u0131larsan\u0131z, b\u00fct\u00fcn yetkiler bende olsun derseniz bu olmaz. Tek adam rejimi olmaz. Bu nedenle biz kar\u015f\u0131y\u0131z.<br \/>\n\u015eimdi parlamenter sistem olmas\u0131n da ba\u015fkanl\u0131k sistemi olsun diyenler, \u00f6rne\u011fin Say\u0131n Binali Y\u0131ld\u0131r\u0131m \u00e7\u0131k\u0131p bir Sal\u0131 konu\u015fmas\u0131nda neden ba\u015fkanl\u0131k sistemini istediklerini ve parlamenter sistemin nesinden \u015fikayet ettiklerini bir anlats\u0131n. Ben de anlayay\u0131m, siz de anlay\u0131n. Yani belki \u00f6yle bir sorun \u00e7\u0131kar ki ortaya parlamenter sistem i\u00e7inde \u00e7\u00f6zemeyiz, o zaman deriz ki do\u011fru bak bunu \u00e7\u00f6zemiyoruz, bu soruna \u00e7\u00f6z\u00fcm \u00fcretemiyor bu parlamenter sistem o zaman ba\u015fkanl\u0131k sistemine ge\u00e7elim.<strong>Ali Can T\u00dcRKO\u011eLU-<\/strong> Peki aksakl\u0131klar oldu\u011funu siz de s\u00f6ylediniz. Hani parlamenter sistem i\u00e7inde de aksakl\u0131klar do\u011fuyor darbeden kaynakl\u0131, darbe giri\u015fimlerinden kaynakl\u0131. Bu aksakl\u0131klar nas\u0131l d\u00fczeltilmeli peki? Cumhuriyet Halk Partisinin g\u00f6r\u00fc\u015f\u00fc nedir?<br \/>\n<strong>Kemal KILI\u00c7DARO\u011eLU-<\/strong> \u00c7ok basit. Bak\u0131n bir; 12 Eyl\u00fcl d\u00f6neminde \u00e7\u0131kan yasalar\u0131 tam demokrasi ba\u011flam\u0131nda yeniden ele al\u0131p d\u00fczeltmek zorunday\u0131z. \u00d6rne\u011fin, \u015fimdi se\u00e7im yasas\u0131 var. Y\u00fczde 10 se\u00e7im baraj\u0131 var. D\u00fcnyada \u00f6rne\u011fi var m\u0131? Yok. Niye? Y\u00fczde 10 se\u00e7im baraj\u0131n\u0131 askerler koydular? HDP parlamentoya girmesin diye de\u011fil mi bunun i\u00e7in yapt\u0131lar. Parlamentoya girdi mi? Girdi. Parlamentoya girmesi gerekiyor mu? Gerekebilir. Yani vatanda\u015f oy veriyorsa gelip girebilir, madem demokrasiyi savunuyoruz.<br \/>\n\u015eimdi e\u011fer siz ama HDP giriyor niye Saadet Partisi girmiyor, niye Vatan Partisi girmiyor, niye BBP girmiyor, niye \u00d6zg\u00fcrl\u00fck ve Dayan\u0131\u015fma Partisi girmiyor? Onlar\u0131n da girmesi laz\u0131m e\u011fer demokrasi diyorsak. Milli irade, milli irade diyoruz. Milli irade diyorsan\u0131z milli iradenin parlamentoya birebir yans\u0131mas\u0131na izin vermeniz laz\u0131m. Askerler izin vermedi. Siz de izin vermiyorsunuz. Sizin darbecilerden ne fark\u0131n\u0131z var? Kald\u0131r\u0131n, y\u00fczde 1 oy olan partinin en az\u0131ndan Genel Ba\u015fkan\u0131 parlamentoya gelsin. O da \u00e7\u0131ks\u0131n k\u00fcrs\u00fcde konu\u015fsun. O da kendi d\u00fc\u015f\u00fcncelerini ifade etsin. Niye sokakta bunu anlats\u0131n, niye mitingde, \u015furada burada anlats\u0131n. Gelsin orada da anlat\u0131r parlamentoda da. Otursun, s\u00f6z als\u0131n, \u00e7\u0131ks\u0131n kendi partisinin g\u00f6r\u00fc\u015flerini aktars\u0131n. \u015eimdi parlamenter sisteme darbe vuran birinci nokta budur. Baraj noktas\u0131d\u0131r.<br \/>\n\u0130ki; darbe d\u00f6neminde \u00e7\u0131kan yasalar. O yasalarda Say\u0131n Davuto\u011flu beni ziyarete geldi\u011finde ben neden darbe hukukundan T\u00fcrkiye\u2019nin ar\u0131nd\u0131r\u0131lmas\u0131 gerekti\u011fine \u015fu \u00f6rne\u011fi verdim. \u015eimdi anayasa ne diyor? Darbecilerin \u00e7\u0131kard\u0131\u011f\u0131 anayasa diyor ki, \u2018bas\u0131n h\u00fcrd\u00fcr sans\u00fcr edilemez.\u2019 G\u00fczel. Bug\u00fcn bas\u0131n h\u00fcr m\u00fc? Ben de biliyorum, siz de biliyorsunuz, sokaktaki vatanda\u015f da biliyor ki, bas\u0131n h\u00fcr de\u011fil. Her t\u00fcrl\u00fc bask\u0131 var bas\u0131n\u0131n \u00fcst\u00fcnde. \u0130stedi\u011fini yazamaz. Yazan insan da kendisini hapiste buluyor zaten. Peki anayasa b\u00f6yle diyor da bas\u0131n\u0131n \u00fczerindeki bu bask\u0131 nereden kaynaklan\u0131yor? 12 Eyl\u00fcl d\u00f6neminde \u00e7\u0131kan yasalardan kaynaklan\u0131yor. Bunu de\u011fi\u015ftirmemiz gerekiyor mu? Gerekiyor. Gelin de\u011fi\u015ftirelim.<br \/>\nMeclis i\u00e7 t\u00fcz\u00fc\u011f\u00fc\u2026 Siyasi partiler yasas\u0131ndan bir \u00f6rnek daha vereyim. \u015eimdi Genel Ba\u015fkan\u0131 d\u00fc\u015f\u00fcn\u00fcn, Genel Ba\u015fkan oturuyor 550 milletvekili listesini alt alta yaz\u0131yor diyor ki, milletin \u00f6n\u00fcne koyuyor bunlar\u0131 diyor se\u00e7eceksiniz. Nerede millet iradesi? Ayr\u0131ca diyor bunlar\u0131 se\u00e7mezseniz ben size ceza kesece\u011fim, ceza yazaca\u011f\u0131m diyor. \u00c7\u00fcnk\u00fc vatanda\u015f sand\u0131\u011fa gitmezse ayr\u0131ca ceza yaz\u0131l\u0131yor. B\u00f6yle bir d\u00fczen hangi demokraside var? Lider sultas\u0131 dedi\u011finiz bir ki\u015finin oturup masaya 550 milletvekilini belirlemesi ne demektir? Bu parlamentoda milletvekillerinin iradesinin gasp edilmesi anlam\u0131na geliyor. Nas\u0131l gasp ediliyor? O \u00f6rne\u011fi de anlatay\u0131m. \u0130ktidar partisinin \u00f6zellikle milletvekilleri hi\u00e7 yasalarla ilgili \u00e7al\u0131\u015fmazlar. Yani yasa ne getiriyor, ne g\u00f6t\u00fcr\u00fcyor ele\u015ftiri de getirmezler. Sadece h\u00fck\u00fcmet masas\u0131na bakarlar. Bakan, bakan\u0131n yan\u0131nda bulundu\u011fu m\u00fcste\u015far, arkas\u0131nda b\u00fcrokratik kadrosu vard\u0131r. Madde kabul edilir mi, edilmez mi diye oylamaya sunar Meclis Ba\u015fkan\u0131. Bakan el kald\u0131r\u0131yorsa b\u00fct\u00fcn AKP grubu el kald\u0131r\u0131r, bakan el indiriyorsa b\u00fct\u00fcn AKP grubu el indirir. Neden \u00f6t\u00fcr\u00fc el kald\u0131rd\u0131klar\u0131n\u0131, neden \u00f6t\u00fcr\u00fc indirdiklerini bilmezler. Bazen biz onlar\u0131 \u015fa\u015f\u0131rt\u0131r\u0131z, onlar\u0131nkine biz \u2018evet\u2019 deriz. Onlar kendi \u00f6nergelerini reddederler muhalefet \u00f6nergesini d\u00fc\u015f\u00fcnd\u00fckleri i\u00e7in. B\u00f6yle komik durumlara da parlamento d\u00fc\u015f\u00fcyor. Demek ki bunu nas\u0131l de\u011fi\u015ftirece\u011fiz? Lider sultas\u0131n\u0131 kald\u0131rarak\u2026<strong>Ali Can T\u00dcRKO\u011eLU-<\/strong> Yaln\u0131z TBMM\u2019de Cumhuriyet Halk Partisinin de i\u00e7inde oldu\u011fu bir\u00e7ok komisyon -yani anayasa de\u011fi\u015fikli\u011fine ili\u015fkin- partiler oturdu, heyetler kuruldu, bir\u00e7ok kez g\u00f6r\u00fc\u015f\u00fcld\u00fc. Hatta son se\u00e7imlerin tamam\u0131nda neredeyse b\u00fct\u00fcn siyasi partiler Cumhuriyet Halk Partisi de, AKP de, MHP de anayasa de\u011fi\u015fikli\u011fini, yani bu anayasan\u0131n de\u011fi\u015fmesi gerekti\u011fini vatanda\u015fa sundunuz hedef olarak. Ancak ne olursa olsun TBMM\u2019deki g\u00f6r\u00fc\u015fmelerde de partilerin bir t\u00fcrl\u00fc uzla\u015fabildi\u011fini biz g\u00f6rm\u00fcyoruz. Se\u00e7men olarak da g\u00f6rm\u00fcyoruz.<br \/>\n<strong>Kemal KILI\u00c7DARO\u011eLU-<\/strong> Biz \u015funu s\u00f6yledik yaln\u0131z, dedik ki\u2026 TBMM Ba\u015fkan\u0131na bir mektupla bildirdim ben. \u00c7\u00fcnk\u00fc biz kendi g\u00f6r\u00fc\u015flerimizi hani \u015fimdi b\u00f6yle s\u00f6yleyelim, \u00fc\u00e7 g\u00fcn sonra de\u011fi\u015ftirelim de\u011fil. Ve bize de siz bunu bize bildirmediniz diye bir ele\u015ftiri gelmesin diye oturdum Cumhuriyet Halk Partisinin Genel Ba\u015fkan\u0131 olarak TBMM Ba\u015fkan\u0131na bir mektup yazd\u0131m: Anayasa de\u011fi\u015fikli\u011fi evet, ama darbe hukukuyla birlikte de\u011fi\u015firse bunun bir anlam\u0131 olur ve T\u00fcrkiye\u2019nin tam demokrasiye ihtiyac\u0131 vard\u0131r diye.<br \/>\nDolay\u0131s\u0131yla b\u00fct\u00fcn bunlar\u0131n hepsini d\u00f6nemin Ba\u015fbakan\u0131na da anlatt\u0131m, TBMM Ba\u015fkan\u0131na da anlatt\u0131m, arkada\u015flar\u0131m da anlatt\u0131lar, komisyonlarda da anlat\u0131ld\u0131. Bunlar\u0131n hepsi anlat\u0131ld\u0131. Dolay\u0131s\u0131yla biz bunlar\u0131 ilk kez s\u00f6ylemi\u015f de\u011filiz. Lider sultas\u0131n\u0131n kalkmad\u0131\u011f\u0131 bir yerde parlamento, milletvekilleri \u00f6zg\u00fcr iradelerini kullanam\u0131yorlar. Demek ki, yasama organ\u0131n\u0131n bizim anlad\u0131\u011f\u0131m\u0131z anlamda ve milletvekillerinin kendi \u00f6zg\u00fcr iradelerini dile getirmeleri i\u00e7in vesayetten kurtulmalar\u0131, lider vesayetinden kurtulmalar\u0131 gerekiyor. Nedir? \u00d6nse\u00e7im zorunlulu\u011fu getireceksiniz. Y\u00fczde 5 zaten kontenjan var. Di\u011ferine \u00f6nse\u00e7imle gelecek milletvekilleri. Milletvekili milletin \u00f6n\u00fcne \u00e7\u0131kacak, delegeyle mi olur, \u00fcyelerle mi olur, \u00f6nse\u00e7im olur gelir parlamentoya ve \u015fu g\u00fcvenceyi al\u0131r: Ben kendi se\u00e7men kitlemin iradesine uygun olarak kendi d\u00fc\u015f\u00fcncelerimi rahatl\u0131kla k\u00fcrs\u00fcye \u00e7\u0131kar anlat\u0131r\u0131m. \u00c7\u00fcnk\u00fc bir daha milletvekili olmak i\u00e7in Genel Ba\u015fkan\u0131n r\u0131zas\u0131na de\u011fil, se\u00e7menin r\u0131zas\u0131na bakar\u0131m.<strong>Ali Can T\u00dcRKO\u011eLU-<\/strong> Bu anlatt\u0131klar\u0131n\u0131z ayn\u0131 zamanda Cumhuriyet Halk Partisinin yeni anayasaya ili\u015fkin t\u0131rnak i\u00e7inde s\u00f6yl\u00fcyorum tasla\u011f\u0131 olarak da nitelendirilebilir mi? Evet konu\u015ftunuz belki di\u011fer siyasi partilerle ama.<br \/>\n<strong>Kemal KILI\u00c7DARO\u011eLU-<\/strong> Bu dedi\u011fim d\u00fczenleme Siyasi Partiler Yasas\u0131 ve Se\u00e7im Yasas\u0131nda yer alan d\u00fczenlemeler. Bunlar\u0131n de\u011fi\u015fmesi gerekiyor. Biz bunlar\u0131 koyduk ortaya.<br \/>\nAyr\u0131ca bir \u015fey daha yapt\u0131k biz. Bak\u0131n biz, T\u00fcrkiye\u2019deki b\u00fct\u00fcn sivil toplum \u00f6rg\u00fctlerini davet ettik Ankara\u2019da. \u015eu anda tarihini net hat\u0131rlayam\u0131yorum ama Ankara\u2019da \u2018B\u00fcy\u00fck Bulu\u015fma\u2019 dedik ad\u0131na ve g\u00fc\u00e7l\u00fc bir parlamenter sistem i\u00e7in neler yap\u0131lmal\u0131d\u0131r diye bunlar\u0131 tek tek anlatt\u0131k 16 madde halinde. Az \u00f6nce s\u00f6yledi\u011fim y\u00fczde 10 se\u00e7im baraj\u0131, az \u00f6nce s\u00f6yledi\u011fim lider sultas\u0131na son verilmesi, yarg\u0131n\u0131n ger\u00e7ek anlamda ba\u011f\u0131ms\u0131z olmas\u0131, yarg\u0131n\u0131n ba\u015fka vesayetlerin alt\u0131nda olmamas\u0131 gibi, medyan\u0131n \u00f6zg\u00fcr olmas\u0131 gibi pek \u00e7ok konuyu a\u00e7\u0131klad\u0131k.<br \/>\nBak\u0131n, bizim kadar a\u00e7\u0131k, bizim kadar net bu konuya yakla\u015fan ikinci bir parti yoktur. Ben Say\u0131n Bah\u00e7eli\u2019ye mesela \u015fu \u00e7a\u011fr\u0131y\u0131 yapmak isterim. Say\u0131n Bah\u00e7eli g\u00fc\u00e7l\u00fc bir parlamenter sistem i\u00e7in neyi \u00f6ng\u00f6r\u00fcyor? Say\u0131n Bah\u00e7eli de ba\u015fkanl\u0131k sistemine kar\u015f\u0131 oldu\u011funu ifade ediyor. Neyi \u00f6ng\u00f6r\u00fcyor? Mesela \u015funu da Say\u0131n Bah\u00e7eli\u2019ye sormak isterim. Bug\u00fcn yap\u0131lan a\u00e7\u0131klama var, h\u00fck\u00fcmet kanad\u0131ndan a\u00e7\u0131klama var. Parlamentoya gelecek olan madde, anayasa de\u011fi\u015fiklikleri yani AKP\u2019nin kendi haz\u0131rlay\u0131p getirece\u011fi de\u011fi\u015fiklikler 60 maddeyle 100 madde aras\u0131nda olacakm\u0131\u015f. Nedir bunlar?<\/p>\n<p><strong>Ali Can T\u00dcRKO\u011eLU-<\/strong> Belki meclise gelmeden \u00f6nce sizin AKP\u2019yle bir temas\u0131n\u0131z olabilir mi?<br \/>\n<strong>Kemal KILI\u00c7DARO\u011eLU-<\/strong> Hay\u0131r. \u015eimdi bu bir siyasi iradeyi ve halk\u0131 kand\u0131rma y\u00f6n\u00fcnde at\u0131lm\u0131\u015f bir ad\u0131md\u0131r. Nedir o? \u015eimdi ba\u015fkanl\u0131k diyor, ba\u015fkanl\u0131k modelinin i\u00e7ine \u00f6yle \u015feyler koyacak ki, vatanda\u015f \u2018ya Allah kahretsin \u015fu madde de iyi bari buna da evet diyeyim\u2019 diyecek. \u015eimdi siz ba\u015fkanl\u0131k istiyorsan\u0131z karde\u015fim, ba\u015fkanl\u0131kla ilgili neyi d\u00fc\u015f\u00fcn\u00fcyorsan\u0131z, getirirsiniz anayasa de\u011fi\u015fiklikleri i\u00e7in \u00f6neriyi koyars\u0131n\u0131z ortaya. Ama ba\u015fkanl\u0131\u011f\u0131n aras\u0131na pek \u00e7ok maddeyi ilave etmek ne demektir?<\/p>\n<p><strong>Ali Can T\u00dcRKO\u011eLU- <\/strong>B\u00f6yle olaca\u011f\u0131na ili\u015fkin daha hen\u00fcz resmi a\u00e7\u0131klama gelmedi ama yani e\u011fer olursa?<br \/>\n<strong>Kemal KILI\u00c7DARO\u011eLU-<\/strong> 100 maddelik bir ba\u015fkanl\u0131k de\u011fi\u015fikli\u011fi olmaz zaten. 60 maddelik de olmaz. \u00d6nce diyorlard\u0131 ki, 13 \u2013 14 madde, bilemediniz 15 \u2013 16 madde, \u015fimdi 60 \u2013 100 madde. \u00c7\u00fcnk\u00fc bunlar\u0131 h\u00fck\u00fcmet haz\u0131rlam\u0131yor. Nerede haz\u0131rlan\u0131yor bunlar? Sarayda haz\u0131rlan\u0131yor. Bir h\u00fck\u00fcmetin iradesi olmazsa olmaz.<br \/>\nBak\u0131n, \u015fu anda Say\u0131n Bah\u00e7eli\u2019nin ifadesini gene dillendireyim. \u201cFiili bir durum var ve bu fiili durum T\u00fcrkiye\u2019ye zarar veriyor\u201d diyor. Fiili durum ne demek?<\/p>\n<p><strong>Ali Can T\u00dcRKO\u011eLU-<\/strong> Fiili durum hukuki bir hale getirilmeli y\u00f6n\u00fcnde ilk a\u00e7\u0131klamay\u0131\u2026<br \/>\n<strong>Kemal KILI\u00c7DARO\u011eLU-<\/strong> Onu \u00f6nce Erdo\u011fan s\u00f6yledi, sonra Davuto\u011flu s\u00f6yledi, sonra Binali Y\u0131ld\u0131r\u0131m s\u00f6yledi, sonra Say\u0131n Bah\u00e7eli s\u00f6yledi. \u015eimdi fiili durum nedir? Yani \u015fu anda biz fiilen ba\u015fkanl\u0131k sistemini ya\u015f\u0131yoruz demektir de\u011fil mi? T\u00fcrkiye\u2019nin hangi sorununu \u00e7\u00f6zd\u00fc bu fiili durum? Bana Allah r\u0131zas\u0131 i\u00e7in \u00e7\u0131k\u0131p desinler ki, \u015fu fiili durum T\u00fcrkiye\u2019nin \u015fu sorununu \u00e7\u00f6zd\u00fc. Hangi sorununu \u00e7\u00f6zd\u00fc? Tam tersine T\u00fcrkiye sorunlar yuma\u011f\u0131n\u0131n i\u00e7ine itildi. D\u0131\u015f politikada Say\u0131n Cumhurba\u015fkan\u0131 niye konu\u015fur, bu \u00fclkenin D\u0131\u015fi\u015fleri Bakan\u0131 yok mu, bu \u00fclkenin Ba\u015fbakan\u0131 yok mu? Ekonomi konusunda bu \u00fclkenin Maliye Bakan\u0131, Ekonomiden Sorumlu Bakan\u0131, Hazineden Sorumlu Bakan\u0131 yok mu, niye bunlar konu\u015fmuyor da Cumhurba\u015fkan\u0131 konu\u015fuyor? Ve ben \u015fu soruyu ger\u00e7ekten Binali Bey\u2019e sormak isterim. Sorumsuzlu\u011fu anayasayla g\u00fcvence alt\u0131na al\u0131nm\u0131\u015f bir ki\u015fi Ba\u015fbakan\u0131n yetkilerini gasp ediyorsa, Ba\u015fbakan o koltukta huzur i\u00e7inde nas\u0131l oturuyor? Ve o Ba\u015fbakan kendi ki\u015fili\u011fini sorgulat\u0131yor topluma asl\u0131nda.<\/p>\n<p><strong>Ali Can T\u00dcRKO\u011eLU- <\/strong>AKP\u2019den gelen \u015fu a\u00e7\u0131klamalar da var tabi \u00f6zellikle bu tart\u0131\u015fmalar ba\u015flad\u0131ktan sonra. Say\u0131n Cumhurba\u015fkan\u0131n\u0131n anayasal s\u0131n\u0131rlar\u0131n\u0131 a\u015fmad\u0131\u011f\u0131 y\u00f6n\u00fcnde de a\u00e7\u0131klamalar geliyor. Dolay\u0131s\u0131yla siz asl\u0131nda Say\u0131n Bah\u00e7eli gibi Say\u0131n Cumhurba\u015fkan\u0131n\u0131n \u015fu anda anayasal s\u0131n\u0131rlar\u0131 a\u015ft\u0131\u011f\u0131 d\u00fc\u015f\u00fcncesinde misiniz net olarak?<br \/>\n<strong>Kemal KILI\u00c7DARO\u011eLU-<\/strong> Binali Bey de bunu gayet iyi biliyor. Fiili durumdan kastedilen nedir? Fiili durumdan kast edilen Cumhurba\u015fkan\u0131n\u0131n anayasal yetkilerini a\u015fmas\u0131 demektir. Yoksa fiili durum olmaz ki. Yani hem itiraf ediyorlar, hem itiraflar\u0131n\u0131 d\u00fczeltmeye \u00e7al\u0131\u015f\u0131yorlar. Ama ger\u00e7ek\u00e7i olal\u0131m. Bug\u00fcne kadar pek \u00e7ok Cumhurba\u015fkan\u0131 geldi gitti. B\u00f6yle bir tabloyla biz ilk kez kar\u015f\u0131la\u015f\u0131yoruz. Tarafs\u0131zl\u0131k Cumhurba\u015fkan\u0131n\u0131n temel kural\u0131 de\u011fil midir? Cumhurba\u015fkan\u0131 niye tarafs\u0131z olur? Neden tarafs\u0131z olur? \u00c7\u00fcnk\u00fc devletin b\u00fct\u00fcn organlar\u0131n\u0131n uyumunu sa\u011flamakla zorunludur. Bir anla\u015fmazl\u0131k \u00e7\u0131kt\u0131\u011f\u0131 zaman iktidar, muhalefet aras\u0131nda diyelim, onlar\u0131 bir araya getirip sorunlar\u0131 \u00e7\u00f6zer. Devletin ciddi kurumlar\u0131 aras\u0131nda sorun \u00e7\u0131kt\u0131\u011f\u0131 zaman Cumhurba\u015fkan\u0131 hakemlik rol\u00fcn\u00fc \u00fcstlenir. Ama siz tarafs\u0131zl\u0131\u011f\u0131n\u0131z\u0131 kaybetti\u011finiz andan itibaren bu fonksiyonunuzu bir k\u00f6\u015feye atm\u0131\u015f oluyorsunuz.<\/p>\n<p><strong>Ali Can T\u00dcRKO\u011eLU-<\/strong> Alternatiflerden biri olarak da, tam ba\u015fkanl\u0131k olmaz ise orta yol bulmak veya orta yol bulunabilmesi amac\u0131yla s\u00f6yl\u00fcyorum bunu, konu\u015fuluyor daha do\u011frusu siyaset kulislerinde de. Partili Cumhurba\u015fkanl\u0131\u011f\u0131na da bir d\u00f6n\u00fc\u015f olabilir AKP kanad\u0131nda diye yorumlar yap\u0131l\u0131yor. Cumhuriyet Halk Partisi tam ba\u015fkanl\u0131k d\u0131\u015f\u0131ndaki sistemlere de kar\u015f\u0131 m\u0131?<br \/>\n<strong>Kemal KILI\u00c7DARO\u011eLU-<\/strong> Cumhurba\u015fkan\u0131n\u0131n tarafs\u0131z olmas\u0131 laz\u0131m. Cumhurba\u015fkan\u0131 tarafl\u0131ysa muhalefet partileriyle o zaman ne yapacak? Ben oturup Ba\u015fbakanla m\u0131 tart\u0131\u015faca\u011f\u0131m, Cumhurba\u015fkan\u0131yla m\u0131 tart\u0131\u015faca\u011f\u0131m? Kim bizim muhatab\u0131m\u0131z?<\/p>\n<p><strong>Ali Can T\u00dcRKO\u011eLU-<\/strong> Dolay\u0131s\u0131yla sistem de\u011fi\u015fikli\u011fine kar\u015f\u0131s\u0131n\u0131z zaten siz de Cumhuriyet Halk Partisi olarak?<br \/>\n<strong>Kemal KILI\u00c7DARO\u011eLU- <\/strong>Elbette. \u015eimdi bak\u0131n ben ne s\u00f6yledim? 140 y\u0131ll\u0131k bir gelene\u011fimiz var bizim. \u015eimdi biz bu gelene\u011fi al\u0131p at\u0131yoruz bir kenara. Hep Osmanl\u0131 Osmanl\u0131 Osmanl\u0131 demiyorlar m\u0131yd\u0131 bunlar? Osmanl\u0131 g\u00fczel getiriyoruz, cumhuriyeti kurduk, demokrasiyle ta\u00e7land\u0131rmak istiyoruz. Aksakl\u0131klar var. Evet ben de biliyorum gayet iyi. Ama bu aksakl\u0131klar d\u00fczeltilebilecek t\u00fcrde aksakl\u0131klar. \u015eimdi demokrasiyi i\u00e7ine sindiremeyenler, sadece benim s\u00f6z\u00fcm ge\u00e7erli olsun diyenler kendilerine \u00f6zel, kendilerine \u00f6zg\u00fc bir rejim yaratmak istiyorlar. Sistem de\u011fil bak\u0131n, bir rejim yaratmak istiyorlar. \u2018Yarg\u0131 bana ba\u011f\u0131ml\u0131 olsun\u2019 diyor, bir Cumhurba\u015fkan\u0131 yarg\u0131y\u0131 nas\u0131l sarayda toplar? B\u00f6yle bir anlay\u0131\u015f olabilir mi?<\/p>\n<p><strong>Ali Can T\u00dcRKO\u011eLU- <\/strong>\u015eu y\u00f6nde ele\u015ftiriler de vard\u0131 size. O zaman hani devam\u0131nda buna da a\u00e7\u0131kl\u0131k getirebilirsiniz. Yani Cumhuriyet Halk Partisi sistem de\u011fi\u015fikli\u011fine mi kar\u015f\u0131, yoksa Recep Tayyip Erdo\u011fan ismine mi kar\u015f\u0131? Yani Erdo\u011fan ismi olmasa Cumhuriyet Halk Partisi destek verebilir miydi?<br \/>\n<strong>Kemal KILI\u00c7DARO\u011eLU-<\/strong> Hay\u0131r efendim. Bizim Erdo\u011fan\u2019la bir sorunumuz yok. Erdo\u011fan halk\u0131n oylar\u0131yla se\u00e7ilmi\u015ftir, oy alm\u0131\u015ft\u0131r Cumhurba\u015fkan\u0131 se\u00e7ilmi\u015ftir. Se\u00e7ildikten sonra da dikkat ediniz tarafs\u0131zl\u0131\u011f\u0131n\u0131 bozmad\u0131\u011f\u0131 s\u00fcrece hi\u00e7bir ele\u015ftiri de almam\u0131\u015ft\u0131r. Se\u00e7ilirken se\u00e7ilmemesi i\u00e7in \u00e7aba harcad\u0131k, bizim bir Cumhurba\u015fkan\u0131 aday\u0131m\u0131z vard\u0131. Halk\u0131n iradesidir se\u00e7ildi. Hi\u00e7bir zaman kendisine niye se\u00e7ildin, hangi gerek\u00e7eyle se\u00e7ildin diye hi\u00e7bir ele\u015ftiri de yapmad\u0131k, ta ki tarafs\u0131zl\u0131\u011f\u0131n\u0131 bozuncaya kadar. Tarafs\u0131zl\u0131\u011f\u0131n\u0131 bozduktan sonra da ele\u015ftirdik. En sert \u015fekilde ele\u015ftirdik. \u2018Do\u011fru de\u011fildir\u2019 dedik, sen anayasada tarafs\u0131z davranaca\u011f\u0131na dair namusun ve \u015ferefin \u00fczerine yemin ettin. \u015eimdi bu \u00e7ok \u00f6nemli bir olayd\u0131r. Dolay\u0131s\u0131yla Cumhurba\u015fkanl\u0131\u011f\u0131 koltu\u011funda oturan birisinin etti\u011fi yemine sad\u0131k kalmamas\u0131 son derece vahim bir tablodur. Yar\u0131n birisi kalk\u0131p mahkemede cinayet i\u015flerse valla ceza kanununda yaz\u0131yor ama kusura bakmay\u0131n Cumhurba\u015fkan\u0131 anayasay\u0131 \u00e7i\u011fniyor ben de ceza kanununu \u00e7i\u011fniyorum diyecektir. \u015eimdi hukuka as\u0131l uymas\u0131 gereken, topluma \u00f6rnek olmas\u0131 gereken Say\u0131n Cumhurba\u015fkan\u0131d\u0131r. \u00d6rnek oldu\u011fu s\u00fcrece, tarafs\u0131zl\u0131\u011f\u0131n\u0131 korudu\u011fu s\u00fcrece bizim hi\u00e7bir sorunumuz yok. Bunu \u00e7ok samimi olarak ifade ediyorum. Ben baz\u0131 yerlerde bizim muhatab\u0131m\u0131z Cumhurba\u015fkan\u0131 de\u011fildir dedi\u011fim zaman Say\u0131n Cumhurba\u015fkan\u0131 al\u0131nd\u0131 ne demek yani siz beni muhatap kabul etmiyor musunuz? Bizim muhatab\u0131m\u0131z Ba\u015fbakan, partinin Genel Ba\u015fkan\u0131 o. Ben de bu partinin Genel Ba\u015fkan\u0131y\u0131m. Say\u0131n Bah\u00e7eli ba\u015fka bir partinin Genel Ba\u015fkan\u0131. Bir ba\u015fkas\u0131 bir ba\u015fka partinin Genel Ba\u015fkan\u0131, dolay\u0131s\u0131yla bizim muhatab\u0131m\u0131z demokrasilerde Ba\u015fbakand\u0131r. \u00c7\u00fcnk\u00fc sorumluluk Ba\u015fbakana aittir, b\u00fct\u00e7eyi Ba\u015fbakan getirir, parlamentoya hesab\u0131 Ba\u015fbakan verir, millete hesab\u0131 Ba\u015fbakan verir. Cumhurba\u015fkan\u0131n\u0131n b\u00f6yle bir rol\u00fc yoktur, b\u00f6yle bir fonksiyonu da yoktur. O nedenle Say\u0131n Cumhurba\u015fkan\u0131n\u0131n tarafs\u0131zl\u0131\u011f\u0131 esast\u0131r. Neden sorumlulu\u011fu yoktur denmi\u015ftir vatana ihanet d\u0131\u015f\u0131nda? \u00c7\u00fcnk\u00fc Cumhurba\u015fkan\u0131n\u0131n su\u00e7 i\u015fleyece\u011fi konusunda bir d\u00fc\u015f\u00fcnce asla toplumun akl\u0131na gelmemi\u015ftir, gelemez de zaten. \u00c7\u00fcnk\u00fc Cumhurba\u015fkanlar\u0131 su\u00e7 i\u015flemezler, bulunduklar\u0131 makam gere\u011fi olarak da tarafs\u0131zl\u0131klar\u0131n\u0131 korurlar. \u00c7\u00fcnk\u00fc o makam y\u00fcce bir makamd\u0131r. O makam sadece bir partiyi temsil etmiyor ki. O zaman Cumhurba\u015fkanl\u0131\u011f\u0131 forsunu kald\u0131r\u0131rs\u0131n\u0131z partili Cumhurba\u015fkan\u0131ysa, oraya ba\u011fl\u0131 oldu\u011fu partinin amblemini koyars\u0131n\u0131z.<\/p>\n<p><strong>Ali Can T\u00dcRKO\u011eLU- <\/strong>Peki yay\u0131n\u0131n ba\u015f\u0131nda \u015f\u00f6yle ba\u015flad\u0131k. MHP Genel Ba\u015fkan\u0131 Say\u0131n Bah\u00e7eli\u2019nin bir grup toplant\u0131s\u0131ndaki -i\u015fte yakla\u015f\u0131k 1 ay oldu bu a\u00e7\u0131klamay\u0131 yapt\u0131- bir a\u00e7\u0131klamayla bu sistem tart\u0131\u015fmas\u0131 yeniden ba\u015flad\u0131. Asl\u0131nda evet tart\u0131\u015f\u0131lm\u0131\u015ft\u0131, geri planda kalm\u0131\u015ft\u0131 \u015fu anda i\u00e7 siyasette, i\u00e7 politikada \u00f6zellikle ama o konu\u015fma sonras\u0131 tekrar g\u00fcndeme geldi ve birinci s\u0131rada \u015fu anda. Say\u0131n Bah\u00e7eli\u2019nin bu \u00e7\u0131k\u0131\u015f\u0131n\u0131 siz neye ba\u011fl\u0131yorsunuz? Yani o konu\u015fmay\u0131 siz duydu\u011funuzda Sal\u0131 TBMM\u2019de ne d\u00fc\u015f\u00fcnd\u00fcn\u00fcz, niye acaba Say\u0131n Bah\u00e7eli b\u00f6yle bir \u00e7\u0131k\u0131\u015f yapm\u0131\u015f olabilir dediniz?<br \/>\n<strong>Kemal KILI\u00c7DARO\u011eLU-<\/strong> Emin olun T\u00fcrkiye\u2019nin bu kadar sorunu varken ve ba\u015fkanl\u0131k sistemi tart\u0131\u015fmalar\u0131 bir anlamda \u00f6telenmi\u015fken, b\u00f6yle bir olay\u0131n tekrar g\u00fcndeme getirilmesini ben anlam\u0131\u015f de\u011filim. Hangi g\u00fcd\u00fclerle hareket edildi\u011fini de anlam\u0131\u015f de\u011filim. Dolay\u0131s\u0131yla belki \u00f6n\u00fcm\u00fczdeki s\u00fcre\u00e7 i\u00e7inde Say\u0131n Bah\u00e7eli \u00e7\u0131k\u0131p bu konuda daha ayr\u0131nt\u0131l\u0131 bir bilgiyi kamuoyuna verebilir.<\/p>\n<p><strong>Ali Can T\u00dcRKO\u011eLU-<\/strong> Yani bu \u00e7\u0131k\u0131\u015f\u0131n arkas\u0131nda ba\u015fka bir nokta olabilir mi sizce? Yani bir siyaset hamlesi olabilir mi veya daha \u00f6nceden AKP\u2019yle?<br \/>\n<strong>Kemal KILI\u00c7DARO\u011eLU- <\/strong>Pek \u00e7ok neden olabilir.<\/p>\n<p><strong>Ali Can T\u00dcRKO\u011eLU- <\/strong>Sizin kula\u011f\u0131n\u0131za gelen bir bilgi var m\u0131?<br \/>\n<strong>Kemal KILI\u00c7DARO\u011eLU- <\/strong>Pek \u00e7ok neden olabilir. Yani Say\u0131n Bah\u00e7eli\u2019nin neleri d\u00fc\u015f\u00fcnd\u00fc\u011f\u00fcn\u00fc bilmiyoruz tabi do\u011fal olarak. Kendisiyle herhangi bir g\u00f6r\u00fc\u015fmem de olmad\u0131. Neden g\u00fcndeme geldi\u011fi konusunda da, d\u00fc\u015f\u00fcncelerini bilmiyorum, belki hani \u00f6n\u00fcm\u00fczdeki s\u00fcre\u00e7 i\u00e7inde Say\u0131n Bah\u00e7eli\u2019nin \u2018bir paket gelsin g\u00f6relim\u2019 diye bir a\u00e7\u0131klamas\u0131 da oldu. Gelen tabloya g\u00f6re bakal\u0131m nas\u0131l bir karar alacak.<\/p>\n<p><strong>Ali Can T\u00dcRKO\u011eLU- <\/strong>Sizin bir g\u00f6r\u00fc\u015fme \u00f6neriniz olacak m\u0131 Bah\u00e7eli\u2019yle? Cumhuriyet Halk Partisiyle MHP aras\u0131nda bir g\u00f6r\u00fc\u015fme olacak m\u0131 bu son geli\u015fmelere ili\u015fkin?<br \/>\n<strong>Kemal KILI\u00c7DARO\u011eLU-<\/strong> \u015eu a\u015famada hay\u0131r, \u00f6n\u00fcm\u00fczdeki s\u00fcre\u00e7 i\u00e7inde tabi yani yeri, zaman\u0131 gelir, ko\u015fullar uygun olur, elbette yani siyasi partilerin Genel Ba\u015fkanlar\u0131 konu\u015furlar yani. Bir \u00f6zel ambargo veya \u00f6zel olarak g\u00f6r\u00fc\u015fmeyece\u011fiz diye bir d\u00fc\u015f\u00fcncem s\u00f6z konusu de\u011fil.<\/p>\n<p><strong>Ali Can T\u00dcRKO\u011eLU-<\/strong> Kar\u015f\u0131l\u0131kl\u0131 s\u00f6ylemler sertle\u015fti Cumhuriyet Halk Partisiyle MHP aras\u0131nda tabi bu son geli\u015fmeler sonras\u0131.<br \/>\n<strong>Kemal KILI\u00c7DARO\u011eLU-<\/strong> Biz \u00f6zellikle, bir deme\u00e7 oldu, onlardan da bir deme\u00e7 oldu. Onun d\u0131\u015f\u0131nda olmad\u0131. \u00c7\u00fcnk\u00fc Say\u0131n Bah\u00e7eli paketin gelmesini bekliyor. B\u00f6yle \u00e7ok sert aram\u0131zda sadece bizim Parti S\u00f6zc\u00fcm\u00fcz\u00fcn yapt\u0131\u011f\u0131 bir a\u00e7\u0131klama vard\u0131. Onlardan da bir Genel Ba\u015fkan Yard\u0131mc\u0131s\u0131n\u0131n yapt\u0131\u011f\u0131 bir a\u00e7\u0131klama vard\u0131. Onun d\u0131\u015f\u0131nda ba\u015fka da bir \u015fey olmad\u0131.<\/p>\n<p><strong>Ali Can T\u00dcRKO\u011eLU- <\/strong>Peki son a\u00e7\u0131klamadan siz ne \u00e7\u0131kar\u0131mda bulundunuz? Yani ne \u00e7\u0131kard\u0131n\u0131z Say\u0131n Bah\u00e7eli\u2019nin son a\u00e7\u0131klamas\u0131ndan? Yani \u201cTBMM\u2019de ne oy verecekse MHP, halk\u0131n kar\u015f\u0131s\u0131nda da, e\u011fer halk\u0131n kar\u015f\u0131s\u0131na gider ise ayn\u0131 oyu verecektir\u201d a\u00e7\u0131klamas\u0131ndan Cumhuriyet Halk Partisinin veya CHP Lideri Kemal K\u0131l\u0131\u00e7daro\u011flu\u2019nun \u00e7\u0131kar\u0131m\u0131 nedir? Sizce MHP AKP\u2019nin sunmu\u015f oldu\u011fu teklife destek verecek mi? Yani 330 oyunu bulabilecek mi bu teklif sizin g\u00f6r\u00fc\u015f\u00fcn\u00fcze g\u00f6re?<br \/>\n<strong>Kemal KILI\u00c7DARO\u011eLU-<\/strong> E\u011fer T\u00fcrkiye\u2019yi ate\u015fe atmak istiyorlarsa, T\u00fcrkiye\u2019yi siyaseten de bir b\u00f6l\u00fcnme noktas\u0131na ta\u015f\u0131mak istiyorlarsa \u2018evet\u2019 oyu verebilirler. Bu kadar a\u00e7\u0131k, bu kadar net s\u00f6yl\u00fcyorum.<\/p>\n<p><strong>Ali Can T\u00dcRKO\u011eLU-<\/strong> Siyaseten tamamen bir b\u00f6l\u00fcnme mi olacak 330 bulunursa peki?<br \/>\n<strong>Kemal KILI\u00c7DARO\u011eLU- <\/strong>T\u00fcrkiye\u2019nin b\u00f6l\u00fcnmesi s\u00f6z konusu olabilir. Ba\u015fkanl\u0131k sistemine bak\u0131n, siyasal yap\u0131 tamamen de\u011fi\u015fecek.<\/p>\n<p><strong>Ali Can T\u00dcRKO\u011eLU-<\/strong> Siyaseten asl\u0131nda tart\u0131\u015fmalardan biri de i\u015fte buna, yani bu sistem de\u011fi\u015fikli\u011fini halka sorman\u0131n sak\u0131ncas\u0131 nedir? Siyasi partiler halka sormaktan m\u0131 \u00e7ekiniyor?<br \/>\n<strong>Kemal KILI\u00c7DARO\u011eLU-<\/strong> Sorun T\u00fcrkiye\u2019nin bekas\u0131 sorunudur. Eminim Say\u0131n Bah\u00e7eli de T\u00fcrkiye\u2019nin bekas\u0131n\u0131 en az benim savundu\u011fum kadar savunuyordur. E\u011fer sorun T\u00fcrkiye\u2019nin bekas\u0131ysa, T\u00fcrkiye\u2019nin bir ba\u015fka rejimin i\u00e7ine itilmesi, T\u00fcrkiye\u2019nin bir ki\u015finin iki duda\u011f\u0131 aras\u0131ndan \u00e7\u0131kacak c\u00fcmlelere teslim edilmesi asla kabul edilemez. Unutulmas\u0131n daha d\u00fcne kadar bu ki\u015fi PKK\u2019yla beraberdi. Peki neden Do\u011fu \u2013 G\u00fcneydo\u011fu\u2019da bu kadar silahland\u0131? Kimin deste\u011fiyle silahland\u0131? Kimin g\u00f6zetiminde silahland\u0131, kimin korumas\u0131nda silahland\u0131? Yar\u0131n kalk\u0131p da bir ki\u015fi \u2018tamam arkada\u015flar ba\u015fkanl\u0131k sistemini kurduk, size bu b\u00f6lgeyi veriyorum\u2019 dese ne olacak? Bunun vebali kime ait olacak?<\/p>\n<p><strong>Ali Can T\u00dcRKO\u011eLU-<\/strong> B\u00f6yle sonu\u00e7lara kadar yol a\u00e7abilece\u011fini d\u00fc\u015f\u00fcn\u00fcyorsunuz?<br \/>\n<strong>Kemal KILI\u00c7DARO\u011eLU-<\/strong> Kadar de\u011fil efendim, niye kadar? A\u00e7\u0131k\u00e7a ifade edeyim, bu sonu\u00e7lara a\u00e7\u0131k\u00e7a yol a\u00e7acakt\u0131r. Biz T\u00fcrkiye\u2019nin bekas\u0131n\u0131 d\u00fc\u015f\u00fcn\u00fcyoruz. T\u00fcrkiye\u2019nin birli\u011fini ve b\u00fct\u00fcnl\u00fc\u011f\u00fcn\u00fc d\u00fc\u015f\u00fcn\u00fcyoruz. Kimli\u011fi ne olursa olsun, inanc\u0131 ne olursa olsun b\u00fct\u00fcn insanlar\u0131n bir arada huzur i\u00e7inde, bar\u0131\u015f i\u00e7inde ya\u015famas\u0131n\u0131 istiyoruz biz. Kimsenin \u00f6tekile\u015ftirilmemesini istiyoruz biz. Bizim bir rejim sorunumuz yok. Bizim rejime uymayan, kendi rejimini kuran insan\u0131n dayatmalar\u0131na ili\u015fkin sorunlarla kar\u015f\u0131 kar\u015f\u0131yay\u0131z. Buna kar\u015f\u0131y\u0131z, biz bunu istemiyoruz. Bizim sorunumuz bu. Bir ki\u015fi i\u00e7in T\u00fcrkiye\u2019de rejimi de\u011fi\u015ftirece\u011fiz, bir ki\u015fi i\u00e7in! Bir ki\u015finin egosunu tatmin etmek i\u00e7in. D\u00fcne kadar ne diyordu Say\u0131n Erdo\u011fan? \u2018Bizim g\u00fc\u00e7l\u00fc bir parlamenter sistemimiz var t\u0131k\u0131r t\u0131k\u0131r \u00e7al\u0131\u015f\u0131yor.\u2019 Dikkatinizi \u00e7ekerim, bu s\u00f6z de bana ait de\u011fil, t\u0131k\u0131r t\u0131k\u0131r \u00e7al\u0131\u015f\u0131yor. Peki ne oldu da Cumhurba\u015fkan\u0131 se\u00e7ildikten sonra t\u0131k\u0131r t\u0131k\u0131r \u00e7al\u0131\u015fm\u0131yor?<\/p>\n<p><strong>Ali Can T\u00dcRKO\u011eLU-<\/strong> AKP\u2019den fire bekliyor musunuz mecliste?<br \/>\n<strong>Kemal KILI\u00c7DARO\u011eLU- <\/strong>T\u00fcrkiye\u2019nin bekas\u0131n\u0131 d\u00fc\u015f\u00fcnen herkesin oturup d\u00fc\u015f\u00fcnmesi laz\u0131m, T\u00fcrkiye\u2019nin gelece\u011fini d\u00fc\u015f\u00fcnen herkesin oturup d\u00fc\u015f\u00fcnmesi laz\u0131m. Bu bir siyasi parti olman\u0131n \u00e7ok \u00f6tesindedir. Kendi \u00fclkesini seven, kendi insan\u0131n\u0131 seven, insanlar aras\u0131nda ayr\u0131m yapmayan, T\u00fcrkiye\u2019nin \u00fcniter yap\u0131s\u0131n\u0131 koruyan g\u00fc\u00e7l\u00fc bir devlet isteniyorsa, bizim sistemimiz son derece uygun bir sistemdir. Aksayan y\u00f6nlerimiz var m\u0131? Az \u00f6nce s\u00f6yledim var. Ge\u00e7mi\u015fte darbe hukukundan kaynaklan\u0131yor bu sorunlar. \u00c7\u00fcnk\u00fc Evren\u2019e g\u00f6re yap\u0131ld\u0131 her \u015fey, Evren ba\u015fkand\u0131. Bu sistemin de\u011fi\u015fmesi laz\u0131m. Kendi i\u00e7inde \u00e7al\u0131\u015fan, saat gibi \u00e7al\u0131\u015fan, parlamentonun \u00f6zg\u00fcr iradesinin oldu\u011fu, yarg\u0131ya kimsenin m\u00fcdahale etmedi\u011fi, yani demokrasinin temel kurumlar\u0131 \u00fczerinde vesayetin olmad\u0131\u011f\u0131 bir sistem. Bunun altyap\u0131s\u0131n\u0131 rahatl\u0131kla kurabiliriz. Biz buna her t\u00fcrl\u00fc deste\u011fi verebiliriz. Hi\u00e7bir endi\u015femiz de yok. Benim ta\u015f\u0131d\u0131\u011f\u0131m kayg\u0131lar\u0131 AKP\u2019ye oy veren yurtta\u015flar\u0131nda ta\u015f\u0131d\u0131\u011f\u0131na inan\u0131yorum.<\/p>\n<p><strong>Ali Can T\u00dcRKO\u011eLU-<\/strong> Bu c\u00fcmlenizden sonra o zaman \u015funu da \u00e7\u0131kartabiliriz biz de o zaman. E\u011fer mecliste 330 oyun \u00fcst\u00fcne \u00e7\u0131kar ve referanduma gider ise bunun halktan d\u00f6nebilece\u011fini de d\u00fc\u015f\u00fcn\u00fcyorsunuz siz?<br \/>\n<strong>Kemal KILI\u00c7DARO\u011eLU-<\/strong> Halk bu \u00fclkenin bekas\u0131n\u0131 d\u00fc\u015f\u00fcnmez mi? Halk bu \u00fclkenin birli\u011fini, b\u00fct\u00fcnl\u00fc\u011f\u00fcn\u00fc d\u00fc\u015f\u00fcnmez mi? Halk bu \u00fclkenin gelece\u011fini d\u00fc\u015f\u00fcnmez mi? \u0130\u00e7 sava\u015ftan yana m\u0131d\u0131r halk, yoksa bar\u0131\u015ftan yana m\u0131d\u0131r halk?<\/p>\n<p><strong>Ali Can T\u00dcRKO\u011eLU-<\/strong> O zaman \u015funu anl\u0131yorum Say\u0131n Genel Ba\u015fkan. Yani sizin e\u011fer 330\u2019u bulursa ve halka giderse, referandum \u00f6ncesi Cumhuriyet Halk Partisinin halka anlataca\u011f\u0131 \u015fey bir i\u00e7 sava\u015f tehlikesini mi sunacaks\u0131n\u0131z?<br \/>\n<strong>Kemal KILI\u00c7DARO\u011eLU-<\/strong> Zaten i\u00e7 sava\u015f\u0131n i\u00e7indeyiz. Kim aksini s\u00f6yl\u00fcyor? Bir il t\u00fcm\u00fcyle bo\u015falt\u0131l\u0131yorsa, birden fazla il, birden fazla il\u00e7e tamamen bo\u015falt\u0131l\u0131yorsa, orada TSK operasyon yap\u0131yorsa nedir Allah a\u015fk\u0131na bu, b\u00f6lgesel sava\u015f de\u011fil midir? Suriye\u2019de ya\u015fanandan ne fark\u0131m\u0131z var? Ayn\u0131 \u015feyleri ya\u015f\u0131yoruz, peki soru ne? T\u00fcrkiye\u2019yi bu hale kim getirdi? Ben mi getirdim, kim getirdi bu hale?<br \/>\nSonra \u015funu da merak ediyorum. Ger\u00e7ekten \u015fu sorunun da sorulmas\u0131 laz\u0131m: Bu parlamentoda 14 y\u0131ld\u0131r tek parti var iktidarda. Bana \u00e7\u0131k\u0131p bir Allah\u2019\u0131n kulu desin ki, \u2018biz \u015fu kanunu getirdik ama bu kanun \u00e7\u0131kmad\u0131. Biz \u015funu yapacakt\u0131k ama olmad\u0131. \u015eu valiyi tayin edecektik engel oldular. \u015eu kaymakam\u0131 tayin edecektik engel oldular. \u015eu hakimi tayin edecektik engel oldular.\u2019 \u00c7\u0131k\u0131p bir Allah\u2019\u0131n kulu bunu s\u00f6ylesin. 14 y\u0131ld\u0131r ne istedinizse oldu, g\u00fcc\u00fcn\u00fcz var zaten \u00e7\u0131kar\u0131yorsunuz.<br \/>\n\u015eimdi Ba\u015fkanl\u0131k sistemi, ni\u00e7in? Muhalefet olmas\u0131n. Ne dersek bizim dedi\u011fimiz olsun. Hi\u00e7 onlar konu\u015fmas\u0131nlar. Medya da yazmas\u0131n, sadece beni yaz. D\u00fcnyada b\u00f6yle bir sistem yoktur 21.y\u00fczy\u0131lda.<\/p>\n<p><strong>Ali Can T\u00dcRKO\u011eLU-<\/strong> Referandumla beraber tart\u0131\u015f\u0131lan bir di\u011fer konu var asl\u0131nda. Yani TBMM\u2019den ne sonu\u00e7 \u00e7\u0131karsa \u00e7\u0131ks\u0131n veya muhtemel referandumdan evet veya hay\u0131r ne sonu\u00e7 \u00e7\u0131karsa \u00e7\u0131ks\u0131n, T\u00fcrkiye 2017 y\u0131l\u0131nda bir erken se\u00e7ime mi gidecek CHP\u2019ye g\u00f6re? CHP\u2019nin bir erken se\u00e7im plan\u0131 var m\u0131?<br \/>\n<strong>Kemal KILI\u00c7DARO\u011eLU-<\/strong> Biz zaten her ko\u015fulda se\u00e7ime haz\u0131r\u0131z. Yani se\u00e7im bitti\u011fi g\u00fcn\u00fcn ertesi g\u00fcnden itibaren biz \u00e7al\u0131\u015f\u0131yoruz zaten. E\u011fitim kurumlar\u0131m\u0131z \u00e7al\u0131\u015f\u0131yor, b\u00f6lgelere milletvekillerimiz gidiyor, d\u00fczenli b\u00f6lgelerden raporlar\u0131m\u0131z\u0131 al\u0131yoruz, sorunlar varsa sorunlar \u00fczerinde \u00e7al\u0131\u015f\u0131yoruz. Belediye ba\u015fkan adaylar\u0131m\u0131z \u00fczerinde s\u00f6yledik \u00f6n \u00e7al\u0131\u015fmalara ba\u015flay\u0131n diye. Biz bunlar\u0131 yap\u0131yoruz, biz siyasi partiyiz her an, her zaman, her ortamda se\u00e7ime haz\u0131r\u0131z.<\/p>\n<p><strong>Ali Can T\u00dcRKO\u011eLU- <\/strong>H\u00fck\u00fcmet se\u00e7ime g\u00f6t\u00fcrmek ister mi?<br \/>\n<strong>Kemal KILI\u00c7DARO\u011eLU-<\/strong> Merak etti\u011fim \u015fu; tek ba\u015f\u0131na y\u00f6netiyorsun niye se\u00e7ime gidiyorsun? Niye gidiyorlar? \u0130\u00e7lerindeki bylockcular\u0131 elimine etmek i\u00e7in. Ba\u015fka ne olabilir? Niye se\u00e7ime giderler? Hangi gerek\u00e7eyle se\u00e7ime gidecekler? \u015eimdi olur da az\u0131nl\u0131k olur, koalisyon olur denir ki ben tek parti i\u00e7in gidece\u011fim se\u00e7ime. Tek parti, buyur zaten tek partisin. \u015eeyi anlar\u0131m, Haziran\u2019dan sonra bir koalisyon ortam\u0131 ortaya \u00e7\u0131km\u0131\u015ft\u0131, tek parti y\u00f6netsin diye i\u015fte ter\u00f6r olaylar\u0131 artt\u0131 vs. her \u015fey yap\u0131ld\u0131 ve g\u00fcvenlik\u00e7i politikalarla se\u00e7ime gittiler, geldiler tek ba\u015f\u0131na yine T\u00fcrkiye\u2019yi y\u00f6netiyor. Ben o d\u00f6nemi anlar\u0131m, o d\u00f6nemin kendi i\u00e7inde tutarl\u0131 bir mant\u0131\u011f\u0131 vard\u0131r. Nedir mant\u0131k? Koalisyonla bu i\u015f y\u00fcr\u00fcmez. \u015eimdi tek ba\u015f\u0131na iktidarlar ve biz y\u00f6netemiyoruz diyorlar T\u00fcrkiye\u2019yi. Ben size \u015funu s\u00f6yleyeyim, 550 milletvekili \u00e7\u0131karsalar bile T\u00fcrkiye\u2019yi y\u00f6netemezler. \u00c7\u00fcnk\u00fc AKP y\u00f6netme erkini, dinamizmini kaybetmi\u015ftir. D\u0131\u015far\u0131ya yans\u0131mamakla beraber kendi aralar\u0131nda da ciddi sorunlar\u0131 vard\u0131r. T\u00fcrkiye\u2019yi y\u00f6netemiyorlar.<\/p>\n<p><strong>Ali Can T\u00dcRKO\u011eLU-<\/strong> Ne gibi bir sorun oldu\u011funu biliyorsunuz veya d\u00fc\u015f\u00fcn\u00fcyorsunuz parti i\u00e7erisinde?<br \/>\n<strong>Kemal KILI\u00c7DARO\u011eLU-<\/strong> FET\u00d6\u2019c\u00fc olanlar ve olmayanlar vard\u0131r. Say\u0131n Cumhurba\u015fkan\u0131 ne dedi? \u201cYak\u0131n\u0131mda olanlar var\u201d dedi. Bana diyor \u201cMa\u011fduriyet edebiyat\u0131 yapmay\u0131n\u201d diyor. \u201cYapanlar haindir\u201d diyor\u2026<\/p>\n<p><strong>Ali Can T\u00dcRKO\u011eLU-<\/strong> Tam o c\u00fcmleyi de hat\u0131rlatay\u0131m. \u201cFET\u00d6\u2019yle m\u00fccadelede yan\u0131mda milletimden ba\u015fka kimseyi bulamad\u0131m.\u201d Say\u0131n Cumhurba\u015fkan\u0131n\u0131n a\u00e7\u0131klamas\u0131. Bu ma\u011fdur edebiyat\u0131yla ilgili t\u0131rnak i\u00e7inde s\u00f6yl\u00fcyorum Say\u0131n Cumhurba\u015fkan\u0131n\u0131n s\u00f6z\u00fcne. \u201cKimse ma\u011fdur edebiyat\u0131 yapmas\u0131n, yak\u0131n arkada\u015flar\u0131mdan da i\u00e7inde varsa sak\u0131n yapmay\u0131n\u201d diyor ve \u201cKim ma\u011fdur edebiyat\u0131 yap\u0131yorsa ihanet i\u00e7indedir\u201d diyor. Asl\u0131nda bu Fethullah\u00e7\u0131 Ter\u00f6r \u00d6rg\u00fct\u00fc konusunu da ge\u00e7mi\u015f olduk ba\u015fkanl\u0131k sisteminden.<br \/>\n<strong>Kemal KILI\u00c7DARO\u011eLU- <\/strong>\u201cYan\u0131mda kimse yoktu\u201d diyor de\u011fil mi? G\u00fczel. Demek ki, Binali Bey de yoktu. O zaman Cumhurba\u015fkan\u0131n\u0131n g\u00f6z\u00fcnde Binali Bey ne? Binali Bey hain. \u00d6yle s\u00f6yl\u00fcyor. \u201cMilletimden ba\u015fka kimse yoktu\u201d diyor. Demek ki, AKP grubu millet de\u011fil, Binali Bey de millet de\u011fil. Millet olan kim? Sadece kendisine destek verenler. Destek vermeyenler? Tamam\u0131 millet de\u011fil ve tamam\u0131 hain. Bir Cumhurba\u015fkan\u0131 milletin yar\u0131s\u0131na nas\u0131l hain der? \u015eimdi ben bunu s\u00f6yledi\u011fim zaman, siz Cumhurba\u015fkan\u0131n\u0131 niye ele\u015ftiriyorsunuz diyorlar. Bir insan\u0131n kar\u015f\u0131 d\u00fc\u015f\u00fcncesini deklare etmesi hainlik midir yani? Bir Cumhurba\u015fkan\u0131 konu\u015furken kelimeleri dikkatle, \u00f6zenle se\u00e7er. \u00c7\u00fcnk\u00fc hitap etti\u011fi toplum kendi yanda\u015f\u0131 de\u011fildir. Hitap etti\u011fi toplum koskoca T\u00fcrkiye Cumhuriyeti yurtta\u015flar\u0131d\u0131r. \u00d6yle olmak gerekir. Yani cumhurun ba\u015f\u0131d\u0131r. Ama cumhurun ba\u015f\u0131nda olan ki\u015fi cumhuru karpuz gibi ikiye b\u00f6l\u00fcyor, \u2018bunlar haindir\u2019 diyor, \u2018bunlar benim milletimdir\u2019 diyor, \u2018ben bunlardan destek ald\u0131m\u2019 diyor ve 2yan\u0131mda da kimse yoktu2 diyor. \u0130nsaf yani. 16 Temmuz\u2019da 4 parti geldik Genel Kurula. Beyefendi Marmaris\u2019teyken; top at\u0131\u015flar\u0131, kur\u015fun ya\u011fmurlar\u0131 alt\u0131nda TBMM sabaha kadar \u00e7al\u0131\u015ft\u0131. Hi\u00e7bir \u015feye sayg\u0131 duymuyorsan bari Meclisin o onurlu duru\u015funa sayg\u0131 duy. B\u00f6yle bir anlay\u0131\u015f olabilir mi?<br \/>\n<strong><br \/>\nAli Can T\u00dcRKO\u011eLU-<\/strong> Ma\u011fduriyeti asl\u0131nda siz \u00e7ok g\u00fcndeme getirdiniz. Yani Cumhuriyet Halk Partisine de, bu \u00f6zellikle 15 Temmuz sonras\u0131 g\u00f6revden al\u0131nanlar, ihra\u00e7 edilenlerin \u015fikayetleri geliyor. Siz bunlar\u0131 elden zaten h\u00fck\u00fcmete de teslim ettiniz, Say\u0131n Ba\u015fbakana da teslim edildi. Bu konuda konu\u015fuldu biliyorum. Say\u0131n Cumhurba\u015fkan\u0131n\u0131n \u015fu laf\u0131 \u00fczerinden buraya ba\u011flayaca\u011f\u0131m. \u201c17 \u2013 25\u2019ten sonra FET\u00d6\u2019yle hareket eden ne ma\u011fdurdur, ne mazlumdur\u201d diyor Say\u0131n Cumhurba\u015fkan\u0131 da. Ve dolay\u0131s\u0131yla kim ma\u011fdur edebiyat\u0131 yap\u0131yorsa ihanet i\u00e7indedir laf\u0131nda da, asl\u0131nda hani \u00e7ok dile getirdi\u011finiz i\u00e7in size de s\u00f6yl\u00fcyorum bunu, bir bak\u0131ma da Cumhuriyet Halk Partisine ve sizlere de bir ele\u015ftiri varm\u0131\u015f gibi alg\u0131lan\u0131yor asl\u0131nda siyasette de, en az\u0131ndan bizler aras\u0131nda. Buna ne diyeceksiniz? Yani i\u015ften \u00e7\u0131kar\u0131lanlar veya g\u00f6revden al\u0131nanlar dile getiriyorsunuz ama kim su\u00e7lu sorusu soruluyor Say\u0131n K\u0131l\u0131\u00e7daro\u011flu? Reklama gidelim, reklamdan sonra bu sorunun cevab\u0131yla devam edelim. Say\u0131n Genel Ba\u015fkan, ma\u011fduriyetlerde kalm\u0131\u015ft\u0131k. Cumhuriyet Halk Partisi olarak siz kimi ma\u011fdur olarak g\u00f6r\u00fcyorsunuz? Yani ma\u011fduriyet tan\u0131m\u0131 size g\u00f6re nedir? G\u00f6revden al\u0131nan veya ihra\u00e7 edilen herkes mi ma\u011fdur? O ayr\u0131m\u0131 nas\u0131l yap\u0131yor Cumhuriyet Halk Partisi?<br \/>\n<strong>Kemal KILI\u00c7DARO\u011eLU-<\/strong> Darbeyle do\u011frudan ili\u015fkisi olmayan ki\u015filere y\u00f6nelik yap\u0131lan yapt\u0131r\u0131mlar\u0131 biz ma\u011fduriyet kabul ederiz.<br \/>\n\u0130ki; g\u00f6zalt\u0131nda olanlar, tutuklananlar veya h\u00fck\u00fcm giymi\u015f, \u015fu ana kadar yok ama h\u00fck\u00fcm giymi\u015f diyelim ki olanlar varsa h\u00fck\u00fcm giymi\u015f olanlara bir \u015fey demeyiz, ama oradakilerin tamam\u0131na da adil davran\u0131lmas\u0131 gerekti\u011fine inan\u0131r\u0131z. Ma\u011fduriyet var m\u0131? Var. Ma\u011fdur say\u0131s\u0131 1 milyonu a\u015fk\u0131n. Siz bir Kanun H\u00fckm\u00fcnde Kararname \u00e7\u0131kar\u0131yorsunuz, on binlerce kamu g\u00f6revlisinin i\u015fine son veriyorsunuz. Mahkeme karar\u0131 var m\u0131? Yok. Hangi gerek\u00e7eyle son veriyorsunuz? Belli de\u011fil, OHAL! A\u00e7\u0131\u011fa al\u0131yorsunuz, binlerce ki\u015fi, on binlerce ki\u015fi a\u00e7\u0131\u011fa al\u0131yorsunuz, hangi gerek\u00e7eyle al\u0131yorsunuz? Sonra bir k\u0131sm\u0131ndan vazge\u00e7iyorsunuz tekrar g\u00f6reve iade ediyorsunuz.<\/p>\n<p><strong>Ali Can T\u00dcRKO\u011eLU- <\/strong>\u015e\u00fcphe yeterli de\u011fil diyorsunuz?<br \/>\n<strong>Kemal KILI\u00c7DARO\u011eLU- <\/strong>\u015e\u00fcphe \u00fczerine hukuk olu\u015fturulmaz. \u0130dare su\u00e7luyu belirlemez. Su\u00e7luyu belirleyecek olan hakimdir. Kim su\u00e7ludur, de\u011fildir ben bilemem, siz de bilemezsiniz. Ben karar veremem, siz de karar veremezsiniz. Karar\u0131 verecek kim? Hakim. Art\u0131 bu s\u00fcre\u00e7te kolektif su\u00e7 yarat\u0131ld\u0131. E\u015fi mahkumsa, ya da tutukluysa diyelim veya g\u00f6zalt\u0131na al\u0131nd\u0131ysa b\u00fct\u00fcn aileyi su\u00e7luyorsunuz. Aileyi niye su\u00e7luyorsunuz, ailenin ne g\u00fcnah\u0131 var? \u00d6rnek, ma\u011fdur hi\u00e7 yok diyorlar, en tipik \u00f6rne\u011fini verece\u011fim: Sakarya\u2019da \u015feker hastas\u0131 \u00f6\u011fretmen tutuklu, ila\u00e7lar\u0131 verilmedi, hapishanede \u00f6ld\u00fc. Bu ma\u011fdur de\u011fil mi? B\u00f6yle bir \u015fey olabilir mi? Ba\u015fka bir \u00f6rnek vereyim: Ki\u015fi \u00f6\u011fretmen, memuriyetten at\u0131lm\u0131\u015f, hadi diyelim hakl\u0131 bir gerek\u00e7e, biz bilmiyoruz ama diyelim ki hakl\u0131 bir gerek\u00e7e bulundu, at\u0131ld\u0131. \u00c7ocuklar\u0131na bakacak, e\u015fi \u00e7al\u0131\u015fm\u0131yor, Bursa\u2019n\u0131n Kestel pazar\u0131nda sivri biber sat\u0131yor. Belediye zab\u0131ta memurlar\u0131 geliyorlar, sen sivri biber satamazs\u0131n diye al\u0131yor tezgah\u0131 g\u00f6t\u00fcr\u00fcyorlar. Peki bu adamca\u011f\u0131z \u00e7oluk \u00e7ocu\u011funa nas\u0131l bakacak, hadi att\u0131n memuriyetten. Bu ma\u011fduriyet de\u011fil mi? Ma\u011fduriyet.<\/p>\n<p><strong>Ali Can T\u00dcRKO\u011eLU- <\/strong>Ne yap\u0131lmal\u0131 Say\u0131n K\u0131l\u0131\u00e7daro\u011flu? \u00d6neriniz ne?<br \/>\n<strong>Kemal KILI\u00c7DARO\u011eLU-<\/strong> \u00d6nerim \u015fu; s\u00fcratli bir \u015fekilde bu Meclisi kim bombalad\u0131ysa, Ak\u0131nc\u0131lar \u00dcss\u00fc\u2019nde kim darbe i\u00e7in talimatlar verdiyse, onlar\u0131 s\u00fcratle \u00e7\u0131kar\u0131n yarg\u0131n\u0131n \u00f6n\u00fcne hepsini yakalay\u0131n hapse at\u0131n. Bitti bu kadar basit. Yarg\u0131lay\u0131n ve bitirin bu i\u015fi. Er, erba\u015flar, uzman \u00e7avu\u015flar, bunlar ne yapt\u0131lar? Komutan\u0131 emretti, emre uydular. Askerli\u011fin evrensel kural\u0131d\u0131r, emre uymamak su\u00e7tur zaten. \u00d6\u011frenciyi, eri, erba\u015f\u0131, uzman \u00e7avu\u015fu al\u0131yorsunuz hapse at\u0131yorsunuz. Hapse ataca\u011f\u0131n adam ona o talimat\u0131 veren adamd\u0131r. Bu ayr\u0131m\u0131 dahi bilmiyorsan\u0131z, siz devlet olarak kinle, \u00f6fkeyle y\u00f6netiyorsunuz devleti demektir.<br \/>\nBak\u0131n bir \u00f6rnek vereyim size. T\u00fcrkiye Cumhuriyeti h\u00fck\u00fcmeti kendisini Birle\u015fmi\u015f Milletlere \u015fikayet eden bir h\u00fck\u00fcmettir. Nas\u0131l diyeceksiniz kendisini \u015fikayet ediyor, bir h\u00fck\u00fcmet kendisini \u015fikayet mi eder? Birle\u015fmi\u015f Milletlerin Ki\u015fisel ve Siyasal Haklar Uluslararas\u0131 S\u00f6zle\u015fmesi var. T\u00fcrkiye de bu s\u00f6zle\u015fmeyi imzalam\u0131\u015f. OHAL\u2019den sonra Birle\u015fmi\u015f Milletlere T\u00fcrkiye Temsilcisi B\u00fcy\u00fckel\u00e7i gitti bir dilek\u00e7e verdi. Biz dedik ki, \u2018bu s\u00f6zle\u015fmedeki 13 maddeyi ask\u0131ya al\u0131yoruz, \u00e7ekince koyuyoruz.\u2019 Fransa 3 maddesine \u00e7ekince koymu\u015ftu. Bizim \u00e7ekince koydu\u011fumuz maddelerin 13\u2019\u00fcn\u00fcn 2\u2019si \u015fu: Adil yarg\u0131lamaya diyor ben \u00e7ekince koyuyorum. Ne demektir bu? T\u00fcrkiye Cumhuriyeti h\u00fck\u00fcmeti diyor ki Birle\u015fmi\u015f Milletlere, ben OHAL sonras\u0131 adil yarg\u0131lama yapmayaca\u011f\u0131m. Adaletin olmad\u0131\u011f\u0131 yerde devlet mi olur? Ne demek adil yarg\u0131lama yapmayaca\u011f\u0131m? Ba\u015fka bir madde; tutulanlara iyi muamele yapmak; yani hapiste, g\u00f6zalt\u0131nda, h\u00fck\u00fcml\u00fc kim olursa olsun devletin korumas\u0131 alt\u0131na girdi\u011fi andan itibaren bunlara iyi muamele yap\u0131l\u0131yor. Yani i\u015fkence yap\u0131lmas\u0131, k\u00f6t\u00fc muamele yap\u0131lmas\u0131 vs. uluslararas\u0131 hukuktur bu, diyor ki T\u00fcrkiye Cumhuriyeti h\u00fck\u00fcmeti; ben tutulanlara iyi muamele yapmayaca\u011f\u0131m. Yani i\u015fkence yapaca\u011f\u0131m diyor. Yapt\u0131 da, g\u00f6r\u00fcnt\u00fcleri kim yay\u0131nlad\u0131? Devletin resmi haber ajans\u0131 Anadolu Ajans\u0131 yay\u0131nlad\u0131. \u015eimdi bana diyorlar ki, ma\u011fdur edebiyat\u0131 yapma. \u0130nsana i\u015fkence yapmak ve i\u015fkenceye maruz kalan\u0131n haklar\u0131n\u0131 savunmak benim g\u00f6revim de\u011fil de Allah a\u015fk\u0131na ben neyi savunaca\u011f\u0131m? Zalimi mi savunaca\u011f\u0131m, mazlumu mu savunaca\u011f\u0131m? Haks\u0131zl\u0131klar kar\u015f\u0131s\u0131nda susan dilsiz \u015feytand\u0131r diyoruz de\u011fil mi? Haks\u0131zl\u0131k var m\u0131? Var. Siz kalk\u0131yorsunuz Anadolu\u2019nun gariban bir ailesisiniz diyelim, \u00e7ocu\u011funuz \u00fcniversiteyi kazand\u0131, yurt yok, \u00e7ocu\u011funuzu nereye g\u00f6nderdiniz? Cemaatin yurduna. \u00dcniversiteyi kazand\u0131, devlet memuriyetini kazand\u0131, gitti bir yerde \u00fc\u00e7 be\u015f kuru\u015f para kazan\u0131yor, \u00e7al\u0131\u015f\u0131yor. \u00c7al\u0131\u015f\u0131rken de hi\u00e7bir su\u00e7u yok. Sonra ne yapt\u0131n\u0131z bunu? Cemaatin yurdunda kald\u0131n\u0131z diye kap\u0131n\u0131n \u00f6n\u00fcne koydunuz, att\u0131n\u0131z devlet memuriyetinden. E\u011fer devlet memuriyetinden atacaksan\u0131z cemaatin yurdunda kalan\u0131 de\u011fil, o yurda izin verene ve devlete yurt yapt\u0131rmayan adama ceza vereceksiniz.<\/p>\n<p><strong>Ali Can T\u00dcRKO\u011eLU-<\/strong> 17 \u2013 25 sanki bir milatm\u0131\u015f gibi a\u00e7\u0131klamalar yap\u0131l\u0131yor h\u00fck\u00fcmet taraf\u0131ndan. Yani 17 \u2013 25\u2019ten sonra bu \u00f6rg\u00fctle FET\u00d6\u2019yle ba\u011f\u0131 olan.<br \/>\n<strong>Kemal KILI\u00c7DARO\u011eLU-<\/strong> Niye 17 -25? 17 \u2013 25\u2019te ter\u00f6r \u00f6rg\u00fct\u00fc dedi\u011fimiz Fethullah G\u00fclen \u00d6rg\u00fct\u00fcn\u00fcn elinde silah m\u0131 vard\u0131? Yoktu 17 \u2013 25\u2019te. Niye 17 \u2013 25? Peki ne vard\u0131 17 \u2013 25\u2019te? Ayakkab\u0131 kutular\u0131nda paralar vard\u0131, evet. R\u0131za Zarraf vard\u0131, evet. Bankalar\u0131n birilerine neler yapt\u0131klar\u0131 vard\u0131. Bakanlar\u0131n \u00e7ocuklar\u0131n\u0131n evlerinde para kasalar\u0131 vard\u0131. \u00c7ikolata kutular\u0131nda giden r\u00fc\u015fvetler vard\u0131. 700 bin liral\u0131k kol saati vard\u0131. Ne vard\u0131 17 \u2013 25\u2019te? 17 \u2013 25\u2019le kendi yolsuzluklar\u0131n\u0131 \u00f6rtme \u00e7abas\u0131 i\u00e7indeler.<br \/>\nHa milat olarak ne alacaks\u0131n\u0131z? Milli G\u00fcvenlik Kurulunun karar\u0131 yay\u0131nland\u0131. Fethullah G\u00fclen Ter\u00f6r \u00d6rg\u00fct\u00fcyle ilgili \u00f6nlem al\u0131n diye. Hilmi \u00d6zk\u00f6k a\u00e7\u0131klama yapt\u0131, biz h\u00fck\u00fcmeti uyard\u0131k dedi. Yine eski Genelkurmay Ba\u015fkan\u0131, o da a\u00e7\u0131klama yapt\u0131 biz h\u00fck\u00fcmeti uyard\u0131k diye. Milli G\u00fcvenlik Kurulunda sunulan raporda g\u00f6sterilen yans\u0131da Fethullah G\u00fclen \u00d6rg\u00fct\u00fcne himmet paras\u0131 \u00f6dendi\u011fi de var orada. Bunlar da seyrediyorlar, Erdo\u011fan ve bakanlar\u0131 da seyrediyorlar onu ve karar al\u0131yorlar.<br \/>\n\u015eimdi h\u00fck\u00fcmet uyar\u0131yor, yapmay\u0131n diyor. Devlet uyar\u0131yor yapmay\u0131n diyor. Bak\u0131n devletin raporlar\u0131 var. \u00d6nlem al\u0131n diyor. \u00d6nlem al\u0131nmazsa ileride sorunlar do\u011furabilir. B\u00fcy\u00fck bir g\u00fcce ula\u015f\u0131yor diyor. Hi\u00e7bir \u00f6nlem al\u0131nm\u0131yor. Tam tersi yap\u0131l\u0131yor. Fatura kime \u00e7\u0131k\u0131yor? Kendilerine de\u011fil, ere \u00e7\u0131k\u0131yor, erba\u015fa \u00e7\u0131k\u0131yor, hakime \u00e7\u0131k\u0131yor, savc\u0131ya \u00e7\u0131k\u0131yor. \u0130\u015fte herkese \u00e7\u0131k\u0131yor. Akademisyene \u00e7\u0131k\u0131yor, Bar\u0131\u015f Bildirisini imzalayanlar, niye \u00fcniversitelerden at\u0131ld\u0131 bunlar? Bunlar\u0131n Fethullah G\u00fclen Ter\u00f6r \u00d6rg\u00fct\u00fcyle ne ilgisi var? Gazeteciler hapse at\u0131ld\u0131. Bunlar\u0131n Fethullah G\u00fclen ter\u00f6r \u00f6rg\u00fct\u00fcyle ne ilgisi var? Efendim G\u00fclen Hareketini \u00f6vm\u00fc\u015fler. En \u00e7ok \u00f6ven sizsiniz karde\u015fim. T\u00fcrk\u00e7e Olimpiyatlar\u0131 yapan sizsiniz. Merkez Bankas\u0131n\u0131n bast\u0131\u011f\u0131 paran\u0131n \u00fczerine T\u00fcrk\u00e7e Olimpiyatlar\u0131n\u0131 yazd\u0131ran da sizsiniz karde\u015fim. \u015eimdi bunlar pir\u00fcpak tertemiz!<br \/>\nSorun nedir biliyor musunuz? Benim yolsuzluklar\u0131m\u0131 neden ortaya \u00e7\u0131kard\u0131n? Sorun budur. \u0130ki paralel yap\u0131 var. Do\u011frudur, paralel s\u00f6zc\u00fc\u011f\u00fc de do\u011frudur. Biri Fethullah G\u00fclen, di\u011feri Erdo\u011fan\u2019\u0131n ba\u015fkanl\u0131k etti\u011fi paralel devlet yap\u0131lanmas\u0131. \u0130kisi de paralel yap\u0131. \u0130kisi birbirinden besleniyor, simbiyotik ili\u015fki var. Biri olmadan di\u011feri olmuyor. Valiyi tayin etmek\u2026 Sen bana aday g\u00f6ster, ben valiyi tayin edece\u011fim diyor. Sen bana dekan g\u00f6ster, ben dekan tayin edece\u011fim. Sen bana rekt\u00f6r g\u00f6ster, ben rekt\u00f6r g\u00f6sterece\u011fim sana. O nedenle zaten Say\u0131n Erdo\u011fan\u2019\u0131n herhalde buras\u0131na kadar geldi ki, ya karde\u015fim ne istediniz de vermedik size deme noktas\u0131na geldi. Siz niye benim yolsuzluklar\u0131m\u0131 ortaya \u00e7\u0131kard\u0131n\u0131z? Olay bu.<\/p>\n<p><strong>Ali Can T\u00dcRKO\u011eLU<\/strong>&#8211; Az \u00f6nce size erken se\u00e7imle ilgili soruyu y\u00f6neltti\u011fimde \u015f\u00f6yle bir cevap verdiniz. AKP i\u00e7erisindeki bylockcular\u0131 temizlemek i\u00e7in giderse se\u00e7ime gider gibi bir cevap verdiniz. E\u011fer yanl\u0131\u015f s\u00f6ylediysem d\u00fczeltin l\u00fctfen. Elinizde somut bir bilgi mi var AKP i\u00e7erisinde bylock kullanan? Dolay\u0131s\u0131yla bylock kullananlar\u0131n Fethullah\u00e7\u0131 Ter\u00f6r \u00d6rg\u00fct\u00fc mensubu oldu\u011funu da d\u00fc\u015f\u00fcn\u00fcrsek? En az\u0131ndan \u00f6yle bir kabul var \u015fu anda. AKP i\u00e7erisinde FET\u00d6\u2019c\u00fc oldu\u011funu mu d\u00fc\u015f\u00fcn\u00fcyorsunuz?<br \/>\n<strong>Kemal KILI\u00c7DARO\u011eLU- <\/strong>Kesinlikle var. Vard\u0131 da zaten. Bunlar u\u00e7aklarla Pennsylvania\u2019ya hacca gider gibi gitmiyorlar m\u0131yd\u0131? Biz mi gidiyorduk, onlar gidiyordu! Onlar konu\u015fuyorlard\u0131, onlar haberle\u015fiyorlard\u0131. O d\u00f6nemde yay\u0131nlanan Fethullah G\u00fclen\u2019in gazete ilan\u0131 vard\u0131, tam sayfa ilan b\u00fct\u00fcn gazetelerde, baks\u0131nlar Fethullah G\u00fclen kimlere te\u015fekk\u00fcr etmi\u015f orada. Biz bunlar\u0131n hepsini biliyoruz. Bylock kullananlar\u0131n \u00e7\u00f6z\u00fclen isimleri se\u00e7ilerek savc\u0131l\u0131\u011fa g\u00f6nderiliyor. Bunu da a\u00e7\u0131k ve net s\u00f6yl\u00fcyorum.<\/p>\n<p><strong>Ali Can T\u00dcRKO\u011eLU-<\/strong> Gizlenen isimler mi var?<br \/>\n<strong>Kemal KILI\u00c7DARO\u011eLU-<\/strong> Elbette, kontroll\u00fc\u2026<br \/>\n<strong><br \/>\nAli Can T\u00dcRKO\u011eLU- <\/strong>Yani AKP i\u00e7erisinden bir tak\u0131m isimlerin bylock kulland\u0131\u011f\u0131 bilinmesine ra\u011fmen savc\u0131l\u0131\u011fa bu ki\u015filerin bildirilmedi\u011fi\u2026<br \/>\n<strong>Kemal KILI\u00c7DARO\u011eLU-<\/strong> \u0130simleri bildirilmiyor evet. M\u0130T \u00e7\u0131kars\u0131n, program\u0131 \u00e7\u0131kars\u0131n, yaz\u0131l\u0131m\u0131 \u00e7\u0131kars\u0131n, ba\u011f\u0131ms\u0131z bir kurulu\u015fa versin, ba\u011f\u0131ms\u0131z bir kurulu\u015f yay\u0131nlas\u0131n. Bak\u0131n, bu kadar a\u00e7\u0131k ve net s\u00f6yl\u00fcyorum. Ba\u011f\u0131ms\u0131z bir kurulu\u015f o bylockta kullan\u0131lan. Hatta uluslararas\u0131 sayg\u0131nl\u0131\u011f\u0131 olan bir kurulu\u015fa da teslim edebilirler.<\/p>\n<p><strong>Ali Can T\u00dcRKO\u011eLU- <\/strong>Peki, hani sizin bakan, milletvekili, size gelen somut bilgiler var m\u0131? Yoksa duyum \u00fczerine mi sizde bir a\u00e7\u0131klama yap\u0131yorsunuz \u015fu anda? Yani \u015funu kastediyorum asl\u0131nda. O kadar ciddi bir iddia var ki \u015fu anda ortada.<br \/>\n<strong>Kemal KILI\u00c7DARO\u011eLU-<\/strong> Elimizde net, yani net \u015f\u00f6yle elle tutaca\u011f\u0131m\u0131z bir ka\u011f\u0131t yok tabi. Ama biz bunu biliyoruz.<br \/>\n<strong><br \/>\nAli Can T\u00dcRKO\u011eLU-<\/strong> Cumhuriyet Halk Partisi i\u00e7erisinde var m\u0131 Say\u0131n Genel Ba\u015fkan?<br \/>\n<strong>Kemal KILI\u00c7DARO\u011eLU-<\/strong> Bir ki\u015fi i\u00e7in bize s\u00f6ylendi ama onu da ara\u015ft\u0131rd\u0131k \u00f6yle bir \u015fey yok.<\/p>\n<p><strong>Ali Can T\u00dcRKO\u011eLU- <\/strong>Dolay\u0131s\u0131yla bu bylock i\u015fi anlad\u0131\u011f\u0131m kadar\u0131yla daha \u00e7ok isim ge\u00e7ecek, ge\u00e7meyecek, nas\u0131l a\u00e7\u0131klamalar yap\u0131lacak bilmiyorum ama ben son en az\u0131ndan Afyonkarahisar kamp\u0131nda Say\u0131n Ba\u015fbakan\u0131n \u015f\u00f6yle bir s\u00f6ylemi var, a\u00e7\u0131klamas\u0131 var: AKP i\u00e7erisinde ne bakan, ne milletvekili, te\u015fkilatlarda temizli\u011fin zaten oldu\u011funu ve devam etti\u011fini s\u00f6yledi ki, 17 \u2013 25\u2019ten itibaren zaten AKP i\u00e7erisindeki bu temizli\u011fin devam etti\u011fi y\u00f6n\u00fcnde bilgileri zaten veriliyordu AKP kaynaklar\u0131 taraf\u0131ndan. AKP i\u00e7erisinde FET\u00d6\u2019c\u00fc yoktur, olmam\u0131\u015ft\u0131r. Bu parti i\u00e7erisinde ter\u00f6r \u00f6rg\u00fct\u00fc mensuplar\u0131 bulanamaz c\u00fcmlesi geldi.<\/p>\n<p><strong>Kemal KILI\u00c7DARO\u011eLU- <\/strong>FET\u00d6\u2019c\u00fc vard\u0131r, FET\u00d6\u2019c\u00fclerle kan karde\u015fidir bunlar. Ayn\u0131 paralel yolda y\u00fcr\u00fcyorlar. Her istediklerini verdiler. Bir d\u00f6nem PKK\u2019ya nas\u0131l her istediklerini verdilerse \u015fimdi de FET\u00d6\u2019ye her istediklerini verdiler ve T\u00fcrkiye\u2019yi bu noktaya ta\u015f\u0131d\u0131lar. Eskiden sadece bir ter\u00f6r \u00f6rg\u00fct\u00fc vard\u0131 PKK. \u015eimdi I\u015e\u0130D var, 70 ilden militan dev\u015firiyor. FET\u00d6 var. Kim bunlar\u0131 ortaya \u00e7\u0131kard\u0131? Kim bunlar\u0131 besledi? Kim bunlar\u0131n s\u0131rt\u0131n\u0131 s\u0131vazlad\u0131?<br \/>\n<strong><br \/>\nAli Can T\u00dcRKO\u011eLU-<\/strong> Adil \u00d6ks\u00fcz\u2019le ilgili ilk dile getiren de sizdiniz a\u00e7\u0131klama yapm\u0131\u015ft\u0131n\u0131z. Daha sonra h\u00fck\u00fcmetten bir\u00e7ok kez M\u0130T mensubu olmad\u0131\u011f\u0131na ili\u015fkin a\u00e7\u0131klamalar geldi. Adil \u00d6ks\u00fcz\u2019le ilgili sizin elinizde var m\u0131 acaba yeni g\u00fcncel herhangi bir somut bilgi veya duydu\u011funuz? \u00c7\u00fcnk\u00fc halen bulunamad\u0131\u011f\u0131n\u0131\u2026<br \/>\n<strong>Kemal KILI\u00c7DARO\u011eLU-<\/strong> Adil \u00d6ks\u00fcz s\u0131radan bir insan de\u011fil. \u0130ki konuyu Say\u0131n Abd\u00fclkadir Selvi a\u00e7\u0131kl\u0131\u011fa kavu\u015fturdu. Bunlardan birincisi \u015fu; ben Adil \u00d6ks\u00fcz\u2019\u00fcn g\u00f6zalt\u0131nda bulundu\u011fu s\u0131rada ellerinin kelep\u00e7elendi\u011fini \u00f6nden, di\u011ferlerinin tamam\u0131 arkadan kelep\u00e7eleniyor Adil \u00d6ks\u00fcz \u00f6nden kelep\u00e7eleniyor diye biliyordum, me\u011fer kelep\u00e7elenmemi\u015f hi\u00e7, bu \u00e7ok \u00f6nemli bir \u015fey.<br \/>\n\u0130ki; Adil \u00d6ks\u00fcz\u2019\u00fcn Ak\u0131nc\u0131lar \u00dcss\u00fc d\u0131\u015f\u0131ndaki alanda yakaland\u0131\u011f\u0131n\u0131 d\u00fc\u015f\u00fcn\u00fcyordum me\u011fer Adil \u00d6ks\u00fcz Ak\u0131nc\u0131lar \u00dcss\u00fc\u2019ndeymi\u015f. Ve bir pilotun yapt\u0131\u011f\u0131 a\u00e7\u0131klama, biz talimat\u0131 Adil \u00d6ks\u00fcz\u2019den al\u0131yorduk. \u015eimdi soru \u015fu; efendim biz de arsa almaya geldik diyen iki ki\u015fi daha var Adil \u00d6ks\u00fcz d\u0131\u015f\u0131nda. Ama o iki ki\u015fi tutuklan\u0131yor, Adil \u00d6ks\u00fcz\u2019e s\u0131ra gelince kelep\u00e7elenmiyor. Tutanaklar tutuluyor \u00fc\u00e7 tane tutanak, dosyan\u0131n i\u00e7i bo\u015falt\u0131l\u0131yor, Adil \u00d6ks\u00fcz serbest b\u0131rak\u0131l\u0131yor.<br \/>\n\u015eimdi M\u0130T a\u00e7\u0131klama yap\u0131yor bizim eleman\u0131m\u0131z de\u011fildir diye. Hi\u00e7bir istihbarat \u00f6rg\u00fct\u00fc bu bizim eleman\u0131m\u0131zd\u0131r zaten demez, diyemez de zaten. Biz \u015funa bak\u0131yoruz, Adil \u00d6ks\u00fcz\u2019\u00fc hangi g\u00fc\u00e7 serbest b\u0131rakt\u0131? Ve \u015funu da merak ediyoruz. GPS cihaz\u0131 vard\u0131 Adil \u00d6ks\u00fcz\u2019de, onu saklamak istedi, jandarma gitti buldu sakland\u0131\u011f\u0131 yerden. Adil \u00d6ks\u00fcz serbest b\u0131rak\u0131l\u0131rken GPS cihaz\u0131n\u0131 da beraber g\u00f6t\u00fcrmesine izin verildi. Peki Adil \u00d6ks\u00fcz\u2019\u00fcn kulland\u0131\u011f\u0131 GPS cihazlar\u0131n\u0131 T\u00fcrkiye\u2019ye hangi kurum ithal etmi\u015ftir? Biz bunlar\u0131 merak ediyoruz. Herhalde benim merak etti\u011fim kadar Say\u0131n Binali Y\u0131ld\u0131r\u0131m\u2019\u0131n da merak etmesi laz\u0131m.<\/p>\n<p><strong>Ali Can T\u00dcRKO\u011eLU- <\/strong>Peki nerede sizce? Yani ya\u015f\u0131yor ya\u015fam\u0131yor, \u00f6ld\u00fcr\u00fcld\u00fc\u011f\u00fc y\u00f6n\u00fcnde a\u00e7\u0131klama yok tabi iddialar kamuoyuyla payla\u015f\u0131l\u0131yor ama.<br \/>\n<strong>Kemal KILI\u00c7DARO\u011eLU- <\/strong>Adil \u00d6ks\u00fcz birilerinin korumas\u0131 alt\u0131nda \u015fu anda, nerede olabilir?<\/p>\n<p><strong>Ali Can T\u00dcRKO\u011eLU-<\/strong> T\u00fcrkiye i\u00e7inde oldu\u011funu mu d\u00fc\u015f\u00fcn\u00fcyorsunuz?<br \/>\n<strong>Kemal KILI\u00c7DARO\u011eLU-<\/strong> Onu bilmiyorum. Bir ara Batum\u2019da oldu\u011fu \u015feklinde bir haber baz\u0131 internet sitelerinde yer ald\u0131. Adil \u00d6ks\u00fcz Batum\u2019da g\u00f6r\u00fcld\u00fc vs. diye. Fakat haber veriliyor sonra Batum\u2019dan da kayboldu\u011fu \u015feklinde yine o internet sitesindeki haberde yer al\u0131yor. Bilmiyoruz yani. Ben bilmiyorum en az\u0131ndan onu ifade edeyim. Ama \u015fu soruyu ben sormak zorunday\u0131m. Oradaki herkesi tutukluyorsun Adil \u00d6ks\u00fcz\u2019\u00fc serbest b\u0131rak\u0131yorsun. \u00dcstelik cihaz\u0131yla beraber serbest b\u0131rak\u0131yorsun. Mahkemeye g\u00f6t\u00fcr\u00fcl\u00fcrken Adil \u00d6ks\u00fcz\u2019e kadar olanlar g\u00f6t\u00fcr\u00fcl\u00fcyor, s\u0131ra Adil \u00d6ks\u00fcz\u2019e gelince orada kesiliyor. Neden?<\/p>\n<p><strong>Ali Can T\u00dcRKO\u011eLU-<\/strong> Bu arada bir son dakika geli\u015fmesi var Say\u0131n Genel Ba\u015fkan sizinle de payla\u015fay\u0131m. Kara ve Deniz Kuvvetleri\u2019nden 195 personelin ihra\u00e7 edildi\u011fine y\u00f6nelik. TSK\u2019da FET\u00d6 ihra\u00e7lar\u0131 devam ediyor. Sabah saatlerinde \u0130\u00e7i\u015fleri Bakanl\u0131\u011f\u0131ndan bir a\u00e7\u0131klama yap\u0131lm\u0131\u015ft\u0131. Jandarma ve Sahil G\u00fcvenlikten toplam 265 yanl\u0131\u015f hat\u0131rlam\u0131yorsam yine ihra\u00e7 vard\u0131. Bu bilgiyi de aktaray\u0131m. T\u00fcrkiye d\u0131\u015f\u0131nda oldu\u011fu bilinen bir ter\u00f6r \u00f6rg\u00fct\u00fc mensubu var.<br \/>\n<strong>Kemal KILI\u00c7DARO\u011eLU-<\/strong> Bir \u015fey daha s\u00f6yleyeyim. Mehmet Di\u015fli, bak\u0131n T\u00fcrkiye bilinerek ve bilin\u00e7li \u015fekilde darbe ortam\u0131na haz\u0131rlanm\u0131\u015ft\u0131r. Bir daha s\u00f6yl\u00fcyorum, bilinerek ve bilin\u00e7li bir \u015fekilde darbe ortam\u0131na haz\u0131rlanm\u0131\u015ft\u0131r. Neden diyeceksiniz? Mehmet Di\u015fli, yani olay\u0131 y\u00f6neten adam Mehmet Di\u015fli; TSK\u2019da g\u00f6revini, kara g\u00f6revini, k\u0131ta g\u00f6revini tamamlamadan Genelkurmay Merkeze getirilir. Kimin iradesiyle? Siyasi iradeyle. \u00d6zel bir daire olu\u015fturulur orada kalmas\u0131 i\u00e7in, sonra terfi eder. Terfi edince o daireden ayr\u0131lmas\u0131 ve k\u0131taya gitmesi laz\u0131m. Tekrar de\u011fi\u015ftirilir, terfiine uygun daire tekrar orada tutulur. S\u0131rf Genelkurmay Karargah\u0131\u2019nda kals\u0131n diye ve Mehmet Di\u015fli bu darbeyi y\u00f6neten ki\u015fidir.<br \/>\n\u015eimdi; Mehmet Di\u015fli\u2019yi Genelkurmay Karargah\u0131nda tutan siyasi irade, T\u00fcrkiye\u2019yi darbeye bilin\u00e7li olarak haz\u0131rlayan iradedir. Bu kadar a\u00e7\u0131k! Bana \u00e7\u0131k\u0131p \u015funu s\u00f6ylesinler, bu s\u00f6yledi\u011fimde \u015fu kelime, bak\u0131n c\u00fcmleyi de demiyorum, \u2018\u015fu kelime yanl\u0131\u015f arkada\u015f\u2019 desinler. O nedenle bu darbenin \u00e7ok ama \u00e7ok karanl\u0131k noktalar\u0131 vard\u0131r.<br \/>\nO nedenle yine \u015funu s\u00f6yl\u00fcyoruz. Darbe yarg\u0131lamalar\u0131n\u0131n kamuya a\u00e7\u0131k yap\u0131lmas\u0131 laz\u0131m, yani bu yarg\u0131lamalar\u0131n televizyondan canl\u0131 verilmesi laz\u0131m. Darbe ma\u011fdurlar\u0131 var. Darbe ma\u011fdurlar\u0131n\u0131 kim ne derse desin sonuna kadar savunaca\u011f\u0131m. E\u011fer siz bir \u00f6\u011fretmeni al\u0131p 5 g\u00fcn tutarsan\u0131z, 16 g\u00fcnl\u00fck \u00e7ocu\u011fu anneden ay\u0131r\u0131rsan\u0131z, \u00e7ocu\u011funu anneden ay\u0131r\u0131rsan\u0131z bu ma\u011fdurdur. En az\u0131ndan 16 g\u00fcnl\u00fck \u00e7ocuk ma\u011fdurdur. Bende vicdan var, ahlak var, inan\u00e7 var, din var, iman var. 16 g\u00fcnl\u00fck \u00e7ocuk anneden ayr\u0131l\u0131r m\u0131? Babas\u0131 geldi h\u00fcng\u00fcr h\u00fcng\u00fcr a\u011fl\u0131yor, bari k\u0131z\u0131m\u0131 hapse koysunlar da \u00e7ocu\u011funu da verelim bari orada \u00e7ocu\u011fu emzirsin diye.<br \/>\n\u015eehit, kocas\u0131n\u0131 yakalam\u0131\u015fs\u0131n\u0131z diyelim. Ter\u00f6r \u00d6rg\u00fct\u00fc Fethullah mensubu tamam diyelim, su\u00e7lad\u0131n\u0131z hapse att\u0131n\u0131z tamam. E\u015fi? Abisi \u015fehit olmu\u015f, \u015fehit yak\u0131n\u0131 olmaktan devlet memuriyetine girmi\u015f, onu da i\u015finden at\u0131yorsunuz. Hangi ak\u0131lda, mant\u0131kta, vicdanda, dinde, imanda b\u00f6yle bir \u015fey var. O kad\u0131n\u0131n g\u00fcnah\u0131 nedir? Hadi kocay\u0131 ald\u0131n\u0131z, hapse att\u0131n\u0131z. Onun g\u00fcnah\u0131 nedir?<\/p>\n<p><strong>Ali Can T\u00dcRKO\u011eLU-<\/strong> Dolay\u0131s\u0131yla anlad\u0131\u011f\u0131m kadar\u0131yla bu ma\u011fdur, siyasetteki ma\u011fdur tart\u0131\u015fmas\u0131 devam edecek.<br \/>\n<strong>Kemal KILI\u00c7DARO\u011eLU-<\/strong> Bak\u0131n \u015fimdi, benim verdi\u011fim olaylar\u0131n tamam\u0131 ger\u00e7ek.<\/p>\n<p><strong>Ali Can T\u00dcRKO\u011eLU-<\/strong> Siz bunlar\u0131 h\u00fck\u00fcmetle payla\u015f\u0131yorsunuz, payla\u015ft\u0131n\u0131z en az\u0131ndan.<br \/>\n<strong>Kemal KILI\u00c7DARO\u011eLU-<\/strong> S\u00f6yl\u00fcyoruz, a\u00e7\u0131k\u00e7a da s\u00f6yl\u00fcyoruz.<br \/>\n<strong><br \/>\nAli Can T\u00dcRKO\u011eLU-<\/strong> Cevap nas\u0131l geldi?<br \/>\n<strong>Kemal KILI\u00c7DARO\u011eLU-<\/strong> Ma\u011fdur edebiyat\u0131 yapmay\u0131n diyorlar. Hangi ma\u011fdur edebiyat\u0131ndan s\u00f6z ediyorsunuz siz? Ben kalk\u0131p da Meclisi bombalayanlar\u0131 savundum mu? Hay\u0131r. Ak\u0131nc\u0131lar \u00dcss\u00fcnde talimat verenleri savundum mu? Hay\u0131r.<\/p>\n<p><strong>Ali Can T\u00dcRKO\u011eLU- <\/strong>Yeni Kanun H\u00fckm\u00fcnde Kararnameyle yak\u0131n zamanda \u00e7\u0131kmas\u0131 bekleniyordu, i\u015fe iadelerin, i\u015fe d\u00f6n\u00fc\u015flerin de olaca\u011f\u0131n\u0131 s\u00f6ylemi\u015fti Say\u0131n Canikli.<br \/>\n<strong>Kemal KILI\u00c7DARO\u011eLU- <\/strong>Kalkt\u0131n\u0131z binlerce \u00f6\u011fretmenin i\u015fine son verdiniz, a\u00e7\u0131\u011fa ald\u0131n\u0131z binlerce \u00f6\u011fretmen, 10 binin \u00fcst\u00fcnde \u00f6\u011fretmen. Sadece 9 bin k\u00fcsur Hatay\u2019da, bunlar\u0131n FET\u00d6\u2019yle yak\u0131ndan uzaktan hi\u00e7bir ilgisi yok.<br \/>\nBak\u0131n \u015f\u00f6yle bir olay anlatay\u0131m. \u0130skenderun Payas\u2019ta bir \u00f6\u011fretmen a\u00e7\u0131\u011fa al\u0131nm\u0131\u015f. Sordurduk niye a\u00e7\u0131\u011fa ald\u0131n\u0131z bu \u00f6\u011fretmeni? Efendim \u015eanl\u0131urfa\u2019da E\u011fitim-Sen\u2019in toplant\u0131s\u0131na kat\u0131lm\u0131\u015f diye. Biz de kendisine dedik ki, \u015eanl\u0131urfa\u2019ya E\u011fitim-Sen\u2019in toplant\u0131s\u0131na kat\u0131lm\u0131\u015fs\u0131n. Bize verdi\u011fi cevap, hayat\u0131m boyunca hi\u00e7 \u015eanl\u0131urfa\u2019ya gitmedim. T\u00fcrkiye Cumhuriyetini hukuk devleti olmaktan \u00e7\u0131kard\u0131lar berbat bir istihbarat devleti haline d\u00f6n\u00fc\u015ft\u00fcrd\u00fcler. B\u00f6yle bir \u015fey olabilir mi? Sen devletin raporlar\u0131na g\u00fcvenmiyorsun, seni zaman\u0131nda uyar\u0131yorlar, g\u00fcvenmiyorsun devletin raporlar\u0131na, onlar\u0131 al\u0131p \u00e7\u00f6p sepetine at\u0131yorsun, yok h\u00fckm\u00fcndedir diyorsun bug\u00fcn gelmi\u015fsin \u015eanl\u0131urfa\u2019ya hayat\u0131 boyunca hi\u00e7 gitmemi\u015f birisini \u015eanl\u0131urfa\u2019ya gittin diye al\u0131yorsun kap\u0131n\u0131n \u00f6n\u00fcne koyuyorsun. Devlet b\u00f6yle y\u00f6netilmez. B\u00f6yle bir \u015fey yoktur.<br \/>\n27,5 y\u0131l\u0131n\u0131 devlete veren bir ki\u015fi olarak s\u00f6yl\u00fcyorum ben bunlar\u0131. Bunlardan \u00e7ok daha iyi tan\u0131r\u0131m ben devleti. Devlet sayg\u0131n bir kurulu\u015ftur, olmak zorundad\u0131r. Yani \u00f6n\u00fcne gelen ihbara g\u00f6re insanlar\u0131 al\u0131yorsunuz. \u0130\u015fadamlar\u0131, i\u015fadamlar\u0131n\u0131n ne g\u00fcnah\u0131 var? Falan \u00fcniversiteye, isim de veriyim Melik\u015fah \u00dcniversitesine niye yard\u0131m yapt\u0131n\u0131z diye fabrikas\u0131na el kondu, adamlar al\u0131nd\u0131 hapse at\u0131ld\u0131, Kayseri\u2019de Melik\u015fah \u00dcniversitesi. Benzer bir olay Bursa\u2019da ya\u015fand\u0131. Bursa\u2019da bir i\u015fadam\u0131na yurt yap demi\u015fler. Yap diyen kim? Vali. Yap diyen kim? B\u00fcy\u00fck\u015fehir Belediye Ba\u015fkan\u0131. Yap diyen kim? Bizzat Cumhurba\u015fkan\u0131 a\u00e7\u0131p telefonu bu hay\u0131rl\u0131 i\u015fi de sen yap diyor. Cemaate \u00f6\u011frenci yurdu yapt\u0131ral\u0131m. \u015eimdi bu i\u015fadam\u0131 Cumhurba\u015fkan\u0131n\u0131n, valinin, B\u00fcy\u00fck\u015fehir Belediye Ba\u015fkan\u0131n\u0131n telefon edip de yap dedi\u011fi yurdu yapmazsa ne olur, ba\u015f\u0131na ne gelir Allah a\u015fk\u0131na? Bunu g\u00f6zalt\u0131na ald\u0131lar. Melik\u015fah \u00dcniversitesi geldi rakamlara bakt\u0131k. Bak\u0131n dedi ben i\u015fadam\u0131y\u0131m, kiliseye de yard\u0131m yapt\u0131m, cemevine de yapt\u0131m, camiye de yapt\u0131m, Erciyes \u00dcniversitesine de yapt\u0131m, Abdullah G\u00fcl \u00dcniversitesine, Melik\u015fah \u00dcniversitesine yapt\u0131m, b\u00fct\u00fcn kay\u0131tlar\u0131m var. \u00dcniversite, siz bu \u00fcniversitenin kurulu\u015funa ben izin vermedim ki. Kanunu \u00e7\u0131karan sizsiniz. G\u00fclen \u00d6rg\u00fct\u00fcne ait 17 \u00fcniversiteye izin veren, getiren sizsiniz, onaylayan sizsiniz.<\/p>\n<p><strong>Ali Can T\u00dcRKO\u011eLU- <\/strong>Zamanla bunlar\u0131n yanl\u0131\u015f g\u00f6rd\u00fc\u011f\u00fcn\u00fcz noktalar\u0131n\u0131n d\u00fczelece\u011fini d\u00fc\u015f\u00fcnm\u00fcyor musunuz Say\u0131n Genel Ba\u015fkan?<br \/>\n<strong>Kemal KILI\u00c7DARO\u011eLU- <\/strong>Nas\u0131l d\u00fczelecek bu kadar ma\u011fdur? Emin olun a\u00e7l\u0131kla u\u011fra\u015fanlar var. Ve bunun \u00fczerine \u00e7\u0131k\u0131p ne diyorlar? A\u011fa\u00e7 k\u00f6k\u00fcn\u00fc yesinler bunlar deniyor. Bir insan\u0131n onuruyla bu kadar oynanmaz. Bak\u0131n ben hayat\u0131mda g\u00f6rmedim b\u00f6yle bir \u015fey. Mustafa Kemal Atat\u00fcrk\u2019e suikast d\u00fczenleyenlerin \u00e7ocuklar\u0131na bak\u0131n. O \u00e7ocuklar yeti\u015fmi\u015ftir ve devletin en \u00f6nemli makamlar\u0131na gelmi\u015ftir. Neden? Su\u00e7 bireyseldir. Kolektif su\u00e7 olmaz. Birisi su\u00e7 i\u015fleyebilir, potansiyel olarak her insan su\u00e7 i\u015fleyebilir. Hepimiz yapabiliriz. Ama ben su\u00e7 i\u015fledim veya siz su\u00e7 i\u015flediniz diye benim ailem, \u00e7oluk \u00e7ocu\u011fum olmaz.<br \/>\nBir \u00f6rnek daha vereyim. Adam\u0131 i\u015ften at\u0131yorsunuz THY\u2019deki o\u011flunu da i\u015ften at\u0131yorsunuz. 15 ya\u015f\u0131nda \u00e7ocuk Tokat Turhal\u2019da \u00f6rnek veriyorum Tokat Turhal\u2019da. Emniyet m\u00fcd\u00fcr\u00fc al\u0131yorsunuz i\u00e7eri, tamam ald\u0131n\u0131z. Lojmandan \u00e7\u0131kar\u0131yorlar hadi \u00e7\u0131kard\u0131n\u0131z. \u0130ki k\u00fc\u00e7\u00fck \u00e7ocuk var banka hesaplar\u0131na el konmu\u015f tamam el koydunuz. Kad\u0131n\u0131n iki bilezi\u011fi var sat\u0131p onunla \u00e7oluk \u00e7ocu\u011funu ge\u00e7indirmek istiyor ve bu 15 ya\u015f\u0131ndaki \u00e7ocu\u011fun \u00e7al\u0131\u015fmas\u0131 laz\u0131m. Hi\u00e7bir i\u015fadam\u0131 korkudan i\u015f vermiyor. Peki bu aile nas\u0131l ge\u00e7inecek? Hani T\u00fcrkiye Cumhuriyeti sosyal bir devletti, hani insan haklar\u0131 vard\u0131 bizde? \u015eimdi ben bunlar\u0131 savunuyorum, bak\u0131n bunlar\u0131n hi\u00e7birisi de CHP\u2019ye oy vermi\u015f de de\u011fil onu da s\u00f6yleyeyim. Ama ben insan haklar\u0131n\u0131 savunuyorum, ben demokrasiyi savunuyorum. Ben insanlar\u0131n inan\u00e7lar\u0131na sayg\u0131l\u0131y\u0131m. Ben insanlar\u0131n kimli\u011fine sayg\u0131l\u0131y\u0131m. Allah\u2019\u0131n yaratt\u0131\u011f\u0131 en de\u011ferli varl\u0131k insand\u0131r diyorum. Ama devlet dedi\u011finiz kurumun insana i\u015fkence etmesi de\u011fil, insan\u0131 y\u00fcceltmesi laz\u0131m. \u015eimdi siz e\u015fi su\u00e7 i\u015fledi, abisi su\u00e7 i\u015fledi veya abisi veya dedesi su\u00e7 i\u015fledi diye aile boyu b\u00fct\u00fcn aileyi yok edeceksiniz. Ben Taksim\u2019de de s\u00f6yledim, Yenikap\u0131\u2019da da s\u00f6yledim, \u0130zmir\u2019de de s\u00f6yledim. Devlet kinle y\u00f6netilmez, intikamla y\u00f6netilmez, nefretle y\u00f6netilmez. Devlet hukukun \u00fcst\u00fcnl\u00fc\u011f\u00fc kural\u0131 i\u00e7inde y\u00f6netilir. Her insan\u0131n hukukun \u00fcst\u00fcnl\u00fc\u011f\u00fc kural\u0131 i\u00e7inde yarg\u0131lanma hakk\u0131 vard\u0131r.<br \/>\nBak\u0131n, bizim \u00e7\u0131kard\u0131\u011f\u0131m\u0131z kanunlardan birisi de \u015fudur; bir ki\u015fi su\u00e7 i\u015fledi diyelim, yarg\u0131lanacak ama avukat tutacak paras\u0131 yok. Devlet ona avukat tutuyor. Paras\u0131n\u0131 da devlet veriyor bunun hakk\u0131n\u0131 savun diye. \u015eimdi siz yarg\u0131lama olmadan otomatikman \u00e7\u0131kt\u0131n\u0131z \u015fu ki\u015filer su\u00e7ludur dediniz. Siz hakim misiniz? Hakim de\u011filsiniz. Hukuk e\u011fitimi g\u00f6rd\u00fcn\u00fcz m\u00fc? Hay\u0131r onu da g\u00f6rmediniz. Size b\u00f6yle bir yetki? OHAL bize Kanun H\u00fckm\u00fcnde Kararname yetkisi verdi. Ama siz insan haklar\u0131, hukukun \u00fcst\u00fcnl\u00fc\u011f\u00fc \u00e7er\u00e7evesinde bakmak zorundas\u0131n\u0131z ona. OHAL d\u00f6nemiyle ilgili yaparsan\u0131z ben bunu anlar\u0131m. Ama siz OHAL d\u00f6neminin \u00f6tesine ta\u015fan d\u00fczenlemeler yap\u0131yorsunuz. Bunlar do\u011fru de\u011fil.<br \/>\nVe daha tehlikeli bir \u015fey\u2026 Do\u011fu- G\u00fcneydo\u011fu\u2019dan a\u00e7\u0131ld\u0131 da hani silah deposu haline getirdiler bunlar, g\u00f6z yumdular vs. falan. 200 ton patlay\u0131c\u0131 patlat\u0131ld\u0131. \u0130\u015fte d\u00fcn de \u00e7ok say\u0131da \u015fehidimiz geldi Allahtan rahmet diliyoruz onlara. Silahlanma yar\u0131\u015f\u0131 ba\u015flad\u0131.<\/p>\n<p><strong>Ali Can T\u00dcRKO\u011eLU- <\/strong>\u0130\u015fte bu yar\u0131\u015f\u0131 ba\u015flatanlar\u0131n da mesela FET\u00d6\u2019c\u00fc oldu\u011fu y\u00f6n\u00fcnde iddialar var Say\u0131n Genel Ba\u015fkan.<br \/>\n<strong>Kemal KILI\u00c7DARO\u011eLU-<\/strong> \u0130yi de silahlanma iznini veren kim? Rize valisi ne diyor a\u00e7\u0131klamas\u0131nda? En \u00e7ok talep buradan geldi. Bug\u00fcne kadar hi\u00e7 ben bu kadar silah tutma ruhsat\u0131 vermemi\u015ftim diyor. Birisinden izin al\u0131yorlar. Yani ad\u0131m ad\u0131m T\u00fcrkiye bir i\u00e7 sava\u015fa m\u0131 haz\u0131rlan\u0131yor acaba? Ve siz \u00f6zendiriyorsunuz bunu. Silahland\u0131rmay\u0131 \u00f6zendiriyorsunuz. TRT\u2019ye gidenler vard\u0131 15 Temmuz ak\u015fam\u0131. Ellerinde uzun namlulu silahlar vard\u0131, vatanda\u015ft\u0131 bunlar ve t\u00fcfekler vard\u0131. Kim bu insanlar? Siz devletin g\u00fcvenlik g\u00fc\u00e7lerine g\u00fcvenmiyor musunuz? Devletin g\u00fcvenlik g\u00fc\u00e7leri g\u00f6revlerini yapam\u0131yorlar m\u0131? Vatanda\u015fa silahlan\u0131n dedi\u011finiz andan itibaren biz polisi takm\u0131yoruz demektir, polise g\u00fcvenmiyoruz demektir. Polis g\u00fcvenli\u011fi sa\u011flayam\u0131yor demektir. Her vatanda\u015f kendi g\u00fcvenli\u011fini sa\u011flas\u0131n demektir. Bunlar do\u011fru de\u011fil.<\/p>\n<p><strong>Ali Can T\u00dcRKO\u011eLU- <\/strong>Say\u0131n Genel Ba\u015fkan, bu FET\u00d6\u2019yle ilgili olarak bir soru daha soray\u0131m sonra d\u0131\u015f politikaya da gireyim orada da \u00e7ok \u00f6nemli geli\u015fmeler var. Yurtd\u0131\u015f\u0131nda oldu\u011fu kesin olarak bilinen bir isim Fethullah\u00e7\u0131 Ter\u00f6r \u00d6rg\u00fct\u00fcn\u00fcn ba\u015f\u0131ndaki isim Fethullah G\u00fclen. \u0130adesi i\u00e7in temaslar devam ediyor, Adalet Bakan\u0131 Amerika\u2019dayd\u0131. Hatta partinizden milletvekili de o heyette bulunuyordu. Siz G\u00fclen\u2019in iadesi s\u00fcrecine nas\u0131l bak\u0131yorsunuz? Edilecek mi sizin \u015fahsi g\u00f6r\u00fc\u015f\u00fcn\u00fcze g\u00f6re ve farkl\u0131 \u00fclkelere de ka\u00e7abilece\u011fi y\u00f6n\u00fcnde Say\u0131n Bozda\u011f\u2019\u0131n da a\u00e7\u0131klamalar\u0131 var. Bunlar\u0131 nas\u0131l de\u011ferlendireceksiniz?<br \/>\n<strong>Kemal KILI\u00c7DARO\u011eLU- <\/strong>\u0130ade edilmesi laz\u0131m, dosyalar g\u00f6nderilmi\u015f. Bir sefer dosya say\u0131s\u0131 \u00e7ok fazla, 180\u2019e yak\u0131n dosya g\u00f6nderilmi\u015f. 180 dosya g\u00f6ndermek Fethullah G\u00fclen\u2019i bize iade etmeyin anlam\u0131na gelir. Karde\u015fim darbe birinci ba\u015f sorumluysa darbeyle ilgili bilgileri, d\u00f6k\u00fcmanlar\u0131 al\u0131rs\u0131n bir, bilemedin iki dosya halinde g\u00f6t\u00fcr\u00fcrs\u00fcn iadesini istersin, bu kadar basit. E\u011fer siz ona y\u00fczlerce dosya g\u00f6nderiyorsan\u0131z bu g\u00f6ndermeyin demektir. \u00c7\u00fcnk\u00fc o dosyalar\u0131n \u00f6nce oturulup \u0130ngilizceye terc\u00fcme edilmesi laz\u0131m, bak\u0131lmas\u0131 laz\u0131m vs. uzun bir s\u00fcre\u00e7tir o. Ayr\u0131ca tabi Amerika bir hukuk devleti. Bakacak ona hakim karar verecek. T\u00fcrkiye gibi de\u011fil yani. T\u00fcrkiye\u2019de a\u00e7ars\u0131n\u0131z telefonu hakim istedi\u011fi gibi karar verir. Nas\u0131l istiyorsunuz diye belki sorabilir hakim. Beyefendi nas\u0131l bir karar istiyorsan\u0131z s\u00f6yleyin ben karar\u0131 \u00f6yle vereyim diyebilir T\u00fcrkiye. T\u00fcrkiye\u2019de yarg\u0131 ba\u011f\u0131ms\u0131zl\u0131\u011f\u0131 yok ki zaten. Yarg\u0131 ba\u011f\u0131ms\u0131zl\u0131\u011f\u0131n\u0131 yok eden de yarg\u0131n\u0131n bizatihi kendisidir \u00fcz\u00fclerek ifade edeyim.<br \/>\nBak\u0131n, Yarg\u0131tay\u2019a 160 Fethullah\u00e7\u0131 atand\u0131\u011f\u0131 zaman isyan eden tek ki\u015fi benim bak\u0131n. Grup toplant\u0131s\u0131nda \u00e7\u0131kt\u0131m dedim ki, siz Yarg\u0131tay\u2019a 160 militan atad\u0131n\u0131z hakim de\u011fil. D\u00f6nemin Ba\u015fbakan\u0131, Adalet Bakan\u0131, Grup Ba\u015fkanvekili hepsi beni su\u00e7lad\u0131lar, \u015fimdi 160\u2019\u0131 da hapiste. Ben mi hakl\u0131y\u0131m onlar m\u0131 hakl\u0131? G\u00fclen kendi iradesiyle T\u00fcrkiye\u2019ye gelmeli. Ben su\u00e7suzum diyorsa, ki o zaman Amerika b\u0131rakmak zorundad\u0131r, ben T\u00fcrkiye\u2019ye d\u00f6nmek istiyorum demeli, gelmeli burada yarg\u0131lanmal\u0131.<\/p>\n<p><strong>Ali Can T\u00dcRKO\u011eLU- <\/strong>Suriye, Irak asl\u0131nda sadece T\u00fcrkiye\u2019nin de\u011fil d\u00fcnyan\u0131n da ana g\u00fcndeminde olan iki \u00fclke \u015fu anda. Tek tek devam edelim isterseniz. Suriye, F\u0131rat Kalkan\u0131 operasyonu i\u015fte 60 g\u00fcn\u00fcn \u00fczerindedir operasyonlar devam ediyor. \u00d6zg\u00fcr Suriye Ordusuna TSK\u2019n\u0131n deste\u011fiyle bir ilerleme var.<br \/>\n<strong>Kemal KILI\u00c7DARO\u011eLU- <\/strong>\u00c7ok say\u0131da da \u015fehidimiz var.<\/p>\n<p><strong>Ali Can T\u00dcRKO\u011eLU-<\/strong> \u00c7ok say\u0131da da \u015fehidimiz var Allah rahmet eylesin tekrar. Ancak orada g\u00f6z\u00fcken o ki bir tak\u0131m da anla\u015fmazl\u0131klar var. Mesela \u00f6nce \u015funu soral\u0131m. \u00d6zg\u00fcr Suriye ordusu evet ilerliyor, bir El-Bab operasyonu bekleniyor yak\u0131n zaman i\u00e7erisinde. Ancak bu arada da PYD, YPG\u2019nin de topraklar\u0131n\u0131 geni\u015fletmeye \u00e7al\u0131\u015ft\u0131\u011f\u0131, dolay\u0131s\u0131yla da TSK\u2019nin PYD\u2019yi de vurdu\u011funu g\u00f6r\u00fcyoruz. ABD ile T\u00fcrkiye aras\u0131ndaki s\u0131k\u0131nt\u0131lar\u0131n ba\u015f\u0131nda geliyor anla\u015f\u0131lan o ki PYD konusu. Siz nas\u0131l de\u011ferlendireceksiniz T\u00fcrkiye\u2019nin PYD\u2019ye bak\u0131\u015f\u0131n\u0131? Ter\u00f6r \u00f6rg\u00fct\u00fc olarak nitelendiriyoruz ve ABD \u2013 T\u00fcrkiye ili\u015fkilerinin PYD konusunda bu kadar s\u0131k\u0131\u015fmas\u0131n\u0131?<br \/>\n<strong>Kemal KILI\u00c7DARO\u011eLU- <\/strong>\u015eimdi birinci nokta \u015fu; T\u00fcrkiye\u2019nin kendi g\u00fcvenli\u011fini sa\u011flamak a\u00e7\u0131s\u0131ndan Cerablus operasyonu I\u015e\u0130D\u2019e kar\u015f\u0131 m\u00fccadelede normaldir, olmas\u0131 gerekir. Biz de buna destek verdik.<br \/>\n\u0130ki; Amerikal\u0131lar\u0131n anlamad\u0131\u011f\u0131 ya da bizim anlatmakta zorluk \u00e7ekti\u011fimiz nokta \u015fu; siz PYD\u2019ye ter\u00f6r \u00f6rg\u00fct\u00fc diyorsunuz. G\u00fczel de karde\u015fim o zaman Salih M\u00fcslim\u2019i niye Ankara\u2019ya davet ettiniz? Buraya geldiyse niye tutuklamad\u0131n\u0131z ter\u00f6r \u00f6rg\u00fct\u00fcn\u00fcn ba\u015f\u0131ndaki bir ki\u015fiyse?<br \/>\n\u0130ki; karde\u015fim siz kalkt\u0131n\u0131z PYD ter\u00f6r \u00f6rg\u00fct\u00fcne kendi kap\u0131lar\u0131n\u0131z\u0131, s\u0131n\u0131rlar\u0131n\u0131z\u0131 a\u00e7t\u0131n\u0131z, adamlar silahlar\u0131yla, cipleriyle, askeri g\u00fc\u00e7leriyle geldiler, Suriye topraklar\u0131na girdiler. Niye buna izin verdiniz? Ve \u015fimdi niye ter\u00f6r \u00f6rg\u00fct\u00fc diyorsunuz? Bunlar\u0131 da anlatam\u0131yorlar tabi. Anlatmakta zorluk \u00e7ekiyorlar. T\u00fcrkiye kendi g\u00fcvenli\u011fini sa\u011flamak zorundad\u0131r. I\u015e\u0130D\u2019e kar\u015f\u0131 m\u00fccadele edilmesi laz\u0131m. Yap\u0131lmad\u0131. 70 ilden militan dev\u015firildi ve oraya g\u00f6nderildi T\u00fcrkiye\u2019den. Ayr\u0131ca d\u0131\u015far\u0131dan gelen \u00e7ok say\u0131da I\u015e\u0130D militan\u0131 T\u00fcrkiye\u2019den s\u0131n\u0131rlardan ge\u00e7ti. Adamlar hastane a\u00e7t\u0131lar Gaziantep\u2019te. Adamlar Suriye\u2019de yaralan\u0131yordu T\u00fcrkiye\u2019de tedavi ediliyorlard\u0131, tekrar tedavi edildikten sonra bunlar Suriye\u2019ye g\u00f6nderiliyordu. T\u00fcrkiye\u2019den bunlara t\u0131rlarla silah yard\u0131m\u0131 yap\u0131l\u0131yordu.<br \/>\nDaha tehlikeli olan\u0131 \u015fu; El Nusra\u2019y\u0131 b\u00fct\u00fcn d\u00fcnya ter\u00f6r \u00f6rg\u00fct\u00fc kabul ediyor, BM dahil. El Nusra\u2019y\u0131 ter\u00f6r \u00f6rg\u00fct\u00fc kabul etmeyen sadece T\u00fcrkiye. Ama T\u00fcrkiye\u2019de de \u015f\u00f6yle bir tablo var. D\u0131\u015fi\u015fleri Bakan\u0131 El Nusra\u2019y\u0131 ter\u00f6r \u00f6rg\u00fct\u00fc olarak kabul ediyor, Cenevre\u2019de diyor ki, ter\u00f6r \u00f6rg\u00fct\u00fc El Nusra \u00e7\u0131kmal\u0131 diyor Halep\u2019ten. Cumhurba\u015fkan\u0131 diyor ki, El Nusra ter\u00f6r \u00f6rg\u00fct\u00fc de\u011fildir. Kim do\u011fruyu s\u00f6yl\u00fcyor? Ve ilgin\u00e7 olan\u0131 \u015fu; Putin Erdo\u011fan\u2019\u0131 ar\u0131yor, Erdo\u011fan da bunu muhtarlar toplant\u0131s\u0131nda anlat\u0131yor. Putin beni arad\u0131, Halep\u2019ten El Nusra \u00e7\u0131ks\u0131n, ben de arkada\u015flar\u0131ma talimat verdim diyor. T\u00fcrkiye\u2019yi, bir ter\u00f6r \u00f6rg\u00fct\u00fcyle bir Cumhurba\u015fkan\u0131n\u0131 ili\u015fkilendiriyor. Ondan daha a\u011f\u0131r bir hakaret T\u00fcrkiye Cumhuriyetine olamaz. Yap\u0131yorsan bari bunu gizli kapakl\u0131 yap karde\u015fim. Bu kadar a\u00e7\u0131k, \u015fimdi b\u00fct\u00fcn d\u00fcnya T\u00fcrkiye\u2019nin art\u0131k El Nusra\u2019ya destek verdi\u011fini, silah yard\u0131m\u0131 yapt\u0131\u011f\u0131n\u0131, I\u015e\u0130D\u2019a destek verdi\u011fini art\u0131k b\u00fct\u00fcn d\u00fcnya biliyor. Zaten ba\u015flang\u0131\u00e7ta I\u015e\u0130D\u2019a ter\u00f6r \u00f6rg\u00fct\u00fc demiyorlard\u0131. \u00c7ok gecikerek yapt\u0131lar bunu. Art\u0131k b\u00fct\u00fcn d\u00fcnya bakt\u0131 ki olmuyor I\u015e\u0130D T\u00fcrkiye\u2019de eylemler yapt\u0131, onu da gizlediler hat\u0131rlarsan\u0131z Ankara\u2019daki patlamay\u0131 efendim bu kolektif bir ter\u00f6r eylemi dediler, PKK var, I\u015e\u0130D var, El Nusra herkesi katt\u0131lar onu i\u00e7ine. Oysa yapanlar I\u015e\u0130D militanlar\u0131yd\u0131, herkes bunu biliyordu. D\u0131\u015f politikada T\u00fcrkiye Cumhuriyeti Suriye ve Irak de\u011fil sadece b\u00fct\u00fcn d\u0131\u015f politikada tarihinin en a\u011f\u0131r yenilgisini alm\u0131\u015f bir \u00fclkedir.<\/p>\n<p><strong>Ali Can T\u00dcRKO\u011eLU-<\/strong> \u015eu andaki s\u00fcreci nas\u0131l de\u011ferlendiriyorsunuz peki? Yani hem Suriye\u2019de \u015fu anda operasyon devam ediyor, art\u0131 Say\u0131n Cumhurba\u015fkan\u0131n\u0131n ge\u00e7ti\u011fimiz g\u00fcn yapm\u0131\u015f oldu\u011fu a\u00e7\u0131klama yani K\u0131r\u0131khan\u2019dan Kilis\u2019e kadar olan b\u00f6lge ki, Afrin\u2019i kast etti\u011fi alg\u0131s\u0131 oldu bizlerde de, dolay\u0131s\u0131yla hani PYD\u2019yle hem Menbi\u00e7\u2019te, hem Afrin\u2019de, ayn\u0131 zamanda DEA\u015e\u2019ta i\u015fte BAB ve Rakka\u2019da muhtemelen\u2026<br \/>\n<strong>Kemal KILI\u00c7DARO\u011eLU- <\/strong>S\u00f6yledim T\u00fcrkiye kendi g\u00fcvenli\u011fini sa\u011flamak zorundad\u0131r. Bu g\u00fcvenli\u011fi sa\u011flarken uluslararas\u0131 hukukun kendisine verdi\u011fi me\u015fru yetkilerin de d\u0131\u015f\u0131na \u00e7\u0131kmamas\u0131 laz\u0131m. \u00c7\u00fcnk\u00fc T\u00fcrkiye me\u015fruiyetini kaybetmemelidir. Biz oraya girerken hakl\u0131 nedenlerle giriyoruz. Efendim \u015furay\u0131 da temizleyece\u011fiz, buray\u0131 da temizleyece\u011fiz diye d\u0131\u015f politika i\u00e7 politikaya da malzeme edilmemelidir. Ben \u015fu soruyu sormak isterim. Niye Kandil\u2019i yok edemiyorsunuz? Neden? Ter\u00f6rse ter\u00f6r, T\u00fcrkiye i\u00e7in tehditse tehdit. Neden yok edemiyorsunuz?<\/p>\n<p><strong>Ali Can T\u00dcRKO\u011eLU-<\/strong> Sizin cevab\u0131n\u0131z?<br \/>\n<strong>Kemal KILI\u00c7DARO\u011eLU-<\/strong> Bir cevap versinler merak ediyorum ben de. Ben nedenini biliyorum da bir bakay\u0131m bay\u0131m neden b\u00f6yle bir tablo var ortada neden?<\/p>\n<p><strong>Ali Can T\u00dcRKO\u011eLU-<\/strong> Sincar\u2019\u0131n ikinci Kandil olmamas\u0131 i\u00e7in m\u00fccadele edilecek a\u00e7\u0131klamas\u0131 geldi.<br \/>\n<strong>Kemal KILI\u00c7DARO\u011eLU-<\/strong> G\u00fczel, birinci Kandil\u2019i de hallet o zaman. \u00dcstelik birinci Kandil yani 35 y\u0131ld\u0131r bir \u00f6nlem ald\u0131lar da biz engel mi olduk? Parlamenter sistem mi buna engeldi? Hangi sistem buna engeldi? Kim engeldi buna? \u0130\u00e7erde esebilirsiniz, g\u00fcrleyebilirsiniz i\u00e7erde. Ama T\u00fcrkiye\u2019nin sayg\u0131nl\u0131\u011f\u0131n\u0131 Ortado\u011fu\u2019da s\u0131f\u0131rlad\u0131lar. \u015eu hale bak\u0131n Allah a\u015fk\u0131na Musul\u2019la ilgili. Musul\u2019a efendim biz Musul Ba\u015fika dolay\u0131s\u0131yla Ba\u015fika\u2019da askerimiz olmal\u0131 m\u0131? Olmal\u0131. Kalkt\u0131n\u0131z mezhep endeksli bir politika g\u00fctt\u00fcn\u00fcz ve Irak merkezi y\u00f6netiminin ihtarlar\u0131na, a\u011f\u0131r a\u00e7\u0131klamalar\u0131na maruz kald\u0131n\u0131z. Oysa \u015fu a\u00e7\u0131klama yap\u0131labilirdi. Ba\u015fika\u2019da bizim askerimiz I\u015e\u0130D\u2019a kar\u015f\u0131 m\u00fccadele ediyor. Irak\u2019\u0131n toprak b\u00fct\u00fcnl\u00fc\u011f\u00fcn\u00fc sa\u011flamak, Musul\u2019dan I\u015e\u0130D unsurlar\u0131n\u0131 temizlemek ve Irak merkezi y\u00f6netimini rahatlatmak i\u00e7in var\u0131z. Bitti nokta bu. Siz bu a\u00e7\u0131klamay\u0131 yapmay\u0131p da mezhep endeksli bir a\u00e7\u0131klama yap\u0131nca Irak\u2019\u0131n Ba\u015fbakan\u0131 dedi ki, bizim topraklar\u0131m\u0131zdan \u00e7\u0131k\u0131n. \u0130zin verdiniz diyorlar. Merkezi h\u00fck\u00fcmet vermedi ki oradaki vali verdi Nuceyfi. \u015eimdi valiyi ar\u0131yor merkezi h\u00fck\u00fcmet. Sen merkezi h\u00fck\u00fcmetten ba\u011f\u0131ms\u0131z nas\u0131l Irak topraklar\u0131nda bir ba\u015fka \u00fclkeye gel buraya yerle\u015f diye izin verirsin. Geldi\u011fimiz hale bak\u0131n.<\/p>\n<p><strong>Ali Can T\u00dcRKO\u011eLU-<\/strong> 1 Mart tezkeresi ge\u00e7seydi b\u00f6lge bu durumda olmazd\u0131. Say\u0131n Cumhurba\u015fkan\u0131n\u0131n bir a\u00e7\u0131klamas\u0131 ge\u00e7ti\u011fimiz g\u00fcnlerde. 1 Mart tezkeresi ge\u00e7seydi ne olurdu b\u00f6lgede sizin g\u00f6r\u00fc\u015f\u00fcn\u00fcze g\u00f6re?<br \/>\n<strong>Kemal KILI\u00c7DARO\u011eLU- <\/strong>E\u011fer biz 1 Mart tezkeresine d\u00f6neceksek tart\u0131\u015f\u0131lacak \u00e7ok \u015fey var. Ben \u015funu sormak isterim. Mardin\u2019e kadar giden askerler, yabanc\u0131 unsurlar TBMM\u2019den karar \u00e7\u0131kmadan \u00f6nce gittiler. Buna kim izin verdi? 1 Mart tezkeresi T\u00fcrkiye Cumhuriyeti tarihinde parlamentonun kendi \u00f6zg\u00fcr iradesiyle ald\u0131\u011f\u0131 bir karard\u0131r. Siz bu karara sayg\u0131 duymak zorundas\u0131n\u0131z.<\/p>\n<p><strong>Ali Can T\u00dcRKO\u011eLU- <\/strong>Cumhuriyet Halk Partisi olarak b\u00f6lgeyle, Irak\u2019la, Suriye\u2019yle, Rusya\u2019yla, ABD\u2019yle yani \u015fu anda bu Ortado\u011fu\u2019daki krizin i\u00e7erisindeki \u00fclkelerin herhangi birisiyle bir temas\u0131n\u0131z oldu mu, olacak m\u0131?<br \/>\n<strong>Kemal KILI\u00c7DARO\u011eLU- <\/strong>B\u00fct\u00fcn \u00fclkelerle \u00fc\u00e7 a\u015fa\u011f\u0131 be\u015f yukar\u0131 temas\u0131m\u0131z var. Yani bazen Genel Ba\u015fkan Yard\u0131mc\u0131s\u0131 d\u00fczeyinde, bazen eski milletvekillerimiz, b\u00fcy\u00fckel\u00e7ilik yapan milletvekillerimiz b\u00f6lgeye gidiyorlar, g\u00f6r\u00fc\u015fmeler yap\u0131l\u0131yor, bize bilgiler geliyor. Biz Irak\u2019\u0131n da, Suriye\u2019nin de\u2026 Bak\u0131n, \u015fu soruyu her vatanda\u015f\u0131m\u0131n kendisine sormas\u0131n\u0131 isterim. T\u00fcrkiye\u2019nin d\u0131\u015f politikas\u0131n\u0131n Suriye\u2019yle, Irak\u2019la, M\u0131s\u0131r\u2019la, Rusya\u2019yla, Libya\u2019yla, AB\u2019yle ili\u015fkilerini kim d\u00fczeltir? Herkes kendisine sorsun. Akla tek cevap gelir Cumhuriyet Halk Partisi d\u00fczeltir. \u00c7\u00fcnk\u00fc biz kendi b\u00f6lgemizde de bar\u0131\u015f\u0131 savunuyoruz. D\u00fcnyada da bar\u0131\u015f\u0131 savunuyoruz. Biz hi\u00e7bir kom\u015fumuzun i\u00e7 i\u015fine asla kar\u0131\u015fmay\u0131z. Kendi tarihinden yoksun insanlar\u0131n topluma tarih dersi vermeleri kadar yanl\u0131\u015f bir \u015fey yoktur.<br \/>\nDolay\u0131s\u0131yla biz kendi tarihimizi bilmeyen insanlar taraf\u0131ndan y\u00f6netiliyoruz. \u0130\u015fin garip taraf\u0131 budur. Ortado\u011fu co\u011frafyas\u0131n\u0131, Ortado\u011fu denklemini bilmeyen, \u00e7\u00fcnk\u00fc Ortado\u011fu tarihini bilmeyen insanlar taraf\u0131ndan y\u00f6netiliyoruz. Araplar\u0131n bir \u00f6zelli\u011fi vard\u0131r. Araplar kendi i\u00e7inde kavga ederler ama d\u0131\u015far\u0131dan bir unsur m\u00fcdahale etti\u011fi takdirde b\u00fct\u00fcn Arap d\u00fcnyas\u0131 size kar\u015f\u0131 \u00e7\u0131kar. Arap Birli\u011fine bak\u0131n. T\u00fcrkiye aleyhinde defalarca yay\u0131n yapt\u0131lar.<br \/>\nD\u0131\u015f politikada hamasete yer yoktur. D\u0131\u015f politikada az konu\u015fursunuz, d\u0131\u015f politikada arka kap\u0131 diplomasisi \u00e7ok \u00f6nemlidir. Ben asar\u0131m, ben keserim. Buyur as, kes bakal\u0131m. Buyur git bakal\u0131m as kes. Elinden tutan m\u0131 var buyur git bakal\u0131m.<\/p>\n<p><strong>Ali Can T\u00dcRKO\u011eLU-<\/strong> Diyarbak\u0131r B\u00fcy\u00fck\u015fehir Belediye Ba\u015fkan\u0131 G\u00fclten K\u0131\u015fanak\u2019la ilgili g\u00f6zalt\u0131 karar\u0131 Mecliste de tart\u0131\u015f\u0131ld\u0131. Darbe Komisyonunu terk etti HDP\u2019li vekiller. Sizin g\u00f6r\u00fc\u015f\u00fcn\u00fcz nedir? Hem G\u00fclten K\u0131\u015fanak, hem F\u0131rat Anl\u0131 g\u00f6zalt\u0131na al\u0131nd\u0131.<br \/>\n<strong>Kemal KILI\u00c7DARO\u011eLU-<\/strong> Bizim g\u00f6r\u00fc\u015f\u00fcm\u00fcz \u015fu; iki c\u00fcmle. Bir; se\u00e7imle gelenin se\u00e7imle gitmesi demokrasilerin temel kural\u0131d\u0131r. \u0130kinci c\u00fcmle; se\u00e7imle gelenler hukukun \u00f6ng\u00f6rd\u00fc\u011f\u00fc kurallar i\u00e7inde kendilerine verilen g\u00f6revi yapmalar\u0131 gerekir. Hi\u00e7 kimsenin hukuk d\u0131\u015f\u0131na \u00e7\u0131kmaya hakk\u0131 da yoktur, yetkisi de yoktur. Ben hukuk d\u0131\u015f\u0131na \u00e7\u0131kt\u0131\u011f\u0131 i\u00e7in yasalar\u0131 ihlal etti\u011fim i\u00e7in nas\u0131l Cumhurba\u015fkan\u0131n\u0131 ele\u015ftiriyorsam birisi kalk\u0131p da se\u00e7imle geldi\u011fi halde e\u011fer hukuku \u00e7i\u011fniyorsa, yasalar\u0131n d\u0131\u015f\u0131na \u00e7\u0131k\u0131yorsa, yasalara ayk\u0131r\u0131 i\u015flem yap\u0131yorsa onunda yarg\u0131lanmas\u0131 gayet do\u011fald\u0131r.<\/p>\n<p><strong>Ali Can T\u00dcRKO\u011eLU- <\/strong>Yar\u0131n 29 Ekim. Cumhuriyet Halk Partisi olarak bir y\u00fcr\u00fcy\u00fc\u015f yapaca\u011f\u0131n\u0131z\u0131 a\u00e7\u0131klad\u0131n\u0131z. Siz bu y\u00fcr\u00fcy\u00fc\u015fte olacak m\u0131s\u0131n\u0131z, bir konu\u015fman\u0131z olacak m\u0131? Ve \u015f\u00f6yle bir \u00e7ekince vard\u0131 i\u015fte 30 Kas\u0131m\u2019a kadar y\u00fcr\u00fcy\u00fc\u015flerin yasaklanmas\u0131yla ilgili her ne kadar 29 Ekim ve 10 Kas\u0131m bunun i\u00e7inde de\u011fil dense bile bir \u00e7ekinceniz var m\u0131? Bir ter\u00f6r eylemi olaca\u011f\u0131 d\u00fc\u015f\u00fcncesi veya \u00f6yle bir istihbarat var m\u0131 size ula\u015fan?<br \/>\n<strong>Kemal KILI\u00c7DARO\u011eLU- <\/strong>Bize ula\u015fan bir \u015fey yok tabi. Ama mutlaka g\u00fcvenlik g\u00fc\u00e7lerinin elinde buna benzer uygulamalar olmu\u015f olabilir. Yani bilgi ak\u0131\u015f\u0131 a\u00e7\u0131s\u0131ndan ifade ediyorum. Olabilir. Biz kendi g\u00fcvenli\u011fimizi olabildi\u011fince kendimiz sa\u011flamaya \u00e7al\u0131\u015f\u0131yoruz. Ulus\u2019ta toplanaca\u011f\u0131z 29 Ekim\u2019de. B\u00fct\u00fcn vatanda\u015flar\u0131m\u0131z\u0131 da davet ediyoruz oraya. Oradan An\u0131tkabir\u2019e kadar y\u00fcr\u00fcyece\u011fiz. Cumhuriyetimizi seviyoruz. Cumhuriyet bilhassa kimsesizlerin kimsesidir diyoruz. Cumhuriyetin \u00f6zelli\u011fi \u00e7ok \u00f6nemli ve temel bir \u00f6zelli\u011fi vard\u0131r. Cumhuriyette birey birisinin kulu, k\u00f6lesi falan de\u011fildir art\u0131k. T\u00fcrkiye Cumhuriyetinin \u00f6zg\u00fcr, ba\u011f\u0131ms\u0131z vatanda\u015f\u0131d\u0131r. Vatanda\u015fl\u0131k haklar\u0131na kavu\u015fmu\u015ftur. Padi\u015fah\u0131n emrini, padi\u015fah\u0131n kulu olmaktan \u00e7\u0131km\u0131\u015ft\u0131r. Kendi y\u00f6neticilerini se\u00e7me, kendi demokrasisini geli\u015ftirme, \u00f6zg\u00fcrce d\u00fc\u015f\u00fcncelerini ifade etme, fikri h\u00fcr, irfan\u0131 h\u00fcr insanlar, ku\u015faklar yeti\u015ftirme gibi idealleri vard\u0131r.<br \/>\nDolay\u0131s\u0131yla bu \u00fclk\u00fc \u00e7er\u00e7evesinde biz bir y\u00fcr\u00fcy\u00fc\u015f yapaca\u011f\u0131z An\u0131tkabir\u2019e kadar. Bizim belediyelerimizin oldu\u011fu b\u00fct\u00fcn b\u00f6lgelerde gene co\u015fkulu bayram kutlamalar\u0131 olacak. B\u00fct\u00fcn vatanda\u015flar\u0131m\u0131n cumhuriyete inanmalar\u0131n\u0131, cumhuriyeti g\u00fc\u00e7lendirmelerini, cumhuriyetten yana tav\u0131r koymalar\u0131n\u0131. Siyasi g\u00f6r\u00fc\u015flerimiz farkl\u0131 olabilir ama cumhuriyet bizim bir ortak paydam\u0131zd\u0131r ve g\u00fc\u00e7l\u00fc bir ortak paydam\u0131zd\u0131r. Cumhuriyeti demokrasiyle ta\u00e7land\u0131rd\u0131\u011f\u0131m\u0131z zaman daha b\u00fcy\u00fck bir anlam kazanm\u0131\u015f oluyor.<\/p>\n<p><strong>Ali Can T\u00dcRKO\u011eLU-<\/strong> Resepsiyona kat\u0131lacak m\u0131s\u0131n\u0131z bu arada ak\u015fam k\u00fclliyede?<br \/>\n<strong>Kemal KILI\u00c7DARO\u011eLU-<\/strong> Hay\u0131r, ba\u015fka bir resepsiyon var Atat\u00fcrk\u00e7\u00fc D\u00fc\u015f\u00fcnce Derne\u011fi\u2019nin d\u00fczenledi\u011fi bir resepsiyon var. B\u00fcy\u00fck bir olas\u0131l\u0131kla oraya kat\u0131laca\u011f\u0131m.<\/p>\n<p><strong>Ali Can T\u00dcRKO\u011eLU-<\/strong> Say\u0131n K\u0131l\u0131\u00e7daro\u011flu, 15 Temmuz \u00f6ncesi Cumhuriyet Halk Partisinde bir t\u00fcz\u00fck kurultay\u0131 bekleniyordu. Bu t\u00fcz\u00fck kurultay\u0131 olacak m\u0131 \u00f6nce onu soray\u0131m.<br \/>\n<strong>Kemal KILI\u00c7DARO\u011eLU-<\/strong> Yapaca\u011f\u0131z.<\/p>\n<p><strong>Ali Can T\u00dcRKO\u011eLU-<\/strong> Erteleme var m\u0131 yoksa yak\u0131n zamanda bekliyor muyuz?<br \/>\n<strong>Kemal KILI\u00c7DARO\u011eLU-<\/strong> Tarih olarak \u015fu anda bilemiyorum. Ge\u00e7en arkada\u015flarla tekrar oturduk konu\u015ftuk t\u00fcz\u00fck kurultay\u0131n\u0131 bir an \u00f6nce yapal\u0131m ve bitirelim. Seyircisiz yapaca\u011f\u0131z. \u00c7\u00fcnk\u00fc bizim i\u00e7 i\u015fimiz bu.<\/p>\n<p><strong>Ali Can T\u00dcRKO\u011eLU-<\/strong> Yani bir se\u00e7imli kurultaya d\u00f6nme gibi bir ihtimal olabilir mi? \u015eundan s\u00f6yl\u00fcyorum bunu, 15 Temmuz \u00f6ncesinde bir tak\u0131m muhalif isimlerin hani bir se\u00e7imli kurultay olabilir mi y\u00f6n\u00fcnde, hatta mitingler ger\u00e7ekle\u015fti.<br \/>\n<strong>Kemal KILI\u00c7DARO\u011eLU-<\/strong> T\u00fcz\u00fck kurultay\u0131n\u0131 yapaca\u011f\u0131z ama delegeler isterlerse illa se\u00e7imli olsun se\u00e7imli de yapar\u0131z yani. Sonu\u00e7ta biz demokrasiye inanan bir partiyiz. Demokrasiyi kendi i\u00e7inde g\u00fc\u00e7lendiren bir partiyiz. Bizim d\u0131\u015f\u0131m\u0131zda \u00f6nse\u00e7im yapan yok. Biz \u00f6nse\u00e7im yap\u0131yoruz b\u00fcy\u00fck \u00f6l\u00e7\u00fcde. Milletvekillerimiz \u00f6nse\u00e7imle geliyor. Bizim kulland\u0131\u011f\u0131m\u0131z kontenjanda Siyasi Partiler Yasas\u0131n\u0131n \u00f6ng\u00f6rd\u00fc\u011f\u00fc y\u00fczde 5\u2019le kald\u0131. Hatta y\u00fczde 5\u2019in bile alt\u0131nda kald\u0131\u011f\u0131 yerler oldu. Dolay\u0131s\u0131yla bak\u0131ld\u0131\u011f\u0131 zaman demokrasi kurallar\u0131 bizde i\u015fler, ne gerekiyorsa o yap\u0131l\u0131r.<br \/>\n<strong><br \/>\nAli Can T\u00dcRKO\u011eLU-<\/strong> MYK\u2019da bir de\u011fi\u015fiklik var m\u0131 yak\u0131n zamanda?<br \/>\n<strong>Kemal KILI\u00c7DARO\u011eLU-<\/strong> Yo hay\u0131r.<\/p>\n<p><strong>Ali Can T\u00dcRKO\u011eLU-<\/strong> \u00d6yle de iddialar ortaya at\u0131lm\u0131\u015ft\u0131 daha do\u011frusu.<br \/>\n<strong>Kemal KILI\u00c7DARO\u011eLU-<\/strong> Zaman zaman oluyor bunlar. Bu t\u00fcr talepte bulunanlar da olabilir, dilekte bulunanlar da olabilir, dilekte bulunanlar da olabilir. Ama yo, Merkez Y\u00f6netim Kurulumuz son derece iyi, \u00e7al\u0131\u015f\u0131yor. Her arkada\u015f\u0131m\u0131z kendi g\u00f6revinde, kendi alan\u0131nda \u00e7al\u0131\u015f\u0131yor. Belki \u00e7ok medyatik de\u011filiz bu konuda. Medya malum biraz CHP\u2019ye k\u0131s\u0131t uyguluyor. Ama sonu\u00e7ta biz T\u00fcrkiye\u2019nin b\u00fct\u00fcn illerinde, b\u00fct\u00fcn il\u00e7elerinde \u00e7al\u0131\u015fmalar\u0131m\u0131z\u0131 y\u00fcr\u00fct\u00fcyoruz. Ayn\u0131 zamanda Anadolu\u2019ya da a\u00e7\u0131l\u0131yoruz, Anadolu\u2019da da toplant\u0131lar yap\u0131yoruz. \u00d6rg\u00fct toplant\u0131lar\u0131n\u0131 yap\u0131lma ba\u011flam\u0131nda ifade ediyorum. \u0130\u015fte Kahramanmara\u015f\u2019ta il ba\u015fkanlar\u0131 toplant\u0131m\u0131z\u0131 yapt\u0131k, ba\u015fka bir ilde yapt\u0131k. \u00d6n\u00fcm\u00fczdeki g\u00fcnlerde Trabzon\u2019da il ba\u015fkanlar\u0131 toplant\u0131m\u0131z\u0131 yapaca\u011f\u0131z. Yine \u00f6n\u00fcm\u00fczdeki g\u00fcnlerde g\u00fc\u00e7l\u00fc bir parlamenter sistem i\u00e7in neler gerekiyor diye bir \u00e7al\u0131\u015ftay yapaca\u011f\u0131z.<\/p>\n<p><strong>Ali Can T\u00dcRKO\u011eLU-<\/strong> 13 \u2013 14 Kas\u0131m\u2019daki \u00e7al\u0131\u015ftay?<br \/>\n<strong>Kemal KILI\u00c7DARO\u011eLU-<\/strong> Evet bir \u00e7al\u0131\u015ftay yapaca\u011f\u0131z. Oraya anayasa hukuk\u00e7ular\u0131n\u0131 davet edece\u011fiz. Biz sadece dinleyici olaca\u011f\u0131z.<\/p>\n<p><strong>Ali Can T\u00dcRKO\u011eLU- <\/strong>Parlamenter sistem \u00fczerine?<br \/>\n<strong>Kemal KILI\u00c7DARO\u011eLU-<\/strong> Parlamenter sistem \u00fczerine. Nas\u0131l daha g\u00fc\u00e7l\u00fc, daha tutarl\u0131, sa\u011fl\u0131kl\u0131 i\u015fleyen bir parlamenter sistem ve parlamenter sistemin gereklili\u011fi, patronlu ba\u015fkanl\u0131k sisteminin T\u00fcrkiye\u2019yi felakete s\u00fcr\u00fckleyece\u011fini. \u00c7\u00fcnk\u00fc Latin Amerika \u00fclkelerinde uygulanan ba\u015fkanl\u0131k sistemi patronlu ba\u015fkanl\u0131k sistemidir. Patron ne derse o olur. Bu yap\u0131 bizim demokrasimiz i\u00e7in en tehlikeli yap\u0131d\u0131r. Dolay\u0131s\u0131yla halk ne derse o olur. Bir ki\u015fi ne derse o olmaz, olmamal\u0131.<\/p>\n<p><strong>Ali Can T\u00dcRKO\u011eLU-<\/strong> Artvin\u2019deki sald\u0131r\u0131. Ki\u015fisel olarak \u015funu merak ediyorum. O an Kemal K\u0131l\u0131\u00e7daro\u011flu olarak, Cumhuriyet Halk Partisi Genel Ba\u015fkan\u0131 Kemal K\u0131l\u0131\u00e7daro\u011flu\u2019nu bir tarafa b\u0131rakal\u0131m, Kemal K\u0131l\u0131\u00e7daro\u011flu olarak ne hissettiniz? Yani akl\u0131n\u0131za ne geldi? Mesela torununuz akl\u0131n\u0131za geldi mi? Ne geldi o anda ilk akl\u0131n\u0131za?<br \/>\n<strong>Kemal KILI\u00c7DARO\u011eLU- <\/strong>\u015e\u00f6yle; \u00f6nce arabalar durdu\u011fu zaman yani niye arabalar durdu, yani bir vadinin i\u00e7indeyiz diye birbirimize sorduk arabada. Sonra yo\u011fun bir silah sesi. Benim korumalar dahil arabalardan kala\u015fnikoflar \u00e7\u0131kt\u0131 ki hi\u00e7 g\u00f6rmemi\u015ftim yani seyahat s\u0131ras\u0131nda. Genelde d\u0131\u015far\u0131da bizi izleyen g\u00fcvenlik g\u00fc\u00e7lerinin elinde olurdu. Araban\u0131n i\u00e7inde tabi, sonra araba da\u011f\u0131n kenar\u0131na \u00e7ekildi. Tabi d\u00fc\u015f\u00fcn\u00fcyorsunuz yani torununuzu da d\u00fc\u015f\u00fcn\u00fcyorsunuz, ailenizi ve \u00e7ocuklar\u0131n\u0131z\u0131 da, d\u00fc\u015f\u00fcn\u00fcyorsunuz. Yani hepimiz insan\u0131z sonu\u00e7ta. Yani hepimizin bir can\u0131 var. Ama \u015funu hissedebiliyorsunuz. Bizim \u00e7al\u0131\u015fmam\u0131z \u00fclkenin yarar\u0131 i\u00e7in, bireysel bir \u00e7al\u0131\u015fma yok, bireysel bir \u00e7\u0131kar yok, bireysel bir avantaj sa\u011flama yok. Bu \u00fclkenin i\u015fsizine i\u015f bulmak, yoksulunun karn\u0131n\u0131 doyurmak, ki\u015fi ba\u015f\u0131na geliri art\u0131rmak gibi bir g\u00f6revimiz var. Hep bu s\u00f6ylemlerle yola \u00e7\u0131km\u0131\u015f\u0131z. Demokrasimizi g\u00fc\u00e7lendirelim, kimlik, inan\u00e7 ayr\u0131m\u0131 yapmayal\u0131m, b\u00fct\u00fcn vatanda\u015flar\u0131 kucaklayal\u0131m diye. Ve diyorsunuz ki, yolun ba\u015f\u0131nday\u0131z yani daha g\u00fczel \u015feyler bu T\u00fcrkiye\u2019de ger\u00e7ekle\u015fmeli. Acaba bu ter\u00f6r ortam\u0131nda siz de hayat\u0131n\u0131z\u0131 verir ve T\u00fcrkiye daha b\u00fcy\u00fck bir felaketin i\u00e7ine s\u00fcr\u00fcklenir mi diye kayg\u0131lan\u0131yorsunuz tabi.<\/p>\n<p><strong>Ali Can T\u00dcRKO\u011eLU- <\/strong>Tekrar ge\u00e7mi\u015f olsun. \u00c7ok te\u015fekk\u00fcr ediyoruz sorular\u0131m\u0131z\u0131 cevaplad\u0131n\u0131z, vakit ay\u0131rd\u0131n\u0131z te\u015fekk\u00fcrler.<\/p>\n<\/div>\n","protected":false},"excerpt":{"rendered":"<p>CHP GENEL BA\u015eKANI KEMAL KILI\u00c7DARO\u011eLU,\u00a0HABERT\u00dcRK TV\u2019DE KATILDI\u011eI &#8220;\u00d6ZEL R\u00d6PORTAJ&#8221; PROGRAMINDA AL\u0130 CAN T\u00dcRKO\u011eLU\u2019NUN G\u00dcNDEME \u0130L\u0130\u015eK\u0130N SORULARINI YANITLADI CHP Genel Ba\u015fkan\u0131 Kemal K\u0131l\u0131\u00e7daro\u011flu, \u2019erken se\u00e7im\u2019 iddialar\u0131yla ilgili yapt\u0131\u011f\u0131 a\u00e7\u0131klamada, &#8220;Tek ba\u015f\u0131na iktidarken ni\u00e7in se\u00e7ime gidiyorsun? \u0130\u00e7lerindeki Bylock\u2019\u00e7ular\u0131 elemek i\u00e7in. Bunlar u\u00e7aklarla Pensilvanya\u2019ya hacca gider gibi gitmiyor muydu? Bylock kullananlar\u0131n \u00e7\u00f6z\u00fclen isimleri se\u00e7ilerek s\u00f6yleniyor, kontroll\u00fc. Savc\u0131l\u0131\u011fa bu [&hellip;]<\/p>\n","protected":false},"author":1,"featured_media":11992,"comment_status":"open","ping_status":"open","sticky":false,"template":"","format":"standard","meta":[],"categories":[31],"tags":[],"amp_enabled":true,"_links":{"self":[{"href":"https:\/\/chpantalya.com\/index.php?rest_route=\/wp\/v2\/posts\/11986"}],"collection":[{"href":"https:\/\/chpantalya.com\/index.php?rest_route=\/wp\/v2\/posts"}],"about":[{"href":"https:\/\/chpantalya.com\/index.php?rest_route=\/wp\/v2\/types\/post"}],"author":[{"embeddable":true,"href":"https:\/\/chpantalya.com\/index.php?rest_route=\/wp\/v2\/users\/1"}],"replies":[{"embeddable":true,"href":"https:\/\/chpantalya.com\/index.php?rest_route=%2Fwp%2Fv2%2Fcomments&post=11986"}],"version-history":[{"count":0,"href":"https:\/\/chpantalya.com\/index.php?rest_route=\/wp\/v2\/posts\/11986\/revisions"}],"wp:featuredmedia":[{"embeddable":true,"href":"https:\/\/chpantalya.com\/index.php?rest_route=\/wp\/v2\/media\/11992"}],"wp:attachment":[{"href":"https:\/\/chpantalya.com\/index.php?rest_route=%2Fwp%2Fv2%2Fmedia&parent=11986"}],"wp:term":[{"taxonomy":"category","embeddable":true,"href":"https:\/\/chpantalya.com\/index.php?rest_route=%2Fwp%2Fv2%2Fcategories&post=11986"},{"taxonomy":"post_tag","embeddable":true,"href":"https:\/\/chpantalya.com\/index.php?rest_route=%2Fwp%2Fv2%2Ftags&post=11986"}],"curies":[{"name":"wp","href":"https:\/\/api.w.org\/{rel}","templated":true}]}}