{"id":12006,"date":"2016-11-04T16:25:23","date_gmt":"2016-11-04T13:25:23","guid":{"rendered":"http:\/\/chpantalya.com\/?p=12006"},"modified":"2018-07-18T21:10:14","modified_gmt":"2018-07-18T18:10:14","slug":"12006","status":"publish","type":"post","link":"https:\/\/chpantalya.com\/?p=12006","title":{"rendered":"KEPEZ &#8220;HALK B\u00dcROSU&#8221; A\u00c7ILI\u015eI"},"content":{"rendered":"<p><em>Antalya\u2019da bir ilki ger\u00e7ekle\u015ftiriyor, ilk \u201cHalk \u0130rtibat B\u00fcromuzu \u201c Kepez\u2019de a\u00e7\u0131yoruz.CHP \u00f6rg\u00fct\u00fc ba\u015fta olmak \u00fczere\u00a0 bas\u0131n, siyaset ve sivil toplum kurulu\u015flar\u0131yla birlikte ger\u00e7ekle\u015ftirece\u011fimiz yemekli a\u00e7\u0131l\u0131\u015f t\u00f6renini onurland\u0131rman\u0131z\u00a0 bizlere g\u00fc\u00e7 katacakt\u0131r.<\/em><\/p>\n<p><em>\u00a0<\/em><\/p>\n<p><em>\u00a0Devrim K\u00d6K<\/em><\/p>\n<p><em>CHP Antalya Milletvekili<\/em><\/p>\n<p><em>PM \u00dcyesi<\/em><\/p>\n<p><a href=\"https:\/\/chpantalya.com\/wp-content\/uploads\/2016\/11\/unnamed.jpg\" rel=\"attachment wp-att-12007\"><img loading=\"lazy\" class=\"alignnone size-full wp-image-12007\" src=\"https:\/\/chpantalya.com\/wp-content\/uploads\/2016\/11\/unnamed.jpg\" alt=\"unnamed\" width=\"1471\" height=\"651\" srcset=\"https:\/\/chpantalya.com\/wp-content\/uploads\/2016\/11\/unnamed.jpg 1471w, https:\/\/chpantalya.com\/wp-content\/uploads\/2016\/11\/unnamed-768x340.jpg 768w, https:\/\/chpantalya.com\/wp-content\/uploads\/2016\/11\/unnamed-696x308.jpg 696w, https:\/\/chpantalya.com\/wp-content\/uploads\/2016\/11\/unnamed-1068x473.jpg 1068w, https:\/\/chpantalya.com\/wp-content\/uploads\/2016\/11\/unnamed-949x420.jpg 949w\" sizes=\"(max-width: 1471px) 100vw, 1471px\" \/><\/a><\/p>\n","protected":false},"excerpt":{"rendered":"<p>Antalya\u2019da bir ilki ger\u00e7ekle\u015ftiriyor, ilk \u201cHalk \u0130rtibat B\u00fcromuzu \u201c Kepez\u2019de a\u00e7\u0131yoruz.CHP \u00f6rg\u00fct\u00fc ba\u015fta olmak \u00fczere\u00a0 bas\u0131n, siyaset ve sivil toplum kurulu\u015flar\u0131yla birlikte ger\u00e7ekle\u015ftirece\u011fimiz yemekli a\u00e7\u0131l\u0131\u015f t\u00f6renini onurland\u0131rman\u0131z\u00a0 bizlere g\u00fc\u00e7 katacakt\u0131r. \u00a0 \u00a0Devrim K\u00d6K CHP Antalya Milletvekili PM \u00dcyesi<\/p>\n","protected":false},"author":1,"featured_media":12012,"comment_status":"open","ping_status":"open","sticky":false,"template":"","format":"standard","meta":[],"categories":[61,51],"tags":[],"amp_enabled":true,"_links":{"self":[{"href":"https:\/\/chpantalya.com\/index.php?rest_route=\/wp\/v2\/posts\/12006"}],"collection":[{"href":"https:\/\/chpantalya.com\/index.php?rest_route=\/wp\/v2\/posts"}],"about":[{"href":"https:\/\/chpantalya.com\/index.php?rest_route=\/wp\/v2\/types\/post"}],"author":[{"embeddable":true,"href":"https:\/\/chpantalya.com\/index.php?rest_route=\/wp\/v2\/users\/1"}],"replies":[{"embeddable":true,"href":"https:\/\/chpantalya.com\/index.php?rest_route=%2Fwp%2Fv2%2Fcomments&post=12006"}],"version-history":[{"count":0,"href":"https:\/\/chpantalya.com\/index.php?rest_route=\/wp\/v2\/posts\/12006\/revisions"}],"wp:featuredmedia":[{"embeddable":true,"href":"https:\/\/chpantalya.com\/index.php?rest_route=\/wp\/v2\/media\/12012"}],"wp:attachment":[{"href":"https:\/\/chpantalya.com\/index.php?rest_route=%2Fwp%2Fv2%2Fmedia&parent=12006"}],"wp:term":[{"taxonomy":"category","embeddable":true,"href":"https:\/\/chpantalya.com\/index.php?rest_route=%2Fwp%2Fv2%2Fcategories&post=12006"},{"taxonomy":"post_tag","embeddable":true,"href":"https:\/\/chpantalya.com\/index.php?rest_route=%2Fwp%2Fv2%2Ftags&post=12006"}],"curies":[{"name":"wp","href":"https:\/\/api.w.org\/{rel}","templated":true}]}}