{"id":12028,"date":"2016-11-05T14:58:18","date_gmt":"2016-11-05T11:58:18","guid":{"rendered":"http:\/\/chpantalya.com\/?p=12028"},"modified":"2016-11-06T00:12:40","modified_gmt":"2016-11-05T21:12:40","slug":"ulke-karanliga-surukleniyor","status":"publish","type":"post","link":"https:\/\/chpantalya.com\/?p=12028","title":{"rendered":"\u00dcLKE KARANLI\u011eA S\u00dcR\u00dcKLEN\u0130YOR"},"content":{"rendered":"<p>ANTALYA\u00a0il\u00e7elerine ziyaretler ger\u00e7ekle\u015ftiren\u00a0Cumhuriyet Halk Partisi\u00a0(CHP) \u0130l Ba\u015fkan\u0131 Mustafa Erdem, Gazipa\u015fa \u0130l\u00e7e \u00f6rg\u00fct\u00fcnde partililerle bulu\u015ftu.<\/p>\n<p>CHP\u00a0Gazipa\u015fa \u0130l\u00e7e Ba\u015fkan\u0131 \u00d6mer G\u00fcven ve \u0130l\u00e7e y\u00f6neticileri taraf\u0131ndan kar\u015f\u0131lanan Ba\u015fkan Erdem&#8217;e \u0130l y\u00f6netim kurulu \u00fcyeleri ve \u0130l Kad\u0131n Kollar\u0131 Ba\u015fkan\u0131 Nil\u00fcfer Deveci e\u015flik etti.<\/p>\n<p>CHP\u00a0\u0130I Ba\u015fkan\u0131 Mustafa Erdem, &#8220;\u00dclke karanl\u0131\u011fa s\u00fcr\u00fckleniyor. Bize d\u00fc\u015fen g\u00f6rev, tehlikeyi vatanda\u015fa anlatmak olmal\u0131&#8221; dedi<\/p>\n<p><a href=\"https:\/\/chpantalya.com\/wp-content\/uploads\/2016\/11\/YV6GDR9VW_resim_5_11_2016_7_b.jpg\" rel=\"attachment wp-att-12030\"><img loading=\"lazy\" class=\" wp-image-12030 alignleft\" src=\"https:\/\/chpantalya.com\/wp-content\/uploads\/2016\/11\/YV6GDR9VW_resim_5_11_2016_7_b.jpg\" alt=\"yv6gdr9vw_resim_5_11_2016_7_b\" width=\"307\" height=\"206\" \/><\/a>G\u00dcVEN PART\u0130L\u0130LER\u0130 UYARDI<\/p>\n<p>A\u00e7\u0131l\u0131\u015f konu\u015fmas\u0131n\u0131 yapan\u00a0CHP\u00a0Gazipa\u015fa \u0130l\u00e7e Ba\u015fkan\u0131 \u00d6mer G\u00fcven, konu\u015fmas\u0131na Cumhuriyet Gazetesi&#8217;ne yap\u0131lan sald\u0131r\u0131y\u0131 k\u0131nayarak ba\u015flad\u0131.\u00a0CHP Gazipa\u015fa \u0130l\u00e7e Ba\u015fkan\u0131 \u00d6mer G\u00fcven, &#8220;G\u00fcndem malum Cumhuriyet Gazetesi ve 15 Temmuz olaylar\u0131. Her ge\u00e7en g\u00fcn 15 Temmuz&#8217;un sis perdesi biraz daha aralan\u0131yor.<br \/>\nBu s\u00fcre\u00e7te bir proje uygulanmaya \u00e7al\u0131\u015f\u0131yor. Bu proje de\u00a0AKP\u00a0ve\u00a0MHP&#8217;ye oy veren \u00f6zellikle\u00a0MHP&#8217;ye oy veren kitleye kabul ettirilmeye \u00e7al\u0131\u015f\u0131l\u0131yor.\u00a0CHP\u00a0Genel Ba\u015fkan yard\u0131mc\u0131s\u0131\u00a0B\u00fclent Tezcan&#8217;a yap\u0131lan sald\u0131r\u0131da planl\u0131d\u0131r.\u00a0CHP\u00a0ve\u00a0MHP\u00a0taban\u0131n\u0131n yak\u0131nla\u015fmas\u0131n\u0131 engellemek, kar\u015f\u0131 kar\u015f\u0131ya getirme projesidir.<\/p>\n<p>Cumhuriyet Gazetesi&#8217;ndeki g\u00f6zalt\u0131lar da asl\u0131nda laik T\u00fcrkiye Cumhuriyeti&#8217;ne yap\u0131lmaya \u00e7al\u0131\u015f\u0131lan operasyonlar gibidir. O nedenle \u00e7ok dikkatli olmak zorunday\u0131z. Partili arkada\u015flar, delegeler ki\u015fisel isim \u00fczerine siyaset yapmamaya \u00e7al\u0131\u015fal\u0131m. B\u00fcy\u00fcklerime ve k\u00fc\u00e7\u00fcklerime sayg\u0131yla s\u00f6yl\u00fcyorum. K\u00fcf\u00fcrl\u00fc konu\u015fma ve hakaretlere yer vermeyelim. Kimse kimseye\u00a0MHP&#8217;li de olsa\u00a0AKP&#8217;li de olsa tavr\u0131m\u0131za ve s\u00f6zlerimize dikkat edelim. \u015eayet dayanam\u0131yorsan\u0131z, sinirleniyorsan\u0131z oradan uzakla\u015f\u0131n ki polemi\u011fe girmek zorunda kalmay\u0131n. Tabanda bir yak\u0131nla\u015fma var. Bu durum baz\u0131 ki\u015fileri rahats\u0131z etmeye ba\u015flad\u0131.<br \/>\nL\u00fctfen sinirlerimize hakim olal\u0131m herkes ile bar\u0131\u015f\u0131k olmaya \u00e7al\u0131\u015fal\u0131m. Dedikodu ayr\u0131 bir \u015fey ele\u015ftiri ayr\u0131 bir \u015feydir. Bunun ayr\u0131m\u0131na dikkat etmek gerekir. Bizler s\u00fcrekli sokaklarday\u0131z. Olduk\u00e7a da iyi ilerledi\u011fimizi d\u00fc\u015f\u00fcn\u00fcyorum. Belirledi\u011fimiz hedefte ilerlemek i\u00e7in herkesin oyuna ihtiyac\u0131m\u0131z var&#8221; diye konu\u015ftu.<br \/>\nELE\u015eT\u0130R\u0130Y\u0130 PART\u0130DE YAPIN<\/p>\n<p>T\u00fcrkiye&#8217;nin \u00f6n\u00fcnde bir Cumhuriyet bir Ba\u015fkanl\u0131k sorunu oldu\u011funu da ifade eden Ba\u015fkan G\u00fcven, &#8220;Ba\u015fkanl\u0131k oylamas\u0131 ve arkas\u0131ndan milletvekilleri se\u00e7imi var. Kanun de\u011fi\u015fikli\u011fi olmazsa yerel se\u00e7imler 2019&#8217;da yap\u0131lacak. Yani biz \u015fuanda Cumhuriyete ve\u00a0Cumhuriyet Halk Partisi&#8217;ne odaklanal\u0131m. Belediye Ba\u015fkanl\u0131klar\u0131 en son i\u015ftir. \u0130lk \u00f6nce Ba\u015fkanl\u0131k oylamas\u0131na odaklanmak zorunday\u0131z. Zaten yeterli oy olmad\u0131\u011f\u0131 i\u00e7in\u00a0MHP taban\u0131na oyunlar oynan\u0131yor. Bizler bu konuda \u00e7ok hassas olmak zorunday\u0131z. Bunun i\u00e7in herkes her \u015feyi unutsun ve Ba\u015fkanl\u0131k sistemine odaklanal\u0131m. Ba\u015fkanl\u0131k sisteminin k\u00f6t\u00fc oldu\u011funu sakin bir dille k\u00fcf\u00fcrlere yer vermeden anlatal\u0131m. Ele\u015ftiri parti binam\u0131zda olsun. Sosyal medya \u00fczerinden ele\u015ftiriler yapmayal\u0131m. Elbette ki hatalar\u0131m\u0131z olacakt\u0131r. Bu hatalar\u0131 buyurun burada y\u00fcz\u00fcm\u00fcze s\u00f6yleyin. Bizler bunlara a\u00e7\u0131\u011f\u0131z&#8221; diye konu\u015ftu.<br \/>\nT\u00dcRK\u0130YE&#8217;N\u0130N TEK UMUDU\u00a0CHP<\/p>\n<p>CHP\u00a0\u0130l Ba\u015fkan\u0131 Mustafa Erdem yapt\u0131\u011f\u0131 konu\u015fmada, \u00fclke g\u00fcndemi ve son g\u00fcnlerde ya\u015fanan olaylar\u0131 partililerle payla\u015ft\u0131. &#8220;Ortak ak\u0131lla, ortak d\u00fc\u015f\u00fcnce ile hem \u00fclkemizi hem de partimizi bir yere ula\u015ft\u0131rabiliriz&#8221; diyen\u00a0CHP\u00a0\u0130l Ba\u015fkan\u0131 Erdem, &#8220;\u00d6n\u00fcm\u00fczde\u00a0Cumhuriyet Halk Partisi\u00a0iktidar\u0131ndan daha \u00f6nemli bir s\u00fcre\u00e7 var. Sadece kendi su\u00e7una, kendi yapt\u0131\u011f\u0131 yanl\u0131\u015flara milat ilan edip, i\u015fte bu tarihe kadar yapt\u0131klar\u0131m\u0131 affettim. Toplum vicdan\u0131nda ve hukuk vicdan\u0131nda olmayan hatta d\u00fcnyan\u0131n hi\u00e7bir yerinde olmayan kendi su\u00e7una milat koyan bir diktat\u00f6rl\u00fck ile kar\u015f\u0131 kar\u015f\u0131yay\u0131z. Meclis devre d\u0131\u015f\u0131 b\u0131rak\u0131lm\u0131\u015f. OHAL kanunlar\u0131yla bir gecede Kanun H\u00fckm\u00fcnde Kararnamelerle \u00fclke tek ki\u015fi taraf\u0131ndan y\u00f6netilir hale getirilmi\u015ftir. Bunu nas\u0131l olsa yap\u0131yordu.<\/p>\n<p>Bizim\u00a0CHP\u00a0olarak birinci g\u00f6revimiz ger\u00e7ek bir m\u00fccadele ba\u015flatmak. Hangi partiye oy verirse versin, onlara Cumhuriyetin ve kazan\u0131mlar\u0131n\u0131n elden gitmesi konusunu anlatmam\u0131z gerekir. Yine\u00a0MHP&#8217; ye oy verebilirler. Yine\u00a0AKP&#8217;ye oy verebilir. Bu\u00a0Cumhuriyet Halk Partisi&#8217;nin iktidar\u0131ndan Mustafa Erdem \u00e7ok daha \u00f6nde geliyor. Bizim insan\u0131m\u0131z\u0131n y\u00fczde 95&#8217;i mutsuz. Bu mutsuzlu\u011fu, mutlulu\u011fa \u00e7evirecek bizim m\u00fccadelemiz Cumhuriyet ve onun kazan\u0131mlar\u0131d\u0131r. \u00d6zg\u00fcrl\u00fcklerimize ve ba\u011f\u0131ms\u0131zl\u0131\u011f\u0131m\u0131za d\u00fc\u015fk\u00fcn insanlar\u0131z. E\u011fer konu \u00fclkeyi yok etmekse, ba\u011f\u0131ms\u0131zl\u0131ksa biz o insanlar\u0131 ikna edece\u011fimize inan\u0131yoruz. Bunun i\u00e7in projeler \u00fcretiyoruz. &#8216;101 Kad\u0131n 101 Gen\u00e7&#8217; slogan\u0131yla \u00e7al\u0131\u015fmalar\u0131m\u0131za k\u00f6ylerden ba\u015flayaca\u011f\u0131z. Bas\u0131n biliyorsunuz bize kapal\u0131. Bir iki tane var onu da bizler izliyoruz. B\u00f6yle bir s\u00fcre\u00e7te bizim \u00e7al\u0131\u015fma ko\u015fullar\u0131m\u0131z zor. Y\u0131lmadan \u00e7ocuklar\u0131m\u0131z\u0131n gelece\u011fi i\u00e7in \u00e7al\u0131\u015fmam\u0131z gerekir. Ben \u015funa inan\u0131yorum Kuva-yi Milliye ruhuyla Cumhuriyet Halk Partililerin \u00f6nc\u00fcl\u00fc\u011f\u00fcnde bu m\u00fccadeleyi vermemiz laz\u0131m.<\/p>\n<p>Umuyoruz ki mecliste sa\u011fduyulu bir yap\u0131 olu\u015fur. G\u00f6r\u00fcyoruz ki mecliste 400 milletvekili 1 ki\u015finin elinde o ne derse onu yapacak durumdalar. Bizim ger\u00e7ekten bu anlamda birinci g\u00f6revimiz \u00f6zg\u00fcrl\u00fc\u011f\u00fcm\u00fcz i\u00e7in ba\u011f\u0131ms\u0131zl\u0131\u011f\u0131m\u0131z i\u00e7in en \u00f6nemlisi de \u00e7ocuklar\u0131m\u0131z\u0131n gelece\u011fi i\u00e7in bu s\u00fcreci do\u011fru y\u00f6netmek diye d\u00fc\u015f\u00fcn\u00fcyorum. \u0130l\u00e7e ba\u015fkanlar\u0131m\u0131zla ve il\u00e7e y\u00f6netimimizle partiye katk\u0131 sunan b\u00fct\u00fcn arkada\u015flar\u0131m\u0131zla herkes bir \u0130l Ba\u015fkan\u0131&#8217;d\u0131r. Ortak ak\u0131lla, ortak d\u00fc\u015f\u00fcnce ile hem \u00fclkemizi hem de partimizi bir yere ula\u015ft\u0131rabiliriz. Bar\u0131\u015f i\u00e7inde, uzla\u015f\u0131 i\u00e7inde bu s\u00fcreci tamamlayaca\u011f\u0131m\u0131za inan\u0131yorum. Gitti\u011fim il\u00e7elerde hep ayn\u0131 soru ile kar\u015f\u0131la\u015f\u0131yorum. Soru &#8216;Parti i\u00e7inde ki kavga&#8217;. Ben o olaya \u00e7ok girmiyorum arkada\u015flar. Sanki bizim i\u00e7imizdeki kavgalardan bir darbe \u00e7\u0131km\u0131\u015f gibi. B\u00fct\u00fcn kavgalar\u0131\u00a0CHP\u00a0veriyor gibi bir alg\u0131 yarat\u0131l\u0131yor. L\u00fctfen bunlardan uzak dural\u0131m. O bizim zenginli\u011fimiz olsun.<br \/>\nKendi i\u00e7imizde farkl\u0131 g\u00f6r\u00fc\u015fler olabilir.<br \/>\nHerkes kendince bir milat koyuyor. Gelin bizde \u015fimdi bir milat koyal\u0131m. Bar\u0131\u015f\u0131n, karde\u015fli\u011fin \u00f6rne\u011fini\u00a0CHP\u00a0versin. \u00c7al\u0131\u015fmalar\u0131m\u0131za herkes katk\u0131 sunsun. Yap\u0131c\u0131 ele\u015ftiriler olsun. Her ele\u015ftiriden biz hem \u00fclkemiz yarar\u0131na hem de partimiz yarar\u0131na bir ders alaca\u011f\u0131m\u0131z\u0131 d\u00fc\u015f\u00fcn\u00fcyoruz&#8221; diye s\u00f6zlerine ekledi. Fiilen ya\u015fanan bir ba\u015fkanl\u0131k sistemi ve dikta sistemi oldu\u011funa da vurgu yapan \u0130l Ba\u015fkan\u0131 Mustafa Erdem, &#8220;\u00dcreticinin, \u00e7ift\u00e7inin zor ge\u00e7indi\u011fi \u015fu d\u00f6nemde &#8216;Ba\u015fkanl\u0131k sistemi bize ne getirecek?&#8217; sorusuna cevap aramam\u0131z laz\u0131m. Bu dikta rejiminin bitmesi gerekiyor. Karde\u015f\u00e7e, kenetlenerek hareket edersek, hem\u00a0Antalya&#8217;da hem de Gazipa\u015fa&#8217;da bayra\u011f\u0131m\u0131z\u0131 yeniden dikebiliriz&#8221; diye konu\u015ftu.\u00a0CHP\u00a0\u0130l\u00e7e Ba\u015fkan\u0131 Mustafa Erdem&#8217;e Gazipa\u015fa ziyaretinde, il y\u00f6netim kurulu \u00fcyeleri ile Kad\u0131n Kollar\u0131\u00a0Antalya\u00a0\u0130l Ba\u015fkan\u0131 Nil\u00fcfer Deveci e\u015flik etti.<\/p>\n\r\n                <style type=\"text\/css\">\r\n                    \r\n                    #tdi_1  .td-doubleSlider-2 .td-item1 {\r\n                        background: url(https:\/\/chpantalya.com\/wp-content\/uploads\/2016\/11\/GAZ\u0130PA\u015eA-1.jpg) 0 0 no-repeat;\r\n                    }\r\n                    #tdi_1  .td-doubleSlider-2 .td-item2 {\r\n                        background: url(https:\/\/chpantalya.com\/wp-content\/uploads\/2016\/11\/YV6GDR9VW_resim_5_11_2016_7_b.jpg) 0 0 no-repeat;\r\n                    }\r\n                    #tdi_1  .td-doubleSlider-2 .td-item3 {\r\n                        background: url(https:\/\/chpantalya.com\/wp-content\/uploads\/2016\/11\/b5f9db27-e6f4-42d9-b870-dc0b9e6c85ea.jpg) 0 0 no-repeat;\r\n                    }\r\n                <\/style>\r\n\r\n                <div id=\"tdi_1\" class=\"td-gallery td-slide-on-2-columns\">\r\n                    <div class=\"post_td_gallery\">\r\n                        <div class=\"td-gallery-slide-top\">\r\n                           <div class=\"td-gallery-title\"><\/div>\r\n\r\n                            <div class=\"td-gallery-controls-wrapper\">\r\n                                <div class=\"td-gallery-slide-count\"><span class=\"td-gallery-slide-item-focus\">1<\/span> - 3<\/div>\r\n                                <div class=\"td-gallery-slide-prev-next-but\">\r\n                                    <i class = \"td-icon-left doubleSliderPrevButton\"><\/i>\r\n                                    <i class = \"td-icon-right doubleSliderNextButton\"><\/i>\r\n                                <\/div>\r\n                            <\/div>\r\n                        <\/div>\r\n\r\n                        <div class = \"td-doubleSlider-1 \">\r\n                            <div class = \"td-slider\">\r\n                                \r\n                    <div class = \"td-slide-item td-item1\">\r\n                        <figure class=\"td-slide-galery-figure td-slide-popup-gallery\">\r\n                            <a class=\"slide-gallery-image-link\" href=\"https:\/\/chpantalya.com\/wp-content\/uploads\/2016\/11\/GAZ\u0130PA\u015eA-1.jpg\" title=\"gazipasa-1\"  data-caption=\"\"  data-description=\"\">\r\n                                <img src=\"https:\/\/chpantalya.com\/wp-content\/uploads\/2016\/11\/GAZ\u0130PA\u015eA-1-560x420.jpg\" srcset=\"https:\/\/chpantalya.com\/wp-content\/uploads\/2016\/11\/GAZ\u0130PA\u015eA-1-560x420.jpg 420w, https:\/\/chpantalya.com\/wp-content\/uploads\/2016\/11\/GAZ\u0130PA\u015eA-1.jpg 840w\" sizes=\"(-webkit-min-device-pixel-ratio: 2) 840px, (min-resolution: 192dpi) 840px, 420px\" alt=\"\">\r\n                            <\/a>\r\n                            \r\n                        <\/figure>\r\n                    <\/div>\r\n                    <div class = \"td-slide-item td-item2\">\r\n                        <figure class=\"td-slide-galery-figure td-slide-popup-gallery\">\r\n                            <a class=\"slide-gallery-image-link\" href=\"https:\/\/chpantalya.com\/wp-content\/uploads\/2016\/11\/YV6GDR9VW_resim_5_11_2016_7_b.jpg\" title=\"yv6gdr9vw_resim_5_11_2016_7_b\"  data-caption=\"\"  data-description=\"\">\r\n                                <img src=\"https:\/\/chpantalya.com\/wp-content\/uploads\/2016\/11\/YV6GDR9VW_resim_5_11_2016_7_b.jpg\" srcset=\"https:\/\/chpantalya.com\/wp-content\/uploads\/2016\/11\/YV6GDR9VW_resim_5_11_2016_7_b.jpg 420w, https:\/\/chpantalya.com\/wp-content\/uploads\/2016\/11\/YV6GDR9VW_resim_5_11_2016_7_b.jpg 840w\" sizes=\"(-webkit-min-device-pixel-ratio: 2) 840px, (min-resolution: 192dpi) 840px, 420px\" alt=\"\">\r\n                            <\/a>\r\n                            \r\n                        <\/figure>\r\n                    <\/div>\r\n                    <div class = \"td-slide-item td-item3\">\r\n                        <figure class=\"td-slide-galery-figure td-slide-popup-gallery\">\r\n                            <a class=\"slide-gallery-image-link\" href=\"https:\/\/chpantalya.com\/wp-content\/uploads\/2016\/11\/b5f9db27-e6f4-42d9-b870-dc0b9e6c85ea.jpg\" title=\"b5f9db27-e6f4-42d9-b870-dc0b9e6c85ea\"  data-caption=\"\"  data-description=\"\">\r\n                                <img src=\"https:\/\/chpantalya.com\/wp-content\/uploads\/2016\/11\/b5f9db27-e6f4-42d9-b870-dc0b9e6c85ea-746x420.jpg\" srcset=\"https:\/\/chpantalya.com\/wp-content\/uploads\/2016\/11\/b5f9db27-e6f4-42d9-b870-dc0b9e6c85ea-746x420.jpg 420w, https:\/\/chpantalya.com\/wp-content\/uploads\/2016\/11\/b5f9db27-e6f4-42d9-b870-dc0b9e6c85ea.jpg 840w\" sizes=\"(-webkit-min-device-pixel-ratio: 2) 840px, (min-resolution: 192dpi) 840px, 420px\" alt=\"\">\r\n                            <\/a>\r\n                            \r\n                        <\/figure>\r\n                    <\/div>\r\n                            <\/div>\r\n                        <\/div>\r\n\r\n                        <div class = \"td-doubleSlider-2\">\r\n                            <div class = \"td-slider\">\r\n                                \r\n                    <div class = \"td-button td-item1\">\r\n                        <div class = \"td-border\"><\/div>\r\n                    <\/div>\r\n                    <div class = \"td-button td-item2\">\r\n                        <div class = \"td-border\"><\/div>\r\n                    <\/div>\r\n                    <div class = \"td-button td-item3\">\r\n                        <div class = \"td-border\"><\/div>\r\n                    <\/div>\r\n                            <\/div>\r\n                        <\/div>\r\n\r\n                    <\/div>\r\n\r\n                <\/div>\r\n                \n","protected":false},"excerpt":{"rendered":"<p>ANTALYA\u00a0il\u00e7elerine ziyaretler ger\u00e7ekle\u015ftiren\u00a0Cumhuriyet Halk Partisi\u00a0(CHP) \u0130l Ba\u015fkan\u0131 Mustafa Erdem, Gazipa\u015fa \u0130l\u00e7e \u00f6rg\u00fct\u00fcnde partililerle bulu\u015ftu. CHP\u00a0Gazipa\u015fa \u0130l\u00e7e Ba\u015fkan\u0131 \u00d6mer G\u00fcven ve \u0130l\u00e7e y\u00f6neticileri taraf\u0131ndan kar\u015f\u0131lanan Ba\u015fkan Erdem&#8217;e \u0130l y\u00f6netim kurulu \u00fcyeleri ve \u0130l Kad\u0131n Kollar\u0131 Ba\u015fkan\u0131 Nil\u00fcfer Deveci e\u015flik etti. CHP\u00a0\u0130I Ba\u015fkan\u0131 Mustafa Erdem, &#8220;\u00dclke karanl\u0131\u011fa s\u00fcr\u00fckleniyor. Bize d\u00fc\u015fen g\u00f6rev, tehlikeyi vatanda\u015fa anlatmak olmal\u0131&#8221; dedi G\u00dcVEN [&hellip;]<\/p>\n","protected":false},"author":1,"featured_media":12035,"comment_status":"closed","ping_status":"open","sticky":false,"template":"","format":"standard","meta":[],"categories":[31],"tags":[],"amp_enabled":true,"_links":{"self":[{"href":"https:\/\/chpantalya.com\/index.php?rest_route=\/wp\/v2\/posts\/12028"}],"collection":[{"href":"https:\/\/chpantalya.com\/index.php?rest_route=\/wp\/v2\/posts"}],"about":[{"href":"https:\/\/chpantalya.com\/index.php?rest_route=\/wp\/v2\/types\/post"}],"author":[{"embeddable":true,"href":"https:\/\/chpantalya.com\/index.php?rest_route=\/wp\/v2\/users\/1"}],"replies":[{"embeddable":true,"href":"https:\/\/chpantalya.com\/index.php?rest_route=%2Fwp%2Fv2%2Fcomments&post=12028"}],"version-history":[{"count":0,"href":"https:\/\/chpantalya.com\/index.php?rest_route=\/wp\/v2\/posts\/12028\/revisions"}],"wp:featuredmedia":[{"embeddable":true,"href":"https:\/\/chpantalya.com\/index.php?rest_route=\/wp\/v2\/media\/12035"}],"wp:attachment":[{"href":"https:\/\/chpantalya.com\/index.php?rest_route=%2Fwp%2Fv2%2Fmedia&parent=12028"}],"wp:term":[{"taxonomy":"category","embeddable":true,"href":"https:\/\/chpantalya.com\/index.php?rest_route=%2Fwp%2Fv2%2Fcategories&post=12028"},{"taxonomy":"post_tag","embeddable":true,"href":"https:\/\/chpantalya.com\/index.php?rest_route=%2Fwp%2Fv2%2Ftags&post=12028"}],"curies":[{"name":"wp","href":"https:\/\/api.w.org\/{rel}","templated":true}]}}