{"id":12173,"date":"2016-11-10T11:04:37","date_gmt":"2016-11-10T08:04:37","guid":{"rendered":"http:\/\/chpantalya.com\/?p=12173"},"modified":"2018-07-18T21:09:13","modified_gmt":"2018-07-18T18:09:13","slug":"isigin-isigimiz-olacak","status":"publish","type":"post","link":"https:\/\/chpantalya.com\/?p=12173","title":{"rendered":"I\u015eI\u011eIN I\u015eI\u011eIMIZ OLACAK\u2026"},"content":{"rendered":"<p>Ulu \u00d6nder Atat\u00fcrk, sadece kendi \u00fclkesinde de\u011fil, t\u00fcm d\u00fcnyada ezilen t\u00fcm halklar\u0131n,\u00a0\u00a0 \u00f6zg\u00fcrl\u00fck ve ba\u011f\u0131ms\u0131zl\u0131k sava\u015f\u0131 veren t\u00fcm uluslar\u0131n \u0131\u015f\u0131\u011f\u0131, me\u015falesi olmu\u015ftur.<\/p>\n<p>Atat\u00fcrk, emperyalist g\u00fc\u00e7lere kar\u015f\u0131 verdi\u011fi Kurtulu\u015f Sava\u015f\u0131n\u0131n zaferle sonu\u00e7lanmas\u0131ndan hemen sonra ba\u015flatt\u0131\u011f\u0131 ayd\u0131nlanma ve \u00e7a\u011fda\u015f uygarl\u0131k yolunda ger\u00e7ekle\u015ftirdi\u011fi devrimlerle \u00fclkesini ve insan\u0131n\u0131 \u00e7a\u011fda\u015f uygarl\u0131k seviyesine \u00e7\u0131karmay\u0131 ama\u00e7 edinmi\u015f, d\u00fcnyan\u0131n en b\u00fcy\u00fck devrimcisidir.<\/p>\n<p>Bu g\u00fcn \u00fclkemizin i\u00e7inde bulundu\u011fu krizden, kaostan, sava\u015f ortam\u0131ndan kurtaracak yegane g\u00fc\u00e7 Atat\u00fcrk\u2019\u00fcn Gen\u00e7li\u011fe Hitabesinde ki \u201cbir g\u00fcn, \u0130stikl\u00e2l ve Cumhuriyeti m\u00fcdafaa mecburiyetine d\u00fc\u015fersen, vazifeye at\u0131lmak i\u00e7in, i\u00e7inde bulunaca\u011f\u0131n vaziyetin imk\u00e2n ve \u015fer\u00e2itini d\u00fc\u015f\u00fcnmeyeceksin!\u201d ilkesi olacakt\u0131r.<\/p>\n<p>Yakt\u0131\u011f\u0131 ayd\u0131nlanma me\u015falesinin \u0131\u015f\u0131\u011f\u0131n\u0131n s\u00f6nmesine asla izin vermeyece\u011fiz. Bizlere emanet etti\u011fi Cumhuriyetimizi sonsuza kadar ya\u015fataca\u011f\u0131z. 20. y\u00fczy\u0131l\u0131n en b\u00fcy\u00fck devrimcisi, en b\u00fcy\u00fck lideri, en b\u00fcy\u00fck komutan\u0131, Gazi Mustafa Kemal Atat\u00fcrk\u2019\u00fcn\u00a0 bizlere hedef g\u00f6sterdi\u011fi \u00e7a\u011fda\u015f uygarl\u0131k yolunda s\u00fcrekli ilerleyece\u011fiz. I\u015f\u0131\u011f\u0131 \u0131\u015f\u0131\u011f\u0131m\u0131z olacak!..<\/p>\n<p>Ulu \u00f6nderimiz Mustafa Kemal Atat\u00fcrk\u2019\u00fc aram\u0131zdan ayr\u0131l\u0131\u015f\u0131n\u0131n 78. y\u0131l\u0131nda b\u00fcy\u00fck bir \u00f6zlemle, sayg\u0131yla, sevgiyle, minnetle an\u0131yorum.<\/p>\n","protected":false},"excerpt":{"rendered":"<p>Ulu \u00d6nder Atat\u00fcrk, sadece kendi \u00fclkesinde de\u011fil, t\u00fcm d\u00fcnyada ezilen t\u00fcm halklar\u0131n,\u00a0\u00a0 \u00f6zg\u00fcrl\u00fck ve ba\u011f\u0131ms\u0131zl\u0131k sava\u015f\u0131 veren t\u00fcm uluslar\u0131n \u0131\u015f\u0131\u011f\u0131, me\u015falesi olmu\u015ftur. Atat\u00fcrk, emperyalist g\u00fc\u00e7lere kar\u015f\u0131 verdi\u011fi Kurtulu\u015f Sava\u015f\u0131n\u0131n zaferle sonu\u00e7lanmas\u0131ndan hemen sonra ba\u015flatt\u0131\u011f\u0131 ayd\u0131nlanma ve \u00e7a\u011fda\u015f uygarl\u0131k yolunda ger\u00e7ekle\u015ftirdi\u011fi devrimlerle \u00fclkesini ve insan\u0131n\u0131 \u00e7a\u011fda\u015f uygarl\u0131k seviyesine \u00e7\u0131karmay\u0131 ama\u00e7 edinmi\u015f, d\u00fcnyan\u0131n en b\u00fcy\u00fck devrimcisidir. Bu [&hellip;]<\/p>\n","protected":false},"author":1,"featured_media":11520,"comment_status":"closed","ping_status":"open","sticky":false,"template":"","format":"standard","meta":[],"categories":[61,51],"tags":[],"amp_enabled":true,"_links":{"self":[{"href":"https:\/\/chpantalya.com\/index.php?rest_route=\/wp\/v2\/posts\/12173"}],"collection":[{"href":"https:\/\/chpantalya.com\/index.php?rest_route=\/wp\/v2\/posts"}],"about":[{"href":"https:\/\/chpantalya.com\/index.php?rest_route=\/wp\/v2\/types\/post"}],"author":[{"embeddable":true,"href":"https:\/\/chpantalya.com\/index.php?rest_route=\/wp\/v2\/users\/1"}],"replies":[{"embeddable":true,"href":"https:\/\/chpantalya.com\/index.php?rest_route=%2Fwp%2Fv2%2Fcomments&post=12173"}],"version-history":[{"count":0,"href":"https:\/\/chpantalya.com\/index.php?rest_route=\/wp\/v2\/posts\/12173\/revisions"}],"wp:featuredmedia":[{"embeddable":true,"href":"https:\/\/chpantalya.com\/index.php?rest_route=\/wp\/v2\/media\/11520"}],"wp:attachment":[{"href":"https:\/\/chpantalya.com\/index.php?rest_route=%2Fwp%2Fv2%2Fmedia&parent=12173"}],"wp:term":[{"taxonomy":"category","embeddable":true,"href":"https:\/\/chpantalya.com\/index.php?rest_route=%2Fwp%2Fv2%2Fcategories&post=12173"},{"taxonomy":"post_tag","embeddable":true,"href":"https:\/\/chpantalya.com\/index.php?rest_route=%2Fwp%2Fv2%2Ftags&post=12173"}],"curies":[{"name":"wp","href":"https:\/\/api.w.org\/{rel}","templated":true}]}}