{"id":12175,"date":"2016-11-10T11:53:41","date_gmt":"2016-11-10T08:53:41","guid":{"rendered":"http:\/\/chpantalya.com\/?p=12175"},"modified":"2016-11-10T11:53:41","modified_gmt":"2016-11-10T08:53:41","slug":"emanetlerine-sonsuza-kadar-sahip-cikacagiz","status":"publish","type":"post","link":"https:\/\/chpantalya.com\/?p=12175","title":{"rendered":"EMANETLER\u0130NE SONSUZA KADAR SAH\u0130P \u00c7IKACA\u011eIZ"},"content":{"rendered":"<p>EMANETLER\u0130NE SONSUZA KADAR SAH\u0130P \u00c7IKACA\u011eIZ<\/p>\n<p>CHP Antalya \u0130l Ba\u015fkan\u0131 Mustafa Erdem Ulu \u00f6nder Mustafa kemal Atat\u00fcrk\u2019\u00fcn aram\u0131zdan ayr\u0131l\u0131\u015f\u0131n\u0131n 78. Y\u0131l d\u00f6n\u00fcm\u00fc nedeniyle bir mesaj yay\u0131nlad\u0131.<\/p>\n<p>&nbsp;<\/p>\n<p>CHP Antalya \u0130l Ba\u015fkan\u0131 Mustafa Erdem\u2019in mesaj\u0131 \u015f\u00f6yle:<\/p>\n<p>\u201cT\u00fcrkiye Cumhuriyeti&#8217;nin kurucusu, \u00f6nderimiz ve ba\u015fta mazlum milletler olmak \u00fczere t\u00fcm d\u00fcnyaya \u00f6rnek olmu\u015f b\u00fcy\u00fck devlet adam\u0131 Gazi Mustafa Kemal Atat\u00fcrk&#8217;\u00fc ebediyete intikalinin 78. y\u0131l\u0131nda sayg\u0131, rahmet ve giderek b\u00fcy\u00fcyen bir \u00f6zlemle an\u0131yoruz.<\/p>\n<p>Atat\u00fcrk&#8217;\u00fcn ilke ve devrimleri, b\u00f6lgemizde ve d\u00fcnyadaki huzur, bar\u0131\u015f, istikrar aray\u0131\u015flar\u0131na \u0131\u015f\u0131k tutmakta; daha iyi bir ya\u015fam kurma azmiyle \u00e7a\u011fda\u015fla\u015fmak i\u00e7in m\u00fccadele eden b\u00fct\u00fcn halklar, Atat\u00fcrk&#8217;\u00fcn m\u00fccadelesinden ilham almaya devam etmektedir.<\/p>\n<p>10 Kas\u0131m sadece Mustafa Kemal Atat\u00fcrk&#8217;\u00fc anma g\u00fcn\u00fc de\u011fil, O&#8217;nun eserlerini geli\u015ftirerek gelece\u011fe ta\u015f\u0131ma azmimizi yineledi\u011fimiz bir g\u00fcnd\u00fcr. Yolumuzu da, kendisinin ak\u0131l ve bilimi temel alan d\u00fc\u015f\u00fcnce sistemi ayd\u0131nlatmakta, kar\u015f\u0131la\u015ft\u0131\u011f\u0131 b\u00fct\u00fcn g\u00fc\u00e7l\u00fckleri yenmesini bilen direnci, bize g\u00fc\u00e7 vermektedir. &#8216;\u00d6zg\u00fcrl\u00fck ve ba\u011f\u0131ms\u0131zl\u0131k benim karakterimdir&#8217; diyen Atat\u00fcrk&#8217;\u00fcn fikir ve ideallerinin \u0131\u015f\u0131\u011f\u0131nda, onurlu bir gelecek, huzurlu bir toplum ve kimsesizlerin kimsesi olan bir Cumhuriyet hedefimizi ger\u00e7ekle\u015ftirece\u011fimize olan inanc\u0131m\u0131z tamd\u0131r.<\/p>\n<p>Atat\u00fcrk&#8217;\u00fcn bizlere b\u0131rakt\u0131\u011f\u0131 en b\u00fcy\u00fck miras olan T\u00fcrkiye Cumhuriyeti, birlik, beraberlik ve b\u00fct\u00fcnl\u00fck i\u00e7inde \u00f6zg\u00fcrl\u00fcklerine sahip \u00e7\u0131kan vatanda\u015flar\u0131m\u0131z\u0131n kararl\u0131l\u0131\u011f\u0131yla sonsuza kadar ya\u015fayacak, \u00e7a\u011fda\u015f d\u00fcnyada hak etti\u011fi yere y\u00fckselecektir.<\/p>\n<p>\u0130lke ve Devrimlerine, Demokrasiye, tam ba\u011f\u0131ms\u0131zl\u0131\u011fa, insan haklar\u0131na, bar\u0131\u015fa ve \u00f6zg\u00fcrl\u00fc\u011fe olan inanc\u0131m\u0131zla Ulu \u00f6nder Mustafa Kemal Atat\u00fcrk\u2019\u00fc sayg\u0131 ve \u00f6zlemle bir kez daha an\u0131yor. Emanetlerine sonsuza kadar sahip \u00e7\u0131kaca\u011f\u0131m\u0131za s\u00f6z veriyoruz.\u201d<\/p>\n","protected":false},"excerpt":{"rendered":"<p>EMANETLER\u0130NE SONSUZA KADAR SAH\u0130P \u00c7IKACA\u011eIZ CHP Antalya \u0130l Ba\u015fkan\u0131 Mustafa Erdem Ulu \u00f6nder Mustafa kemal Atat\u00fcrk\u2019\u00fcn aram\u0131zdan ayr\u0131l\u0131\u015f\u0131n\u0131n 78. Y\u0131l d\u00f6n\u00fcm\u00fc nedeniyle bir mesaj yay\u0131nlad\u0131. &nbsp; CHP Antalya \u0130l Ba\u015fkan\u0131 Mustafa Erdem\u2019in mesaj\u0131 \u015f\u00f6yle: \u201cT\u00fcrkiye Cumhuriyeti&#8217;nin kurucusu, \u00f6nderimiz ve ba\u015fta mazlum milletler olmak \u00fczere t\u00fcm d\u00fcnyaya \u00f6rnek olmu\u015f b\u00fcy\u00fck devlet adam\u0131 Gazi Mustafa Kemal Atat\u00fcrk&#8217;\u00fc [&hellip;]<\/p>\n","protected":false},"author":1,"featured_media":11537,"comment_status":"closed","ping_status":"open","sticky":false,"template":"","format":"standard","meta":[],"categories":[31],"tags":[],"amp_enabled":true,"_links":{"self":[{"href":"https:\/\/chpantalya.com\/index.php?rest_route=\/wp\/v2\/posts\/12175"}],"collection":[{"href":"https:\/\/chpantalya.com\/index.php?rest_route=\/wp\/v2\/posts"}],"about":[{"href":"https:\/\/chpantalya.com\/index.php?rest_route=\/wp\/v2\/types\/post"}],"author":[{"embeddable":true,"href":"https:\/\/chpantalya.com\/index.php?rest_route=\/wp\/v2\/users\/1"}],"replies":[{"embeddable":true,"href":"https:\/\/chpantalya.com\/index.php?rest_route=%2Fwp%2Fv2%2Fcomments&post=12175"}],"version-history":[{"count":0,"href":"https:\/\/chpantalya.com\/index.php?rest_route=\/wp\/v2\/posts\/12175\/revisions"}],"wp:featuredmedia":[{"embeddable":true,"href":"https:\/\/chpantalya.com\/index.php?rest_route=\/wp\/v2\/media\/11537"}],"wp:attachment":[{"href":"https:\/\/chpantalya.com\/index.php?rest_route=%2Fwp%2Fv2%2Fmedia&parent=12175"}],"wp:term":[{"taxonomy":"category","embeddable":true,"href":"https:\/\/chpantalya.com\/index.php?rest_route=%2Fwp%2Fv2%2Fcategories&post=12175"},{"taxonomy":"post_tag","embeddable":true,"href":"https:\/\/chpantalya.com\/index.php?rest_route=%2Fwp%2Fv2%2Ftags&post=12175"}],"curies":[{"name":"wp","href":"https:\/\/api.w.org\/{rel}","templated":true}]}}