{"id":12177,"date":"2016-11-10T17:03:57","date_gmt":"2016-11-10T14:03:57","guid":{"rendered":"http:\/\/chpantalya.com\/?p=12177"},"modified":"2016-11-10T17:10:35","modified_gmt":"2016-11-10T14:10:35","slug":"chp-gencligi-atanin-huzurunda","status":"publish","type":"post","link":"https:\/\/chpantalya.com\/?p=12177","title":{"rendered":"CHP GEN\u00c7L\u0130\u011e\u0130 ATA\u2019NIN HUZURUNDA"},"content":{"rendered":"<p>CHP Antalya \u0130l Gen\u00e7lik Kollar\u0131n\u0131n organize etti\u011fi 10 Kas\u0131m Atat\u00fcrk\u2019\u00fc Anma G\u00fcn\u00fcnde Ata\u2019y\u0131 yaln\u0131z B\u0131rakmad\u0131. Bu h\u00fcz\u00fcnl\u00fc gururu ya\u015fayan y\u00fczlerce gencimiz, onlarca otob\u00fcsle, 10 Kas\u0131m\u2019da bir tek O\u2019na kavu\u015fmak i\u00e7in hareket etti.<\/p>\n<p><strong>CHP Antalya \u0130l Gen\u00e7lik Kollar\u0131 Ba\u015fkan\u0131 Musa G\u00fcl, An\u0131tkabir&#8217;den \u015funlar\u0131 s\u00f6yledi:<\/strong><\/p>\n<p><strong>\u201c<\/strong>\u00dcz\u00fcnt\u00fcn\u00fcn i\u00e7inde gururun, yaln\u0131zl\u0131\u011f\u0131n i\u00e7inde birlik olman\u0131n, yoksulluk i\u00e7inde b\u00fcy\u00fck bir a\u015fk\u0131n g\u00fcn\u00fcd\u00fcr bizim i\u00e7in 10 Kas\u0131m. Atam\u0131z\u0131n bir ki\u015fi olarak ba\u015flad\u0131\u011f\u0131 yolculukta bug\u00fcn 80 milyon olabilmenin gururunu ya\u015f\u0131yoruz\u201d dedi.<\/p>\n<p><strong>ATAMIZIN YOLUNDA HER ZAMAN G\u00d6REV BA\u015eINDAYIZ!<\/strong><\/p>\n<p>E\u011fitimimizden \u00e7al\u0131\u015fmam\u0131za, yazd\u0131\u011f\u0131m\u0131z yaz\u0131dan okudu\u011fumuz kitaplara, \u00f6\u011frenim g\u00f6rd\u00fc\u011f\u00fcm\u00fcz binalara, teknolojilere, k\u0131saca her \u015feyimizi bor\u00e7lu oldu\u011fumuz Atam\u0131za inan\u0131n ki g\u00f6r\u00fclmemi\u015f bir arzu, istek ve sayg\u0131 ile gittiler. Gen\u00e7li\u011fin verdi\u011fi mesaj \u00e7ok nettir. T\u00fcrkiye Cumhuriyeti kurulu\u015fundan itibaren Ulu \u00d6nder Mustafa Kemal Atat\u00fcrk\u2019\u00fcn sayesinde t\u00fcm D\u00fcnya\u2019da b\u00fcy\u00fck sayg\u0131 uyand\u0131rm\u0131\u015f ve onlarca \u00fclkeye ilham vermi\u015ftir. \u201cYurtta Sulh, Cihanda Sulh\u201d gibi temel ilkelerimiz uzun d\u00f6nemler boyunca d\u00fcnya politikas\u0131na y\u00f6n vermi\u015f ve halen daha etkisini s\u00fcrd\u00fcrmektedir. Diyen G\u00fcl, \u201cBizler, kalk\u0131nman\u0131n, medeniyetin, tam ba\u011f\u0131ms\u0131zl\u0131\u011f\u0131n, milletin egemenli\u011finin, insan haklar\u0131n\u0131n, ho\u015fg\u00f6r\u00fcn\u00fcn art\u0131k sembol\u00fc haline gelmi\u015f Atam\u0131z\u0131 zaten hi\u00e7bir zaman unutamay\u0131z, ancak t\u00fcm d\u00fcnyan\u0131n akl\u0131nda da bu fikirlerin ya\u015famas\u0131 i\u00e7in \u00e7al\u0131\u015faca\u011f\u0131z.\u201d Dedi.<\/p>\n<p>G\u00fcl son olarak; \u201c\u00c7ok iyi biliyoruz ki, bizler Atam\u0131z\u0131n yolundan gittik\u00e7e, D\u00fcnya\u2019ya bar\u0131\u015f\u0131yla, geli\u015fmi\u015fli\u011fiyle y\u00f6n veren bir T\u00fcrkiye\u2019yi en k\u0131sa zamanda in\u015fa edece\u011fiz. Mustafa Kemal Atat\u00fcrk\u2019\u00fc bir kez daha sayg\u0131 ve minnetle anarken, kendisinin s\u00f6yledi\u011fi aslolan\u0131n onun fikirleri oldu\u011funu \u00e7ok iyi bildi\u011fimizi s\u00f6yl\u00fcyor ve onun bu miras\u0131n\u0131n fark\u0131nda olarak kararl\u0131l\u0131kla sahip \u00e7\u0131kaca\u011f\u0131m\u0131za O\u2019nun ve halk\u0131m\u0131z\u0131n huzurunda s\u00f6z veriyoruz. Atam\u0131z\u0131n yolunda her zaman g\u00f6rev ba\u015f\u0131nday\u0131z!\u201d<\/p>\n<div id='gallery-1' class='gallery galleryid-12177 gallery-columns-3 gallery-size-thumbnail'><figure class='gallery-item'>\n\t\t\t<div class='gallery-icon portrait'>\n\t\t\t\t<a href='https:\/\/chpantalya.com\/?attachment_id=12178'><img width=\"150\" height=\"150\" src=\"https:\/\/chpantalya.com\/wp-content\/uploads\/2016\/11\/unnamed-1-1-150x150.jpg\" class=\"attachment-thumbnail size-thumbnail\" alt=\"\" loading=\"lazy\" srcset=\"https:\/\/chpantalya.com\/wp-content\/uploads\/2016\/11\/unnamed-1-1-150x150.jpg 150w, https:\/\/chpantalya.com\/wp-content\/uploads\/2016\/11\/unnamed-1-1-300x300.jpg 300w\" sizes=\"(max-width: 150px) 100vw, 150px\" \/><\/a>\n\t\t\t<\/div><\/figure><figure class='gallery-item'>\n\t\t\t<div class='gallery-icon landscape'>\n\t\t\t\t<a href='https:\/\/chpantalya.com\/?attachment_id=12179'><img width=\"150\" height=\"150\" src=\"https:\/\/chpantalya.com\/wp-content\/uploads\/2016\/11\/unnamed-2-1-150x150.jpg\" class=\"attachment-thumbnail size-thumbnail\" alt=\"\" loading=\"lazy\" srcset=\"https:\/\/chpantalya.com\/wp-content\/uploads\/2016\/11\/unnamed-2-1-150x150.jpg 150w, https:\/\/chpantalya.com\/wp-content\/uploads\/2016\/11\/unnamed-2-1-300x300.jpg 300w\" sizes=\"(max-width: 150px) 100vw, 150px\" \/><\/a>\n\t\t\t<\/div><\/figure><figure class='gallery-item'>\n\t\t\t<div class='gallery-icon landscape'>\n\t\t\t\t<a href='https:\/\/chpantalya.com\/?attachment_id=12180'><img width=\"150\" height=\"150\" src=\"https:\/\/chpantalya.com\/wp-content\/uploads\/2016\/11\/unnamed-3-150x150.jpg\" class=\"attachment-thumbnail size-thumbnail\" alt=\"\" loading=\"lazy\" srcset=\"https:\/\/chpantalya.com\/wp-content\/uploads\/2016\/11\/unnamed-3-150x150.jpg 150w, https:\/\/chpantalya.com\/wp-content\/uploads\/2016\/11\/unnamed-3-300x300.jpg 300w\" sizes=\"(max-width: 150px) 100vw, 150px\" \/><\/a>\n\t\t\t<\/div><\/figure>\n\t\t<\/div>\n\n","protected":false},"excerpt":{"rendered":"<p>CHP Antalya \u0130l Gen\u00e7lik Kollar\u0131n\u0131n organize etti\u011fi 10 Kas\u0131m Atat\u00fcrk\u2019\u00fc Anma G\u00fcn\u00fcnde Ata\u2019y\u0131 yaln\u0131z B\u0131rakmad\u0131. Bu h\u00fcz\u00fcnl\u00fc gururu ya\u015fayan y\u00fczlerce gencimiz, onlarca otob\u00fcsle, 10 Kas\u0131m\u2019da bir tek O\u2019na kavu\u015fmak i\u00e7in hareket etti. CHP Antalya \u0130l Gen\u00e7lik Kollar\u0131 Ba\u015fkan\u0131 Musa G\u00fcl, An\u0131tkabir&#8217;den \u015funlar\u0131 s\u00f6yledi: \u201c\u00dcz\u00fcnt\u00fcn\u00fcn i\u00e7inde gururun, yaln\u0131zl\u0131\u011f\u0131n i\u00e7inde birlik olman\u0131n, yoksulluk i\u00e7inde b\u00fcy\u00fck bir a\u015fk\u0131n [&hellip;]<\/p>\n","protected":false},"author":1,"featured_media":12179,"comment_status":"closed","ping_status":"open","sticky":false,"template":"","format":"standard","meta":[],"categories":[56],"tags":[],"amp_enabled":true,"_links":{"self":[{"href":"https:\/\/chpantalya.com\/index.php?rest_route=\/wp\/v2\/posts\/12177"}],"collection":[{"href":"https:\/\/chpantalya.com\/index.php?rest_route=\/wp\/v2\/posts"}],"about":[{"href":"https:\/\/chpantalya.com\/index.php?rest_route=\/wp\/v2\/types\/post"}],"author":[{"embeddable":true,"href":"https:\/\/chpantalya.com\/index.php?rest_route=\/wp\/v2\/users\/1"}],"replies":[{"embeddable":true,"href":"https:\/\/chpantalya.com\/index.php?rest_route=%2Fwp%2Fv2%2Fcomments&post=12177"}],"version-history":[{"count":0,"href":"https:\/\/chpantalya.com\/index.php?rest_route=\/wp\/v2\/posts\/12177\/revisions"}],"wp:featuredmedia":[{"embeddable":true,"href":"https:\/\/chpantalya.com\/index.php?rest_route=\/wp\/v2\/media\/12179"}],"wp:attachment":[{"href":"https:\/\/chpantalya.com\/index.php?rest_route=%2Fwp%2Fv2%2Fmedia&parent=12177"}],"wp:term":[{"taxonomy":"category","embeddable":true,"href":"https:\/\/chpantalya.com\/index.php?rest_route=%2Fwp%2Fv2%2Fcategories&post=12177"},{"taxonomy":"post_tag","embeddable":true,"href":"https:\/\/chpantalya.com\/index.php?rest_route=%2Fwp%2Fv2%2Ftags&post=12177"}],"curies":[{"name":"wp","href":"https:\/\/api.w.org\/{rel}","templated":true}]}}