{"id":12183,"date":"2016-11-11T10:45:55","date_gmt":"2016-11-11T07:45:55","guid":{"rendered":"http:\/\/chpantalya.com\/?p=12183"},"modified":"2018-07-18T21:09:05","modified_gmt":"2018-07-18T18:09:05","slug":"antalya-gencligi-atanin-huzurunda","status":"publish","type":"post","link":"https:\/\/chpantalya.com\/?p=12183","title":{"rendered":"Antalya Gen\u00e7li\u011fi Atan\u0131n Huzurunda!.."},"content":{"rendered":"<p>CHP Gen\u00e7lik Kollar\u0131 Genel Ba\u015fkan yard\u0131mc\u0131s\u0131 Eren Kurt ba\u015fkanl\u0131\u011f\u0131nda Muratpa\u015fa, D\u00f6\u015femealt\u0131, Konyaalt\u0131, Gazipa\u015fa, Elmal\u0131 Gen\u00e7lik Kollar\u0131 ve Halk\u00e7\u0131 Liseliler Antalya \u0130l \u00f6rg\u00fct\u00fcn\u00fc temsilen yakla\u015f\u0131k 300 gen\u00e7, CHP Antalya Milletvekili ve Parti Meclisi \u00dcyesi Devrim K\u00f6k ile birlikte 10 Kas\u0131m\u2019da Ulu \u00d6nder Mustafa Kemal Atat\u00fcrk\u2019\u00fcn manevi huzuruna \u00e7\u0131kt\u0131.<\/p>\n<p>Devrim K\u00f6k, \u201cUlu \u00d6nderimiz Mustafa Kemal Atat\u00fcrk\u2019\u00fc aram\u0131zdan ayr\u0131l\u0131\u015f\u0131n\u0131n 78. y\u0131l\u0131nda b\u00fcy\u00fck bir \u00f6zlemle, sayg\u0131yla, sevgiyle, minnetle an\u0131yorum. Gen\u00e7lik kollar\u0131ndan yeti\u015fen bir a\u011fabeyleri olarak gen\u00e7lerimizi Ankara\u2019da a\u011f\u0131rlamaktan son derece mutlu oldum. Atat\u00fcrk sadece kendi \u00fclkesinde de\u011fil, t\u00fcm d\u00fcnyada ezilen t\u00fcm halklar\u0131n, \u00f6zg\u00fcrl\u00fck ve ba\u011f\u0131ms\u0131zl\u0131k sava\u015f\u0131 veren t\u00fcm uluslar\u0131n \u0131\u015f\u0131\u011f\u0131, me\u015falesi olmu\u015f bir liderdir. Atam\u0131z\u0131n manevi huzurunda Antalya\u2019l\u0131 gen\u00e7lerle birlikte olmaktan daha \u00f6nemli bir \u015fey olamaz. Atam\u0131z\u0131n vasiyeti olan T\u00fcrkiye Cumhuriyetini koruyacak bu gen\u00e7lerimizdir. Onlar bizim gelece\u011fimizdir\u201d dedi.<\/p>\n<p>CHP Gen\u00e7lik Kollar\u0131 Genel Ba\u015fkan Yard\u0131mc\u0131s\u0131 Eren Kurt\u2019da, \u201c Antalya\u2019l\u0131 gen\u00e7ler olarak Atam\u0131z\u0131n bizlere emanet etti\u011fi T\u00fcrkiye Cumhuriyetinin, devrimlerinin sonuna kadar savunucusu olaca\u011f\u0131z. Bu g\u00fcn Atat\u00fcrk gen\u00e7li\u011fi olarak Atam\u0131z\u0131n manevi huzurunda olmak bizleri son derece duyguland\u0131rd\u0131. Bir tek ki\u015fi kalsak bile CHP gen\u00e7li\u011fi olarak birinci g\u00f6revimiz T\u00fcrk \u0130stiklalini ve T\u00fcrkiye Cumhuriyetini ilelebet korumak ve kollamak olacakt\u0131r. Atam\u0131z\u0131n \u00e7izdi\u011fi \u00e7a\u011fda\u015f uygarl\u0131k seviyesine \u00e7\u0131kmak i\u00e7in var g\u00fcc\u00fcm\u00fczle \u00e7al\u0131\u015faca\u011f\u0131z\u201d dedi.<\/p>\n<p>Kurt, buradan TBMM\u2019ye ge\u00e7en Antalya gen\u00e7lik grubumuzu Say\u0131n Genel Ba\u015fkan\u0131m\u0131z Kemal K\u0131l\u0131\u00e7daro\u011flu\u2019nun \u00d6zel Kalem M\u00fcd\u00fcr\u00fc \u015e\u00fckran K\u00fct\u00fck\u00e7\u00fc ve CHP PM \u00dcyesi Devrim K\u00f6k, CHP Meclis Grup salonunda a\u011f\u0131rlayarak Meclis ziyaretimizi ger\u00e7ekle\u015ftirmemize \u00f6nc\u00fcl\u00fck ettiler. Sabah\u0131n erken saatlerinden bu saate kadar bizleri yaln\u0131z b\u0131rakmayan,\u00a0 i\u00e7imizden biri olarak, bizlere s\u00fcrekli olarak kalbini, y\u00fcre\u011fini a\u00e7an de\u011ferli a\u011fabeyimiz,\u00a0 Say\u0131n Milletvekilimiz Devrim K\u00f6k\u2019e ve \u015e\u00fckran K\u00fct\u00fck\u00e7\u00fc\u2019ye t\u00fcm Antalya gen\u00e7li\u011fi olarak ayr\u0131ca te\u015fekk\u00fcr etmek istiyorum\u201d dedi.<\/p>\n\r\n                <style type=\"text\/css\">\r\n                    \r\n                    #tdi_1  .td-doubleSlider-2 .td-item1 {\r\n                        background: url(https:\/\/chpantalya.com\/wp-content\/uploads\/2016\/11\/GEN\u00c71-scaled.jpg) 0 0 no-repeat;\r\n                    }\r\n                    #tdi_1  .td-doubleSlider-2 .td-item2 {\r\n                        background: url(https:\/\/chpantalya.com\/wp-content\/uploads\/2016\/11\/GEN\u00c7L\u0130K3-scaled.jpg) 0 0 no-repeat;\r\n                    }\r\n                    #tdi_1  .td-doubleSlider-2 .td-item3 {\r\n                        background: url(https:\/\/chpantalya.com\/wp-content\/uploads\/2016\/11\/GEN\u00c7L\u0130K6-scaled.jpg) 0 0 no-repeat;\r\n                    }\r\n                    #tdi_1  .td-doubleSlider-2 .td-item4 {\r\n                        background: url(https:\/\/chpantalya.com\/wp-content\/uploads\/2016\/11\/GEN\u00c7L\u0130K11-scaled.jpg) 0 0 no-repeat;\r\n                    }\r\n                <\/style>\r\n\r\n                <div id=\"tdi_1\" class=\"td-gallery td-slide-on-2-columns\">\r\n                    <div class=\"post_td_gallery\">\r\n                        <div class=\"td-gallery-slide-top\">\r\n                           <div class=\"td-gallery-title\"><\/div>\r\n\r\n                            <div class=\"td-gallery-controls-wrapper\">\r\n                                <div class=\"td-gallery-slide-count\"><span class=\"td-gallery-slide-item-focus\">1<\/span> - 4<\/div>\r\n                                <div class=\"td-gallery-slide-prev-next-but\">\r\n                                    <i class = \"td-icon-left doubleSliderPrevButton\"><\/i>\r\n                                    <i class = \"td-icon-right doubleSliderNextButton\"><\/i>\r\n                                <\/div>\r\n                            <\/div>\r\n                        <\/div>\r\n\r\n                        <div class = \"td-doubleSlider-1 \">\r\n                            <div class = \"td-slider\">\r\n                                \r\n                    <div class = \"td-slide-item td-item1\">\r\n                        <figure class=\"td-slide-galery-figure td-slide-popup-gallery\">\r\n                            <a class=\"slide-gallery-image-link\" href=\"https:\/\/chpantalya.com\/wp-content\/uploads\/2016\/11\/GEN\u00c71-scaled.jpg\" title=\"genc1\"  data-caption=\"\"  data-description=\"\">\r\n                                <img src=\"https:\/\/chpantalya.com\/wp-content\/uploads\/2016\/11\/GEN\u00c71-699x420.jpg\" srcset=\"https:\/\/chpantalya.com\/wp-content\/uploads\/2016\/11\/GEN\u00c71-699x420.jpg 420w, https:\/\/chpantalya.com\/wp-content\/uploads\/2016\/11\/GEN\u00c71-scaled.jpg 840w\" sizes=\"(-webkit-min-device-pixel-ratio: 2) 840px, (min-resolution: 192dpi) 840px, 420px\" alt=\"\">\r\n                            <\/a>\r\n                            \r\n                        <\/figure>\r\n                    <\/div>\r\n                    <div class = \"td-slide-item td-item2\">\r\n                        <figure class=\"td-slide-galery-figure td-slide-popup-gallery\">\r\n                            <a class=\"slide-gallery-image-link\" href=\"https:\/\/chpantalya.com\/wp-content\/uploads\/2016\/11\/GEN\u00c7L\u0130K3-scaled.jpg\" title=\"genclik3\"  data-caption=\"\"  data-description=\"\">\r\n                                <img src=\"https:\/\/chpantalya.com\/wp-content\/uploads\/2016\/11\/GEN\u00c7L\u0130K3-765x420.jpg\" srcset=\"https:\/\/chpantalya.com\/wp-content\/uploads\/2016\/11\/GEN\u00c7L\u0130K3-765x420.jpg 420w, https:\/\/chpantalya.com\/wp-content\/uploads\/2016\/11\/GEN\u00c7L\u0130K3-scaled.jpg 840w\" sizes=\"(-webkit-min-device-pixel-ratio: 2) 840px, (min-resolution: 192dpi) 840px, 420px\" alt=\"\">\r\n                            <\/a>\r\n                            \r\n                        <\/figure>\r\n                    <\/div>\r\n                    <div class = \"td-slide-item td-item3\">\r\n                        <figure class=\"td-slide-galery-figure td-slide-popup-gallery\">\r\n                            <a class=\"slide-gallery-image-link\" href=\"https:\/\/chpantalya.com\/wp-content\/uploads\/2016\/11\/GEN\u00c7L\u0130K6-scaled.jpg\" title=\"genclik6\"  data-caption=\"\"  data-description=\"\">\r\n                                <img src=\"https:\/\/chpantalya.com\/wp-content\/uploads\/2016\/11\/GEN\u00c7L\u0130K6-630x420.jpg\" srcset=\"https:\/\/chpantalya.com\/wp-content\/uploads\/2016\/11\/GEN\u00c7L\u0130K6-630x420.jpg 420w, https:\/\/chpantalya.com\/wp-content\/uploads\/2016\/11\/GEN\u00c7L\u0130K6-scaled.jpg 840w\" sizes=\"(-webkit-min-device-pixel-ratio: 2) 840px, (min-resolution: 192dpi) 840px, 420px\" alt=\"\">\r\n                            <\/a>\r\n                            \r\n                        <\/figure>\r\n                    <\/div>\r\n                    <div class = \"td-slide-item td-item4\">\r\n                        <figure class=\"td-slide-galery-figure td-slide-popup-gallery\">\r\n                            <a class=\"slide-gallery-image-link\" href=\"https:\/\/chpantalya.com\/wp-content\/uploads\/2016\/11\/GEN\u00c7L\u0130K11-scaled.jpg\" title=\"genclik11\"  data-caption=\"\"  data-description=\"\">\r\n                                <img src=\"https:\/\/chpantalya.com\/wp-content\/uploads\/2016\/11\/GEN\u00c7L\u0130K11-630x420.jpg\" srcset=\"https:\/\/chpantalya.com\/wp-content\/uploads\/2016\/11\/GEN\u00c7L\u0130K11-630x420.jpg 420w, https:\/\/chpantalya.com\/wp-content\/uploads\/2016\/11\/GEN\u00c7L\u0130K11-scaled.jpg 840w\" sizes=\"(-webkit-min-device-pixel-ratio: 2) 840px, (min-resolution: 192dpi) 840px, 420px\" alt=\"\">\r\n                            <\/a>\r\n                            \r\n                        <\/figure>\r\n                    <\/div>\r\n                            <\/div>\r\n                        <\/div>\r\n\r\n                        <div class = \"td-doubleSlider-2\">\r\n                            <div class = \"td-slider\">\r\n                                \r\n                    <div class = \"td-button td-item1\">\r\n                        <div class = \"td-border\"><\/div>\r\n                    <\/div>\r\n                    <div class = \"td-button td-item2\">\r\n                        <div class = \"td-border\"><\/div>\r\n                    <\/div>\r\n                    <div class = \"td-button td-item3\">\r\n                        <div class = \"td-border\"><\/div>\r\n                    <\/div>\r\n                    <div class = \"td-button td-item4\">\r\n                        <div class = \"td-border\"><\/div>\r\n                    <\/div>\r\n                            <\/div>\r\n                        <\/div>\r\n\r\n                    <\/div>\r\n\r\n                <\/div>\r\n                \n","protected":false},"excerpt":{"rendered":"<p>CHP Gen\u00e7lik Kollar\u0131 Genel Ba\u015fkan yard\u0131mc\u0131s\u0131 Eren Kurt ba\u015fkanl\u0131\u011f\u0131nda Muratpa\u015fa, D\u00f6\u015femealt\u0131, Konyaalt\u0131, Gazipa\u015fa, Elmal\u0131 Gen\u00e7lik Kollar\u0131 ve Halk\u00e7\u0131 Liseliler Antalya \u0130l \u00f6rg\u00fct\u00fcn\u00fc temsilen yakla\u015f\u0131k 300 gen\u00e7, CHP Antalya Milletvekili ve Parti Meclisi \u00dcyesi Devrim K\u00f6k ile birlikte 10 Kas\u0131m\u2019da Ulu \u00d6nder Mustafa Kemal Atat\u00fcrk\u2019\u00fcn manevi huzuruna \u00e7\u0131kt\u0131. Devrim K\u00f6k, \u201cUlu \u00d6nderimiz Mustafa Kemal Atat\u00fcrk\u2019\u00fc aram\u0131zdan [&hellip;]<\/p>\n","protected":false},"author":1,"featured_media":12184,"comment_status":"closed","ping_status":"open","sticky":false,"template":"","format":"standard","meta":[],"categories":[61,51],"tags":[],"amp_enabled":true,"_links":{"self":[{"href":"https:\/\/chpantalya.com\/index.php?rest_route=\/wp\/v2\/posts\/12183"}],"collection":[{"href":"https:\/\/chpantalya.com\/index.php?rest_route=\/wp\/v2\/posts"}],"about":[{"href":"https:\/\/chpantalya.com\/index.php?rest_route=\/wp\/v2\/types\/post"}],"author":[{"embeddable":true,"href":"https:\/\/chpantalya.com\/index.php?rest_route=\/wp\/v2\/users\/1"}],"replies":[{"embeddable":true,"href":"https:\/\/chpantalya.com\/index.php?rest_route=%2Fwp%2Fv2%2Fcomments&post=12183"}],"version-history":[{"count":0,"href":"https:\/\/chpantalya.com\/index.php?rest_route=\/wp\/v2\/posts\/12183\/revisions"}],"wp:featuredmedia":[{"embeddable":true,"href":"https:\/\/chpantalya.com\/index.php?rest_route=\/wp\/v2\/media\/12184"}],"wp:attachment":[{"href":"https:\/\/chpantalya.com\/index.php?rest_route=%2Fwp%2Fv2%2Fmedia&parent=12183"}],"wp:term":[{"taxonomy":"category","embeddable":true,"href":"https:\/\/chpantalya.com\/index.php?rest_route=%2Fwp%2Fv2%2Fcategories&post=12183"},{"taxonomy":"post_tag","embeddable":true,"href":"https:\/\/chpantalya.com\/index.php?rest_route=%2Fwp%2Fv2%2Ftags&post=12183"}],"curies":[{"name":"wp","href":"https:\/\/api.w.org\/{rel}","templated":true}]}}