{"id":12445,"date":"2016-11-30T16:17:02","date_gmt":"2016-11-30T13:17:02","guid":{"rendered":"http:\/\/chpantalya.com\/?p=12445"},"modified":"2016-11-30T16:17:02","modified_gmt":"2016-11-30T13:17:02","slug":"turk-kadinina-secme-ve-secilme-hakki-verilisinin-82-yildonumunde-manavgattayiz","status":"publish","type":"post","link":"https:\/\/chpantalya.com\/?p=12445","title":{"rendered":"T\u00dcRK KADININA SE\u00c7ME VE SE\u00c7\u0130LME HAKKI\u201d VER\u0130L\u0130\u015e\u0130N\u0130N 82. YILD\u00d6N\u00dcM\u00dcNDE MANAVGAT\u2019TAYIZ"},"content":{"rendered":"<p>T\u00dcRK KADININA SE\u00c7ME VE SE\u00c7\u0130LME HAKKI\u201d VER\u0130L\u0130\u015e\u0130N\u0130N 82. YILD\u00d6N\u00dcM\u00dcNDE MANAVGAT\u2019TAYIZ<\/p>\n<p>CHP Antalya \u0130l Kad\u0131n Kollar\u0131 ve Manavgat \u0130l\u00e7e Kad\u0131n Kollar\u0131n\u0131n \u201c5 Aral\u0131k 1934 T\u00fcrk Kad\u0131n\u0131na Se\u00e7me ve Se\u00e7ilme Hakk\u0131\u201d verili\u015finin 82. Y\u0131ld\u00f6n\u00fcm\u00fcnde Manavgat\u2019ta kutluyor.<\/p>\n<p>CHP Antalya \u0130l Kad\u0131n Kollar\u0131 ve Manavgat \u0130l\u00e7e Kad\u0131n Kollar\u0131n\u0131n d\u00fczenledi\u011fi \u201c5 Aral\u0131k 1934 T\u00fcrk Kad\u0131n\u0131na Se\u00e7me ve Se\u00e7ilme Hakk\u0131\u201d verili\u015finin 82. y\u0131ld\u00f6n\u00fcm\u00fc nedeniyle 4 Aral\u0131k 2016 (Pazar G\u00fcn\u00fc) Saat 12.00\u2019de Manavgat Delta D\u00fc\u011f\u00fcn Salonunda etkinlik d\u00fczenliyor\u2026<\/p>\n<p>T\u00fcm hem\u015fehrilerimizi etkinli\u011fimize bekliyoruz.<\/p>\n","protected":false},"excerpt":{"rendered":"<p>T\u00dcRK KADININA SE\u00c7ME VE SE\u00c7\u0130LME HAKKI\u201d VER\u0130L\u0130\u015e\u0130N\u0130N 82. YILD\u00d6N\u00dcM\u00dcNDE MANAVGAT\u2019TAYIZ CHP Antalya \u0130l Kad\u0131n Kollar\u0131 ve Manavgat \u0130l\u00e7e Kad\u0131n Kollar\u0131n\u0131n \u201c5 Aral\u0131k 1934 T\u00fcrk Kad\u0131n\u0131na Se\u00e7me ve Se\u00e7ilme Hakk\u0131\u201d verili\u015finin 82. Y\u0131ld\u00f6n\u00fcm\u00fcnde Manavgat\u2019ta kutluyor. CHP Antalya \u0130l Kad\u0131n Kollar\u0131 ve Manavgat \u0130l\u00e7e Kad\u0131n Kollar\u0131n\u0131n d\u00fczenledi\u011fi \u201c5 Aral\u0131k 1934 T\u00fcrk Kad\u0131n\u0131na Se\u00e7me ve Se\u00e7ilme Hakk\u0131\u201d verili\u015finin [&hellip;]<\/p>\n","protected":false},"author":1,"featured_media":12446,"comment_status":"closed","ping_status":"open","sticky":false,"template":"","format":"standard","meta":[],"categories":[49],"tags":[],"amp_enabled":true,"_links":{"self":[{"href":"https:\/\/chpantalya.com\/index.php?rest_route=\/wp\/v2\/posts\/12445"}],"collection":[{"href":"https:\/\/chpantalya.com\/index.php?rest_route=\/wp\/v2\/posts"}],"about":[{"href":"https:\/\/chpantalya.com\/index.php?rest_route=\/wp\/v2\/types\/post"}],"author":[{"embeddable":true,"href":"https:\/\/chpantalya.com\/index.php?rest_route=\/wp\/v2\/users\/1"}],"replies":[{"embeddable":true,"href":"https:\/\/chpantalya.com\/index.php?rest_route=%2Fwp%2Fv2%2Fcomments&post=12445"}],"version-history":[{"count":0,"href":"https:\/\/chpantalya.com\/index.php?rest_route=\/wp\/v2\/posts\/12445\/revisions"}],"wp:featuredmedia":[{"embeddable":true,"href":"https:\/\/chpantalya.com\/index.php?rest_route=\/wp\/v2\/media\/12446"}],"wp:attachment":[{"href":"https:\/\/chpantalya.com\/index.php?rest_route=%2Fwp%2Fv2%2Fmedia&parent=12445"}],"wp:term":[{"taxonomy":"category","embeddable":true,"href":"https:\/\/chpantalya.com\/index.php?rest_route=%2Fwp%2Fv2%2Fcategories&post=12445"},{"taxonomy":"post_tag","embeddable":true,"href":"https:\/\/chpantalya.com\/index.php?rest_route=%2Fwp%2Fv2%2Ftags&post=12445"}],"curies":[{"name":"wp","href":"https:\/\/api.w.org\/{rel}","templated":true}]}}