{"id":12544,"date":"2016-12-20T13:38:25","date_gmt":"2016-12-20T10:38:25","guid":{"rendered":"http:\/\/chpantalya.com\/?p=12544"},"modified":"2016-12-20T13:38:25","modified_gmt":"2016-12-20T10:38:25","slug":"budak-rus-buyukelciye-yapilan-saldiriyi-kiniyorum","status":"publish","type":"post","link":"https:\/\/chpantalya.com\/?p=12544","title":{"rendered":"-BUDAK: \u201cRUS B\u00dcY\u00dcKEL\u00c7\u0130\u2019YE YAPILAN SALDIRIYI KINIYORUM\u201d"},"content":{"rendered":"<p><strong>-\u201cSU\u0130KAST\u0130N T\u00dcRK\u0130YE-RUSYA \u0130L\u0130\u015eK\u0130LER\u0130N\u0130 OLUMSUZ ETK\u0130LEMEMES\u0130N\u0130 TEMENN\u0130 ED\u0130YORUM\u201d<\/strong><\/p>\n<p><strong>CHP Genel Ba\u015fkan Yard\u0131mc\u0131s\u0131 \u00c7etin Osman Budak, T\u00fcrkiye-Rusya ili\u015fkilerinin geli\u015fti\u011fi bir d\u00f6nemde Rus B\u00fcy\u00fckel\u00e7i Andrey Karlov\u2019un hedef al\u0131nmas\u0131yla, iki \u00fclke aras\u0131ndaki ili\u015fkinin bozulmas\u0131n\u0131n ama\u00e7land\u0131\u011f\u0131n\u0131 belirterek, \u201cT\u00f6rer bir insanl\u0131k su\u00e7udur. Say\u0131n Karlov\u2019un a\u015fa\u011f\u0131l\u0131k bir suikast sonucu ya\u015fam\u0131n\u0131 yitirmesi nedeniyle ailesine, dostumuz Rus halk\u0131na ba\u015fsa\u011fl\u0131\u011f\u0131 diliyorum\u201d dedi.<\/strong><\/p>\n<p>CHP Genel Ba\u015fkan Yard\u0131mc\u0131s\u0131 ve Antalya Milletvekili \u00c7etin Osman Budak, yapt\u0131\u011f\u0131 yaz\u0131l\u0131 a\u00e7\u0131klamada Rusya\u2019n\u0131n Ankara B\u00fcy\u00fckel\u00e7isi Andrey Karlov\u2019a y\u00f6nelik suikast\u0131 k\u0131nad\u0131. Budak, \u201c\u00c7ok \u00fcz\u00fcc\u00fc bir olay. Say\u0131n Karlov\u2019un ailesine ve Rus halk\u0131na ba\u015fsa\u011fl\u0131\u011f\u0131 diliyorum. Say\u0131n Karlov, bozulan T\u00fcrk-Rus ili\u015fkilerini d\u00fczeltmek i\u00e7in bir kuyumcu titizli\u011fiyle gayret eden T\u00fcrk dostu bir diplomatt\u0131. Say\u0131n Karlov\u2019un, T\u00fcrkiye-Rusya ili\u015fkilerinin olumlu bir d\u00f6neme girmesi, ili\u015fkilerin geli\u015fmesi nedeniyle hedef al\u0131nd\u0131\u011f\u0131n\u0131 d\u00fc\u015f\u00fcn\u00fcyorum. Bu a\u015fa\u011f\u0131l\u0131k suikast\u0131n, T\u00fcrkiye-Rusya ili\u015fkilerinin bozulmas\u0131na neden olmamas\u0131n\u0131 temenni ediyorum\u201d dedi.<\/p>\n<p>T\u00fcrkiye-Rusya aras\u0131ndaki ili\u015fkin bir y\u0131l i\u00e7inde ikinci kez s\u0131nand\u0131\u011f\u0131na dikkat \u00e7eken Budak, \u201cT\u00fcrkiye ve Rusya 24 Kas\u0131m 2015\u2019te bir u\u00e7ak krizi ya\u015fad\u0131. S\u00fcrecin iyi y\u00f6netilmemesi nedeniyle T\u00fcrkiye ve Rusya zarar g\u00f6rd\u00fc. \u0130li\u015fkiler yeniden ray\u0131na otururken, \u015fimdi bu karanl\u0131k suikast ger\u00e7ekle\u015fti. Bu olay\u0131n en k\u0131sa s\u00fcrede t\u00fcm y\u00f6nleriyle ortaya konmas\u0131 gerekir. 24 Kas\u0131m benzeri bir s\u00fcrecin ya\u015fanmamas\u0131 i\u00e7in i\u015fbirli\u011fi ve so\u011fukkanl\u0131 bir \u015fekilde olay ayd\u0131nlat\u0131lmal\u0131d\u0131r. T\u00fcrkiye-Rusya ili\u015fkilerinin bozulmas\u0131, bu sald\u0131r\u0131n\u0131n amac\u0131na ula\u015fmas\u0131 demektir. Buna izin verilmemelidir. Ter\u00f6r bir insanl\u0131k su\u00e7udur. Ter\u00f6re kar\u015f\u0131 \u00e7\u0131kmak y\u00fcre\u011finde insan sevgisi olan herkesin temel g\u00f6revidir. Amac\u0131 ne olursa olsun, nereden gelirse gelsin her t\u00fcrl\u00fc ter\u00f6r eylemini \u015fiddetle k\u0131n\u0131yorum \u201d diye konu\u015ftu.<\/p>\n","protected":false},"excerpt":{"rendered":"<p>-\u201cSU\u0130KAST\u0130N T\u00dcRK\u0130YE-RUSYA \u0130L\u0130\u015eK\u0130LER\u0130N\u0130 OLUMSUZ ETK\u0130LEMEMES\u0130N\u0130 TEMENN\u0130 ED\u0130YORUM\u201d CHP Genel Ba\u015fkan Yard\u0131mc\u0131s\u0131 \u00c7etin Osman Budak, T\u00fcrkiye-Rusya ili\u015fkilerinin geli\u015fti\u011fi bir d\u00f6nemde Rus B\u00fcy\u00fckel\u00e7i Andrey Karlov\u2019un hedef al\u0131nmas\u0131yla, iki \u00fclke aras\u0131ndaki ili\u015fkinin bozulmas\u0131n\u0131n ama\u00e7land\u0131\u011f\u0131n\u0131 belirterek, \u201cT\u00f6rer bir insanl\u0131k su\u00e7udur. Say\u0131n Karlov\u2019un a\u015fa\u011f\u0131l\u0131k bir suikast sonucu ya\u015fam\u0131n\u0131 yitirmesi nedeniyle ailesine, dostumuz Rus halk\u0131na ba\u015fsa\u011fl\u0131\u011f\u0131 diliyorum\u201d dedi. CHP Genel Ba\u015fkan [&hellip;]<\/p>\n","protected":false},"author":1,"featured_media":12545,"comment_status":"closed","ping_status":"open","sticky":false,"template":"","format":"standard","meta":[],"categories":[52,35],"tags":[],"amp_enabled":true,"_links":{"self":[{"href":"https:\/\/chpantalya.com\/index.php?rest_route=\/wp\/v2\/posts\/12544"}],"collection":[{"href":"https:\/\/chpantalya.com\/index.php?rest_route=\/wp\/v2\/posts"}],"about":[{"href":"https:\/\/chpantalya.com\/index.php?rest_route=\/wp\/v2\/types\/post"}],"author":[{"embeddable":true,"href":"https:\/\/chpantalya.com\/index.php?rest_route=\/wp\/v2\/users\/1"}],"replies":[{"embeddable":true,"href":"https:\/\/chpantalya.com\/index.php?rest_route=%2Fwp%2Fv2%2Fcomments&post=12544"}],"version-history":[{"count":0,"href":"https:\/\/chpantalya.com\/index.php?rest_route=\/wp\/v2\/posts\/12544\/revisions"}],"wp:featuredmedia":[{"embeddable":true,"href":"https:\/\/chpantalya.com\/index.php?rest_route=\/wp\/v2\/media\/12545"}],"wp:attachment":[{"href":"https:\/\/chpantalya.com\/index.php?rest_route=%2Fwp%2Fv2%2Fmedia&parent=12544"}],"wp:term":[{"taxonomy":"category","embeddable":true,"href":"https:\/\/chpantalya.com\/index.php?rest_route=%2Fwp%2Fv2%2Fcategories&post=12544"},{"taxonomy":"post_tag","embeddable":true,"href":"https:\/\/chpantalya.com\/index.php?rest_route=%2Fwp%2Fv2%2Ftags&post=12544"}],"curies":[{"name":"wp","href":"https:\/\/api.w.org\/{rel}","templated":true}]}}