{"id":12547,"date":"2016-12-21T12:13:19","date_gmt":"2016-12-21T09:13:19","guid":{"rendered":"http:\/\/chpantalya.com\/?p=12547"},"modified":"2016-12-21T12:13:19","modified_gmt":"2016-12-21T09:13:19","slug":"budak-akp-hukumetinin-derdi-esnaf-degil-turgev","status":"publish","type":"post","link":"https:\/\/chpantalya.com\/?p=12547","title":{"rendered":"BUDAK: \u201cAKP H\u00dcK\u00dcMET\u0130N\u0130N DERD\u0130 ESNAF DE\u011e\u0130L T\u00dcRGEV\u201d"},"content":{"rendered":"<p><strong>-\u201cMU\u011eLAK \u0130FADELERLE S\u0130C\u0130L AFFI SONU\u00c7 VERMEZ\u201d<\/strong><\/p>\n<p><strong>-\u201cKAMU TA\u015eINMAZLARI 49 YILLI\u011eINA T\u00dcRGEV\u2019E DE\u011e\u0130L, YURTKUR\u2019A VER\u0130LS\u0130N\u201d<\/strong><\/p>\n<p><strong>CHP Genel Ba\u015fkan Yard\u0131mc\u0131s\u0131 \u00c7etin Osman Budak, AKP H\u00fck\u00fcmeti\u2019nin esnaf ve KOB\u0130\u2019lerle ilgili g\u00fcndeme getirdi\u011fi sicil aff\u0131 d\u00fczenlemesinin i\u00e7ine T\u00dcRGEV\u2019e 49 y\u0131ll\u0131k bedelsiz tahsis h\u00fckm\u00fcn\u00fcn eklenmesine tepki g\u00f6stererek, \u201cBu haliyle sicil aff\u0131n\u0131n i\u015flemesi m\u00fcmk\u00fcn de\u011fil.\u00a0 H\u00fck\u00fcmetin derdi esnaf de\u011fil T\u00dcRGEV\u2019mi\u015f. Kamu ta\u015f\u0131nmazlar\u0131 49 y\u0131ll\u0131\u011f\u0131na hem de bedelsiz olarak T\u00dcRGEV ve yanda\u015f vak\u0131flara verilecek. Ekonominin onca sorunu varken, T\u00fcrkiye i\u00e7te ve d\u0131\u015fta b\u00fcy\u00fck s\u0131k\u0131nt\u0131 ya\u015farken H\u00fck\u00fcmetin g\u00fcndemi yine T\u00dcRGEV\u201d dedi.<\/strong><\/p>\n<p>CHP Genel Ba\u015fkan Yard\u0131mc\u0131s\u0131 ve Antalya Milletvekili \u00c7etin Osman Budak, yapt\u0131\u011f\u0131 yaz\u0131l\u0131 a\u00e7\u0131klamada AKP H\u00fck\u00fcmeti\u2019nin TBMM\u2019ye g\u00f6nderdi\u011fi ve i\u00e7inde esnaf ve KOB\u0130\u2019lere sicil aff\u0131n\u0131 da \u00f6ng\u00f6ren tasar\u0131y\u0131 ele\u015ftirdi. AKP H\u00fck\u00fcmetlerinin i\u00e7 ve d\u0131\u015f politikadaki b\u00fcy\u00fck yanl\u0131\u015flar\u0131 nedeniyle ekonomide ciddi bir s\u0131k\u0131nt\u0131n\u0131n ortaya \u00e7\u0131kt\u0131\u011f\u0131n\u0131, bunun ba\u015fta turizm sekt\u00f6r\u00fc, esnaf ve KOB\u0130\u2019ler olmak \u00fczere t\u00fcm sekt\u00f6rleri olumsuz etkiledi\u011fini kaydeden Budak<strong>, <\/strong>a\u00e7\u0131lan paketlerin de \u00e7\u00f6z\u00fcm getirmekten uzak oldu\u011funu s\u00f6yledi.\u00a0 Budak, \u201cAKP H\u00fck\u00fcmeti sorunlara ortak ak\u0131lla kal\u0131c\u0131 \u00e7\u00f6z\u00fcmler \u00fcretmek yerine, g\u00fcn\u00fc kurtarmaya \u00e7al\u0131\u015f\u0131yor. Bu nedenle de do\u011fru kurgulanmam\u0131\u015f, \u00e7\u00f6z\u00fcm getirmekten uzak paketler g\u00fcndeme getiriliyor. S\u00fcrekli paket a\u00e7\u0131klan\u0131yor ama s\u0131k\u0131nt\u0131lar bitmiyor. \u00d6ncelikle \u2018ben yapt\u0131m oldu\u2019 anlay\u0131\u015f\u0131ndan vaz ge\u00e7ilmeli\u201d dedi. Kredi Garanti Fonu kefaletiyle esnaf ve KOB\u0130\u2019lere 250 milyar TL\u2019ye kadar kredi verilmesine ili\u015fkin a\u00e7\u0131klanan paketin de benzer sorunlar\u0131 bar\u0131nd\u0131rd\u0131\u011f\u0131n\u0131 kaydeden Budak, \u201cPaket a\u00e7\u0131klan\u0131yor ama i\u00e7inde sicil aff\u0131 yok. Sicili d\u00fczg\u00fcn esnaf ve KOB\u0130 kalmam\u0131\u015f ki, bu kredileri alabilsin. Sonra sicil aff\u0131 diye bir tasar\u0131 TBMM\u2019ye g\u00f6nderiliyor, bak\u0131yorsunuz orada da yine mu\u011flak ifadeler var. Tasar\u0131\u2019da \u2018<strong>Risk Merkezi nezdinde tutulan kay\u0131tlar, bu ki\u015filere yap\u0131lan finansal i\u015flemlerde kredi kurulu\u015flar\u0131 ve finans kurulu\u015flar\u0131 taraf\u0131ndan al\u0131nmayabilir\u2019<\/strong> deniyor. Yani bir kesinlik yok. Bankalar, sicil aff\u0131n\u0131 dikkate al\u0131p almamakta serbest. Buna sicil aff\u0131 denmez, denemez\u201d diye konu\u015ftu.<\/p>\n<p><strong>ESNAFA S\u0130C\u0130L AFFI MU\u011eLAK T\u00dcRGEV\u2019E 49 YIL SOMUT<\/strong><\/p>\n<p>Sicil d\u00fczenlemesi ile ilgili torba kanun tasar\u0131s\u0131n\u0131n i\u00e7ine ba\u015fta T\u00dcRGEV olmak \u00fczere yanda\u015f vak\u0131flara kamu ta\u015f\u0131nmazlar\u0131n\u0131n devri i\u00e7in \u00f6zel h\u00fck\u00fcmler konuldu\u011funa dikkat \u00e7eken Budak, \u015f\u00f6yle devam etti:<\/p>\n<p>\u201cEkonomi b\u00fcy\u00fck bir s\u0131k\u0131nt\u0131 i\u00e7indeyken, T\u00fcrkiye i\u00e7eride ve d\u0131\u015farda onlarca sorunla u\u011fra\u015f\u0131rken, AKP H\u00fck\u00fcmetlerinin derdi hala T\u00dcRGEV ve yanda\u015f vak\u0131flar. Bu anlay\u0131\u015f\u0131 k\u0131n\u0131yorum.\u00a0 Esnaf tasar\u0131s\u0131n\u0131n i\u00e7inde T\u00dcRGEV\u2019in ne i\u015fi var. Bakanlar Kurulunca vergi muafiyeti tan\u0131nan e\u011fitime hizmet ve yurt yapma amac\u0131 g\u00fcden vak\u0131flara, kamu ta\u015f\u0131nmazlar\u0131n\u0131n 49 y\u0131ll\u0131\u011f\u0131na ve bedelsiz olarak tahsisinin \u00f6n\u00fc a\u00e7\u0131l\u0131yor. Daha \u00f6nce bedelli olarak yap\u0131lan tahsisler de bedelsize \u00e7evrilebilecek. Tasar\u0131\u2019n\u0131n 18 ve 19\u2019uncu maddelerinin T\u00dcRGEV i\u00e7in getirildi\u011fi a\u00e7\u0131k. AKP vak\u0131f k\u00fclt\u00fcr\u00fcn\u00fc, hay\u0131r k\u00fclt\u00fcr\u00fcn\u00fc de dejenere etti. Kamunun olanaklar\u0131yla hay\u0131r i\u015fi yap\u0131lmaz. E\u011fer \u00fclkenin yurt sorunu varsa, kamunun olanaklar\u0131 bu i\u015fle g\u00f6revli Milli E\u011fitim Bakanl\u0131\u011f\u0131\u2019na, YURTKUR\u2019a verilsin. Vak\u0131f yurtlar\u0131nda nelerin ya\u015fand\u0131\u011f\u0131 ortada. Bundan ders \u00e7\u0131karmak yerine kamu kaynaklar\u0131n\u0131n daha fazla \u015fekilde vak\u0131flara aktar\u0131lmas\u0131n\u0131n \u00f6n\u00fc a\u00e7\u0131l\u0131yor. Bu durum hukuki de de\u011fil, ahlaki de de\u011fil.\u201d<\/p>\n","protected":false},"excerpt":{"rendered":"<p>-\u201cMU\u011eLAK \u0130FADELERLE S\u0130C\u0130L AFFI SONU\u00c7 VERMEZ\u201d -\u201cKAMU TA\u015eINMAZLARI 49 YILLI\u011eINA T\u00dcRGEV\u2019E DE\u011e\u0130L, YURTKUR\u2019A VER\u0130LS\u0130N\u201d CHP Genel Ba\u015fkan Yard\u0131mc\u0131s\u0131 \u00c7etin Osman Budak, AKP H\u00fck\u00fcmeti\u2019nin esnaf ve KOB\u0130\u2019lerle ilgili g\u00fcndeme getirdi\u011fi sicil aff\u0131 d\u00fczenlemesinin i\u00e7ine T\u00dcRGEV\u2019e 49 y\u0131ll\u0131k bedelsiz tahsis h\u00fckm\u00fcn\u00fcn eklenmesine tepki g\u00f6stererek, \u201cBu haliyle sicil aff\u0131n\u0131n i\u015flemesi m\u00fcmk\u00fcn de\u011fil.\u00a0 H\u00fck\u00fcmetin derdi esnaf de\u011fil T\u00dcRGEV\u2019mi\u015f. Kamu [&hellip;]<\/p>\n","protected":false},"author":1,"featured_media":12501,"comment_status":"closed","ping_status":"open","sticky":false,"template":"","format":"standard","meta":[],"categories":[52,35],"tags":[],"amp_enabled":true,"_links":{"self":[{"href":"https:\/\/chpantalya.com\/index.php?rest_route=\/wp\/v2\/posts\/12547"}],"collection":[{"href":"https:\/\/chpantalya.com\/index.php?rest_route=\/wp\/v2\/posts"}],"about":[{"href":"https:\/\/chpantalya.com\/index.php?rest_route=\/wp\/v2\/types\/post"}],"author":[{"embeddable":true,"href":"https:\/\/chpantalya.com\/index.php?rest_route=\/wp\/v2\/users\/1"}],"replies":[{"embeddable":true,"href":"https:\/\/chpantalya.com\/index.php?rest_route=%2Fwp%2Fv2%2Fcomments&post=12547"}],"version-history":[{"count":0,"href":"https:\/\/chpantalya.com\/index.php?rest_route=\/wp\/v2\/posts\/12547\/revisions"}],"wp:featuredmedia":[{"embeddable":true,"href":"https:\/\/chpantalya.com\/index.php?rest_route=\/wp\/v2\/media\/12501"}],"wp:attachment":[{"href":"https:\/\/chpantalya.com\/index.php?rest_route=%2Fwp%2Fv2%2Fmedia&parent=12547"}],"wp:term":[{"taxonomy":"category","embeddable":true,"href":"https:\/\/chpantalya.com\/index.php?rest_route=%2Fwp%2Fv2%2Fcategories&post=12547"},{"taxonomy":"post_tag","embeddable":true,"href":"https:\/\/chpantalya.com\/index.php?rest_route=%2Fwp%2Fv2%2Ftags&post=12547"}],"curies":[{"name":"wp","href":"https:\/\/api.w.org\/{rel}","templated":true}]}}