{"id":15238,"date":"2018-01-12T15:43:34","date_gmt":"2018-01-12T12:43:34","guid":{"rendered":"http:\/\/chpantalya.com\/?p=15238"},"modified":"2018-05-17T23:45:35","modified_gmt":"2018-05-17T20:45:35","slug":"ohal-kaldirilsin-demokrasi-istiyoruz","status":"publish","type":"post","link":"https:\/\/chpantalya.com\/?p=15238","title":{"rendered":"OHAL KALDIRILSIN, DEMOKRAS\u0130 \u0130ST\u0130YORUZ!"},"content":{"rendered":"<p>CHP \u0130l Ba\u015fkan\u0131 Ahmet Kumbul, OHAL&#8217;in kald\u0131r\u0131lmas\u0131 ve T\u00fcrkiye&#8217;nin yeniden demokrasiye d\u00f6nerek normalle\u015fmesi ile ilgili 81 \u0130limizde ortak bas\u0131n a\u00e7\u0131klamas\u0131 d\u00fczenlediler.<\/p>\n<p><em>CHP \u0130l Ba\u015fkan\u0131 Ahmet Kumbul, Devir teslim t\u00f6reninden sonra yapt\u0131\u011f\u0131 a\u00e7\u0131klamas\u0131nda \u015funlar\u0131 s\u00f6yledi; <\/em><\/p>\n<p>\u00dclkemiz on sekiz aydan bu yana OHAL rejimi ile y\u00f6netilmektedir. 15 Temmuz 2016\u2019da ger\u00e7ekle\u015fen hain darbe giri\u015fimi ard\u0131ndan 20 Temmuz\u2019da ilan edilen OHAL, milli iradeye, demokrasiye, insan haklar\u0131na ve \u00f6zg\u00fcrl\u00fcklere y\u00f6nelik bir kar\u015f\u0131 darbe halini alm\u0131\u015ft\u0131r.<\/p>\n<p>Darbe ve darbecilerle m\u00fccadele bahanesi ile ba\u015flayan OHAL, gelinen s\u00fcre\u00e7te iktidar partisinin kar\u015f\u0131s\u0131nda duran t\u00fcm muhalif kesimlere y\u00f6nelik bir sindirme operasyonuna d\u00f6n\u00fc\u015fm\u00fc\u015ft\u00fcr. AKP iktidar\u0131 ilk g\u00fcnden bu yana, darbecilerle m\u00fccadele de\u011fil, tek adam d\u00fczeninin kar\u015f\u0131s\u0131nda demokrasiden yana olan kesimlerle m\u00fccadele etmektedir. Her ge\u00e7en g\u00fcn bask\u0131n\u0131n s\u0131n\u0131rlar\u0131 geni\u015flemekte ve sa\u011fc\u0131 solcu ay\u0131rmadan toplumun b\u00fcy\u00fck bir kesimi ter\u00f6rist olarak su\u00e7lanmaktad\u0131r. Toplumda a\u00e7\u0131lan \u00e7atlaklar geni\u015fletilerek derin \u00e7ukurlar haline getirilmektedir.<\/p>\n<p>\u0130ktidara gelirken OHAL\u2019i kald\u0131rma vaadiyle yola \u00e7\u0131kanlar, bug\u00fcn OHAL\u2019den beslenen ve bir bask\u0131 rejimini KHK\u2019lar eliyle kuran bir yap\u0131 haline gelmi\u015ftir. Demokrasiden h\u0131zla uzakla\u015f\u0131l\u0131rken, OHAL alt\u0131nda gidilen referandum da m\u00fch\u00fcrs\u00fcz se\u00e7im olarak tarihe ge\u00e7mi\u015f, milli iradenin gasp\u0131 alenile\u015fmi\u015ftir. H\u00fck\u00fcmetin bask\u0131lar\u0131 t\u00fcm kurumlar\u0131 sarm\u0131\u015ft\u0131r. Parlamenter demokrasiye kar\u015f\u0131 giri\u015filen harek\u00e2t\u0131n usuls\u00fczl\u00fckleri, Anayasay\u0131 yok sayan kararlarla s\u00f6zde tescil edilmi\u015ftir. T\u00fcrkiye\u2019de Anayasa fiilen la\u011fvedilmi\u015f, hukuk ask\u0131ya al\u0131nm\u0131\u015ft\u0131r. Yemin ettikleri Anayasa\u2019y\u0131 savunmak yerine c\u00fcbbelerini iliklemeye \u00e7al\u0131\u015fan kimi y\u00fcksek yarg\u0131 mensuplar\u0131 ile birlikte, OHAL kanunsuzluklar\u0131 adeta zor kullan\u0131larak resmile\u015ftirilmi\u015ftir.<\/p>\n<p>12 Eyl\u00fcl askeri darbesinde bile g\u00f6r\u00fclmeyen hukuk d\u0131\u015f\u0131l\u0131klar, insan hakk\u0131 ihlalleri ve \u00f6zg\u00fcrl\u00fcklerin k\u0131s\u0131tlanmas\u0131 bug\u00fcn T\u00fcrkiye\u2019nin normali haline getirilmek istenmektedir. Y\u00fcz binlere ula\u015fan ihra\u00e7 ve tutuklamalar dalgas\u0131, darbecilerle uzaktan yak\u0131ndan ilgisi olmayan yurtta\u015flar\u0131 da i\u00e7ine katm\u0131\u015f, yarg\u0131s\u0131z infazlarla dikta rejiminin muhalifleri cezaland\u0131rma arac\u0131 olarak kullan\u0131lm\u0131\u015f ve kullan\u0131lmaya da devam etmektedir. \u0130ktidar partisinin FET\u00d6 ile el ele vatanseverlere kumpas kurdu\u011fu y\u0131llarda, bu ter\u00f6r \u00f6rg\u00fct\u00fc ile m\u00fccadele eden ve bu y\u00fczden cezaland\u0131r\u0131lan gazeteciler, siyasiler ve akademisyenler gibi yurtta\u015flara, bug\u00fcn FET\u00d6 yaftas\u0131 vurulmaya \u00e7al\u0131\u015f\u0131lmaktad\u0131r.<\/p>\n<p>OHAL KHK\u2019lar\u0131, toplumun \u00fczerinde sallanan bir k\u0131l\u0131\u00e7 olarak, seslerini y\u00fckseltmek isteyen t\u00fcm kesimlere y\u00f6nelik bir silah halini alm\u0131\u015ft\u0131r. Anayasay\u0131 yok sayan bir anlay\u0131\u015f ile, KHK\u2019lar yasal kapsam\u0131ndan \u00e7\u0131kar\u0131lm\u0131\u015f, yetki \u00e7er\u00e7evesini a\u015fm\u0131\u015ft\u0131r. K\u0131\u015f lasti\u011fi ve epilasyon merkezleriyle ilgili d\u00fczenlemeler dahi KHK konusu yap\u0131l\u0131rken, demokratik kitle \u00f6rg\u00fctlerinin, gazetelerin ve dergilerin kapat\u0131lmas\u0131 iktidar\u0131n \u00f6v\u00fcnd\u00fc\u011f\u00fc icraatlar\u0131 olmu\u015ftur. KHK\u2019lar hukuku katletmenin bir yolu olarak amans\u0131zca kullan\u0131l\u0131rken, haks\u0131zl\u0131\u011fa u\u011frat\u0131lan y\u00fcz binlerce ta\u015feron i\u015f\u00e7isinin hak arama yolunun kapat\u0131lmas\u0131n\u0131n da arac\u0131 olmu\u015ftur.<\/p>\n<p>B\u00f6ylesi bir ortamda, Cumhuriyet Halk Partisi ilk g\u00fcnden bu yana Cumhuriyetin temel de\u011ferlerini savunmaya, bask\u0131 rejimine kar\u015f\u0131 parlamenter demokrasiden ve \u00f6zg\u00fcrl\u00fcklerden yana olan m\u00fccadelesini kararl\u0131l\u0131kla s\u00fcrd\u00fcrmeye devam etmektedir. T\u00fcrkiye\u2019nin kurucu partisi kimli\u011fi ve tarihsel sorumluluklar\u0131 do\u011frultusunda Cumhuriyet Halk Partisi olarak, \u00fclkemizin d\u00fcnyadan soyutlanm\u0131\u015f bir diktat\u00f6rl\u00fc\u011fe evrilmesine ve evrensel hukuk kurallar\u0131ndan kopar\u0131lmas\u0131na seyirci kalmayaca\u011f\u0131m\u0131z\u0131 bir kez daha alt\u0131n\u0131 \u00e7izerek ifade ediyoruz.<\/p>\n<p>Toplumun t\u00fcm kesimlerini do\u011frudan etkileyen, i\u015f d\u00fcnyas\u0131ndan sivil topluma, emek\u00e7ilerden yarg\u0131ya, medyadan e\u011fitime kadar, herkese dokunan OHAL\u2019in bir kez daha uzat\u0131lmas\u0131 g\u00fcndemde iken, CHP olarak bir \u00e7a\u011fr\u0131 yap\u0131yoruz. 15 Ocak 2018 g\u00fcn\u00fc Ankara\u2019da d\u00fczenlenecek OHAL Forumu ile sivil darbenin \u00fclkemizde a\u00e7t\u0131\u011f\u0131 derin yaray\u0131 bir kez daha hayk\u0131racak ve tek adam rejimine kar\u015f\u0131 duran, demokrasiden yana t\u00fcm kesimlerin kendilerini ifade edece\u011fi bir bulu\u015fmay\u0131 sa\u011flayaca\u011f\u0131z.<\/p>\n<p>Bu ola\u011fan\u00fcst\u00fcl\u00fc\u011f\u00fc normalle\u015ftirmeye \u00e7al\u0131\u015fanlara kar\u015f\u0131 CHP, Demokratik Kitle \u00d6rg\u00fctleri ve Sendikalar olarak bir kez daha ifade ediyoruz; OHAL\u2019e art\u0131k yeter, OHAL kald\u0131r\u0131ls\u0131n, demokrasi istiyoruz!<\/p>\n","protected":false},"excerpt":{"rendered":"<p>CHP \u0130l Ba\u015fkan\u0131 Ahmet Kumbul, OHAL&#8217;in kald\u0131r\u0131lmas\u0131 ve T\u00fcrkiye&#8217;nin yeniden demokrasiye d\u00f6nerek normalle\u015fmesi ile ilgili 81 \u0130limizde ortak bas\u0131n a\u00e7\u0131klamas\u0131 d\u00fczenlediler. CHP \u0130l Ba\u015fkan\u0131 Ahmet Kumbul, Devir teslim t\u00f6reninden sonra yapt\u0131\u011f\u0131 a\u00e7\u0131klamas\u0131nda \u015funlar\u0131 s\u00f6yledi; \u00dclkemiz on sekiz aydan bu yana OHAL rejimi ile y\u00f6netilmektedir. 15 Temmuz 2016\u2019da ger\u00e7ekle\u015fen hain darbe giri\u015fimi ard\u0131ndan 20 Temmuz\u2019da ilan [&hellip;]<\/p>\n","protected":false},"author":1,"featured_media":15240,"comment_status":"closed","ping_status":"open","sticky":false,"template":"","format":"standard","meta":[],"categories":[59],"tags":[],"amp_enabled":true,"_links":{"self":[{"href":"https:\/\/chpantalya.com\/index.php?rest_route=\/wp\/v2\/posts\/15238"}],"collection":[{"href":"https:\/\/chpantalya.com\/index.php?rest_route=\/wp\/v2\/posts"}],"about":[{"href":"https:\/\/chpantalya.com\/index.php?rest_route=\/wp\/v2\/types\/post"}],"author":[{"embeddable":true,"href":"https:\/\/chpantalya.com\/index.php?rest_route=\/wp\/v2\/users\/1"}],"replies":[{"embeddable":true,"href":"https:\/\/chpantalya.com\/index.php?rest_route=%2Fwp%2Fv2%2Fcomments&post=15238"}],"version-history":[{"count":0,"href":"https:\/\/chpantalya.com\/index.php?rest_route=\/wp\/v2\/posts\/15238\/revisions"}],"wp:featuredmedia":[{"embeddable":true,"href":"https:\/\/chpantalya.com\/index.php?rest_route=\/wp\/v2\/media\/15240"}],"wp:attachment":[{"href":"https:\/\/chpantalya.com\/index.php?rest_route=%2Fwp%2Fv2%2Fmedia&parent=15238"}],"wp:term":[{"taxonomy":"category","embeddable":true,"href":"https:\/\/chpantalya.com\/index.php?rest_route=%2Fwp%2Fv2%2Fcategories&post=15238"},{"taxonomy":"post_tag","embeddable":true,"href":"https:\/\/chpantalya.com\/index.php?rest_route=%2Fwp%2Fv2%2Ftags&post=15238"}],"curies":[{"name":"wp","href":"https:\/\/api.w.org\/{rel}","templated":true}]}}