{"id":15339,"date":"2018-01-15T12:54:26","date_gmt":"2018-01-15T09:54:26","guid":{"rendered":"http:\/\/chpantalya.com\/?p=15339"},"modified":"2018-01-15T12:54:26","modified_gmt":"2018-01-15T09:54:26","slug":"budakturizm-fuarinda-alkollu-icecek-yasagi-turizme-darbe","status":"publish","type":"post","link":"https:\/\/chpantalya.com\/?p=15339","title":{"rendered":"BUDAK:\u201dTUR\u0130ZM FUARINDA ALKOLL\u00dc \u0130\u00c7ECEK YASA\u011eI TUR\u0130ZME DARBE\u201d"},"content":{"rendered":"<p><strong>-\u201c<\/strong><strong>H\u00dcK\u00dcMET\u0130N\u0130Z, ALKOLL\u00dc \u0130\u00c7ECEK YASA\u011eINI GEN\u0130\u015eLETME ADIMLARINI S\u00dcRD\u00dcRECEK M\u0130D\u0130R?\u201d<\/strong><\/p>\n<p><strong>-\u201c T\u00dcRK\u0130YE, TUR\u0130ZMDE AVRUPA VE RUSYA PAZARINI G\u00d6ZDEN M\u0130 \u00c7IKARMI\u015eTIR?\u201d<\/strong><\/p>\n<p><strong>CHP Genel Ba\u015fkan Yard\u0131mc\u0131s\u0131 \u00c7etin Osman Budak, Antalya\u2019da 17 Ocak\u2019ta ba\u015flayacak olan 25. Uluslararas\u0131 G\u0131da ve \u0130\u00e7ecek \u0130htisas Fuar\u0131\u2019nda fuar\u0131n ba\u015flamas\u0131na bir hafta kala \u201calkoll\u00fc i\u00e7ecek sergilenmesi ve tad\u0131m\u0131na yasak getirilmesi\u201dni TBMM g\u00fcndemine ta\u015f\u0131yarak, \u201cTurizm fuar\u0131nda alkoll\u00fc i\u00e7ecek yasa\u011f\u0131, turizme darbedir. H\u00fck\u00fcmetiniz, alkoll\u00fc i\u00e7ecek yasa\u011f\u0131n\u0131 geni\u015fletme ad\u0131mlar\u0131n\u0131 s\u00fcrd\u00fcrecek midir? T\u00fcrkiye, turizmde Avrupa ve Rusya pazar\u0131n\u0131 g\u00f6zden mi \u00e7\u0131karm\u0131\u015ft\u0131r?\u201d diye sordu.<\/strong><\/p>\n<p>CHP Genel Ba\u015fkan Yard\u0131mc\u0131s\u0131 ve Antalya Milletvekili \u00c7etin Osman Budak, Ba\u015fbakan Binali Y\u0131ld\u0131r\u0131m\u2019\u0131n yan\u0131tlamas\u0131 istemiyle verdi\u011fi \u00f6nergede,&nbsp; turizmin ba\u015fkenti Antalya\u2019n\u0131n, bir kez daha \u201calkoll\u00fc i\u00e7ecek yasa\u011f\u0131\u201d tart\u0131\u015fmalar\u0131 ile g\u00fcndeme ta\u015f\u0131nd\u0131\u011f\u0131na dikkat \u00e7ekti. 25. Uluslararas\u0131 G\u0131da ve \u0130\u00e7ecek \u0130htisas Fuar\u0131 ile Uluslararas\u0131 Konaklama ve A\u011f\u0131rlama Ekipmanlar\u0131 \u0130htisas Fuar\u0131\u2019n\u0131n birlikte 17-20 Ocak 2018 g\u00fcnlerinde Antalya\u2019da a\u00e7\u0131lmas\u0131 planland\u0131\u011f\u0131n\u0131 kaydeden Budak, \u201cA\u00e7\u0131l\u0131\u015fa bir hafta kala, ANFA\u015e Y\u00f6netimi, G\u0131da ve \u0130\u00e7ecek \u0130htisas Fuar\u0131 kapsam\u0131nda alkoll\u00fc i\u00e7eceklerin sergilenmesi ve tad\u0131m yap\u0131lmas\u0131na izin verilmeyece\u011fini bildirmi\u015ftir.&nbsp;&nbsp;&nbsp;&nbsp;&nbsp;&nbsp;&nbsp;&nbsp;&nbsp;&nbsp;&nbsp;<\/p>\n<p>Ge\u00e7mi\u015f y\u0131llarda uygulanmayan yasa\u011f\u0131n, fuar haz\u0131rl\u0131klar\u0131n\u0131n tamamland\u0131\u011f\u0131, yerli ve yabanc\u0131 misafirler i\u00e7in ula\u015f\u0131m, konaklama gibi planlamalar\u0131n ger\u00e7ekle\u015ftirildi\u011fi bir s\u00fcre\u00e7ten sonra uygulanmaya konulmas\u0131, alkoll\u00fc i\u00e7ecek sekt\u00f6r\u00fc temsilcilerini zora sokmu\u015f, a\u011f\u0131r bir maddi kay\u0131p ortaya \u00e7\u0131karm\u0131\u015ft\u0131r. Turizm sekt\u00f6r\u00fcne y\u00f6nelik uluslararas\u0131 bir fuarda \u201calkoll\u00fc i\u00e7ecek yasa\u011f\u0131\u201d getirilmesi, T\u00fcrkiye\u2019nin imaj\u0131na bir darbe daha olacak, T\u00fcrkiye i\u00e7in \u00f6nemli olan Avrupa ve Rusya pazar\u0131n\u0131 olumsuz etkileyecek, ciddi bir gelir kayb\u0131 ya\u015fayan turizm sekt\u00f6r\u00fcn\u00fc zora sokacakt\u0131r\u201d diye konu\u015ftu.<\/p>\n<p><strong>B\u0130R HAFTA KALA YASAK <\/strong><\/p>\n<p>25.Uluslararas\u0131 G\u0131da ve \u0130\u00e7ecek \u0130htisas Fuar\u0131\u2019nda (Foodproduct 2018) alkoll\u00fc i\u00e7ecek sergilenmesi ve tad\u0131m\u0131na getirilen yasa\u011f\u0131n gerek\u00e7esi konusunda bilgi isteyen Budak, \u201cBu karar kim taraf\u0131ndan al\u0131nm\u0131\u015ft\u0131r? ANFA\u015e Y\u00f6netim Kurulu\u2019nda bu konuda bir g\u00f6r\u00fc\u015fme yap\u0131lm\u0131\u015f m\u0131d\u0131r? Yoksa Antalya Valili\u011fi\u2019nin karar\u0131yla m\u0131 b\u00f6yle bir yasak getirilmi\u015ftir? Fuar haz\u0131rl\u0131klar\u0131n\u0131n ba\u015flad\u0131\u011f\u0131 Eyl\u00fcl 2017 d\u00f6neminde, \u00e7a\u011fr\u0131 yap\u0131lan firmalara alkoll\u00fc i\u00e7ecek yasa\u011f\u0131 ile ilgili bir bilgilendirme yap\u0131lmamas\u0131n\u0131n gerek\u00e7esi nedir? Son 3 ayda hangi ko\u015fullar de\u011fi\u015fmi\u015ftir ki, yasak karar\u0131 g\u00fcndeme gelmi\u015ftir?\u201d diye sordu. Budak, \u015f\u00f6yle devam etti:<\/p>\n<p><strong>ZARARLAR TAZM\u0130N ED\u0130LECEK M\u0130?<\/strong><\/p>\n<p>Fuar kapsam\u0131nda alkoll\u00fc i\u00e7ecek tan\u0131t\u0131m\u0131 yapmak \u00fczere ka\u00e7 firma yer kiralam\u0131\u015ft\u0131r? Bu firmalar\u0131n kiralamalar i\u00e7in \u00f6dedi\u011fi ya da \u00f6deyece\u011fi tutar ne kadard\u0131r? S\u00f6z konusu firmalar, fuar kapsam\u0131nda \u00fcr\u00fcnlerini nas\u0131l tan\u0131tacakt\u0131r? Firmalara, fuardan \u00e7ekilme olana\u011f\u0131 verilecek midir? S\u00f6z konusu firmalar\u0131n fuar ile davet ettikleri yerli ve yabanc\u0131 otel i\u015fletmecilerinin ula\u015f\u0131m ve konaklama giderleri i\u00e7in yapt\u0131klar\u0131 harcamalar tazmin edilecek midir?<\/p>\n<p>Turizm sekt\u00f6r\u00fcne y\u00f6nelik g\u0131da ve i\u00e7ecek fuar\u0131nda, alkoll\u00fc i\u00e7eceklerin sergilenmesinin ve tad\u0131lmas\u0131n\u0131n yasaklanmas\u0131 s\u00fcrecinde, sekt\u00f6r temsilcilerinin g\u00f6r\u00fc\u015fleri al\u0131nm\u0131\u015f m\u0131d\u0131r? Al\u0131nmam\u0131\u015f ise gerek\u00e7esi nedir?<\/p>\n<p><strong>T\u00dcRK\u0130YE \u0130MAJINA DARBE<\/strong><\/p>\n<p>Turizmin ba\u015fkenti Antalya\u2019n\u0131n ve turizm b\u00f6lgelerinin \u201calkoll\u00fc i\u00e7ecek yasa\u011f\u0131\u201d tart\u0131\u015fmalar\u0131 ile g\u00fcndeme ta\u015f\u0131nmas\u0131n\u0131n, T\u00fcrkiye\u2019nin imaj\u0131n\u0131 nas\u0131l etkiledi\u011fine ili\u015fkin bir \u00e7al\u0131\u015fma yap\u0131lacak m\u0131d\u0131r? H\u00fck\u00fcmetiniz, alkoll\u00fc i\u00e7ecek yasa\u011f\u0131n\u0131 geni\u015fletme ad\u0131mlar\u0131n\u0131 s\u00fcrd\u00fcrecek midir? Bu t\u00fcr yasaklar, turizmde yeni bir yap\u0131lanma i\u00e7in mi at\u0131lmaktad\u0131r? T\u00fcrkiye\u2019nin imaj\u0131na darbe vuran ad\u0131mlara son verilecek midir?\u201d<\/p>\n","protected":false},"excerpt":{"rendered":"<p>-\u201cH\u00dcK\u00dcMET\u0130N\u0130Z, ALKOLL\u00dc \u0130\u00c7ECEK YASA\u011eINI GEN\u0130\u015eLETME ADIMLARINI S\u00dcRD\u00dcRECEK M\u0130D\u0130R?\u201d -\u201c T\u00dcRK\u0130YE, TUR\u0130ZMDE AVRUPA VE RUSYA PAZARINI G\u00d6ZDEN M\u0130 \u00c7IKARMI\u015eTIR?\u201d CHP Genel Ba\u015fkan Yard\u0131mc\u0131s\u0131 \u00c7etin Osman Budak, Antalya\u2019da 17 Ocak\u2019ta ba\u015flayacak olan 25. Uluslararas\u0131 G\u0131da ve \u0130\u00e7ecek \u0130htisas Fuar\u0131\u2019nda fuar\u0131n ba\u015flamas\u0131na bir hafta kala \u201calkoll\u00fc i\u00e7ecek sergilenmesi ve tad\u0131m\u0131na yasak getirilmesi\u201dni TBMM g\u00fcndemine ta\u015f\u0131yarak, \u201cTurizm fuar\u0131nda alkoll\u00fc [&hellip;]<\/p>\n","protected":false},"author":1,"featured_media":15340,"comment_status":"closed","ping_status":"open","sticky":false,"template":"","format":"standard","meta":[],"categories":[52,35],"tags":[],"amp_enabled":true,"_links":{"self":[{"href":"https:\/\/chpantalya.com\/index.php?rest_route=\/wp\/v2\/posts\/15339"}],"collection":[{"href":"https:\/\/chpantalya.com\/index.php?rest_route=\/wp\/v2\/posts"}],"about":[{"href":"https:\/\/chpantalya.com\/index.php?rest_route=\/wp\/v2\/types\/post"}],"author":[{"embeddable":true,"href":"https:\/\/chpantalya.com\/index.php?rest_route=\/wp\/v2\/users\/1"}],"replies":[{"embeddable":true,"href":"https:\/\/chpantalya.com\/index.php?rest_route=%2Fwp%2Fv2%2Fcomments&post=15339"}],"version-history":[{"count":0,"href":"https:\/\/chpantalya.com\/index.php?rest_route=\/wp\/v2\/posts\/15339\/revisions"}],"wp:featuredmedia":[{"embeddable":true,"href":"https:\/\/chpantalya.com\/index.php?rest_route=\/wp\/v2\/media\/15340"}],"wp:attachment":[{"href":"https:\/\/chpantalya.com\/index.php?rest_route=%2Fwp%2Fv2%2Fmedia&parent=15339"}],"wp:term":[{"taxonomy":"category","embeddable":true,"href":"https:\/\/chpantalya.com\/index.php?rest_route=%2Fwp%2Fv2%2Fcategories&post=15339"},{"taxonomy":"post_tag","embeddable":true,"href":"https:\/\/chpantalya.com\/index.php?rest_route=%2Fwp%2Fv2%2Ftags&post=15339"}],"curies":[{"name":"wp","href":"https:\/\/api.w.org\/{rel}","templated":true}]}}