{"id":15345,"date":"2018-01-15T18:16:01","date_gmt":"2018-01-15T15:16:01","guid":{"rendered":"http:\/\/chpantalya.com\/?p=15345"},"modified":"2018-05-17T23:45:50","modified_gmt":"2018-05-17T20:45:50","slug":"antalyanin-ihtiyaci-cilgin-projeler-degil-kamu-yarari-gozeten-projelerdir","status":"publish","type":"post","link":"https:\/\/chpantalya.com\/?p=15345","title":{"rendered":"ANTALYA\u2019NIN \u0130HT\u0130YACI \u201c\u00c7ILGIN\u201d PROJELER DE\u011e\u0130L,  KAMU YARARI G\u00d6ZETEN PROJELERD\u0130R!"},"content":{"rendered":"<p>CHP \u0130L BA\u015eKANI AHMET KUMBUL:<br \/>\nANTALYA\u2019NIN \u0130HT\u0130YACI \u201c\u00c7ILGIN\u201d PROJELER DE\u011e\u0130L, KAMU YARARI G\u00d6ZETEN PROJELERD\u0130R!<br \/>\nCHP Antalya \u0130l Ba\u015fkan\u0131 Ahmet Kumbul, bug\u00fcn yapt\u0131\u011f\u0131 a\u00e7\u0131klama ile AKP \u0130l Ba\u015fkan\u0131 R\u0131za S\u00fcmer\u2019e yan\u0131t verdi. \u0130l Ba\u015fkan\u0131m\u0131z Ahmet Kumbul\u2019un a\u00e7\u0131klamas\u0131 \u015f\u00f6yle:<br \/>\n\u201cAKP \u0130l Ba\u015fkan\u0131 R\u0131za S\u00fcmer, bug\u00fcn yapt\u0131\u011f\u0131 a\u00e7\u0131klama ile bizleri k\u00f6r\u00fc k\u00f6r\u00fcne muhalefet yapmakla su\u00e7layarak Antalya\u2019n\u0131n marka de\u011ferini y\u00fckseltecek \u00e7\u0131lg\u0131n projelere kar\u015f\u0131 \u00e7\u0131kt\u0131\u011f\u0131m\u0131z\u0131 ifade etmi\u015f. Olduk\u00e7a uzun a\u00e7\u0131klamas\u0131ndaki tek do\u011fru c\u00fcmle, kente faydas\u0131 olmayan, \u00e7\u0131lg\u0131n rant projelerine kar\u015f\u0131 oldu\u011fumuzdur. \u00c7\u00fcnk\u00fc Antalya\u2019n\u0131n ihtiyac\u0131, kentimizin gelece\u011fini karartacak, kente kar\u015f\u0131 su\u00e7 niteli\u011fi ta\u015f\u0131yan \u00e7\u0131lg\u0131n projeler de\u011fil, kamu yarar\u0131 g\u00f6zeten, kentimizin de\u011ferlerini koruyan, Antalya\u2019y\u0131 geli\u015ftirecek projelerdir. Kamu y\u00f6neticili\u011fi rant i\u00e7in de\u011fil, halk i\u00e7in yap\u0131l\u0131r.<br \/>\n\u201cPROJEN\u0130N ANTALYA&#8217;YA VERECE\u011e\u0130 ZARARLARI OKUSUN\u201d<br \/>\nSay\u0131n R\u0131za S\u00fcmer\u2019e bu t\u00fcr konu\u015fmalar yapmadan \u00f6nce biraz okumas\u0131n\u0131 \u00f6neriyorum. Siyasi pop\u00fclizm yapmadan \u00f6nce Meslek odalar\u0131n\u0131n ortakla\u015fa yapt\u0131klar\u0131 a\u00e7\u0131klamalar\u0131, projenin do\u011faya, \u00e7evreye ve Antalya&#8217;ya verece\u011fi zararlar\u0131 okusun. E\u011fer Bo\u011fa\u00e7ay\u0131 projesinin \u00e7evreye ve Antalya&#8217;ya verece\u011fi zararlara ili\u015fkin bilgilerden haberi yoksa ben ona yard\u0131mc\u0131 olabilir, kendisine bu raporlar\u0131 iletebilirim. Bu proje hayata ge\u00e7erse, d\u00fcnyaca \u00fcnl\u00fc Konyaalt\u0131 plaj\u0131n\u0131n zaman i\u00e7erisinde nas\u0131l yok olaca\u011f\u0131n\u0131 \u00f6\u011frenebilir. Ayr\u0131ca R\u0131za S\u00fcmer e\u011fer okursa, Belediye Ba\u015fkan\u0131m\u0131z Muhittin B\u00f6cek\u2019in de projeye kar\u015f\u0131 oldu\u011funu ve projenin yanl\u0131\u015fl\u0131\u011f\u0131na dair g\u00f6r\u00fc\u015flerini \u00f6\u011frenebilir. Mesela Nokta Dergisi\u2019nin son say\u0131s\u0131nda \u201cT\u00fcrel\u2019in Bo\u011fa\u00e7ay\u0131 Projesi Yanl\u0131\u015f\u201d man\u015fetiyle yer alan g\u00f6r\u00fc\u015fleri belki Say\u0131n S\u00fcmer\u2019in ilgisini \u00e7eker.<br \/>\nMESLEK ODALARI PROJEYE NEDEN KAR\u015eI \u00c7IKIYORLAR?<br \/>\nE\u011fer Bo\u011fa\u00e7ay\u0131 Projesi, R\u0131za S\u00fcmer\u2019in iddia etti\u011fi gibi \u201cdo\u011fay\u0131 ve \u00e7evreyi koruyup g\u00fczelle\u015ftiren, do\u011fal hayat\u0131, ku\u015flar\u0131, b\u00f6cekleri olumsuz y\u00f6nde etkilemeyecek bir proje\u201d olsayd\u0131, neden Antalya Meslek Odalar\u0131 projeye kar\u015f\u0131 \u00e7\u0131kmaktad\u0131r? Antalya Meslek Odalar\u0131 E\u015fg\u00fcd\u00fcm Kurulu, 23 Kas\u0131m 2017 tarihinde d\u00fczenledi\u011fi bir bas\u0131n toplant\u0131s\u0131 ile Bo\u011fa\u00e7ay\u0131 Projesinin \u0130leride ortaya \u00e7\u0131kabilecek \u00e7evresel zararlar\u0131 ve Projenin sak\u0131ncalar\u0131 konusunda b\u00fct\u00fcn kamuoyunun dikkatini \u00e7ekmi\u015ftir. Biz elbette ki her \u015feyi \u00e7ok iyi bildi\u011fimizi iddia etmiyoruz. Biz, b\u00f6yle b\u00fcy\u00fck projeleri konuyu en iyi bilenlerle isti\u015fare ederek haz\u0131rlanmas\u0131 gerekti\u011fini s\u00f6yl\u00fcyoruz. Bilgisayar ba\u015f\u0131nda haz\u0131rlanan projeleri hara\u00e7 mezat ihaleye \u00e7\u0131kar\u0131p, \u00e7al\u0131\u015fmalar ba\u015flad\u0131ktan sonra getirip meslek odalar\u0131n\u0131n \u00f6n\u00fcne koymak kamu yarar\u0131n\u0131 g\u00f6zeten bir y\u00f6netim anlay\u0131\u015f\u0131 de\u011fildir.<br \/>\nAnayasa ve 3621 say\u0131l\u0131 k\u0131y\u0131 kanununa ayk\u0131r\u0131 olarak, kamu yarar\u0131n\u0131 hi\u00e7e sayarak, k\u0131y\u0131 ve do\u011fal yap\u0131y\u0131 bozarak, kentin i\u00e7me sular\u0131n\u0131 kirletecek, Konyaalt\u0131 sahilimizin 2.5 kilometrelik bir b\u00f6l\u00fcm\u00fcn\u00fc gasp edecek, halk\u0131n \u00e7\u0131karlar\u0131na de\u011fil, rant\u0131n \u00e7\u0131karlar\u0131na hizmet eden Bo\u011fa \u00c7ay\u0131 ve Konyaalt\u0131 marina projelerine kar\u015f\u0131y\u0131z, kar\u015f\u0131 olmaya da devam edece\u011fiz.<br \/>\nAKP\u2019nin vizyonu k\u0131y\u0131lar\u0131 ya\u011fmalanm\u0131\u015f, halka kapat\u0131l\u0131p, ranta a\u00e7\u0131lm\u0131\u015f, i\u00e7me sular\u0131 kirlenmi\u015f, d\u00fcnyaca \u00fcnl\u00fc plajlar\u0131 limanlara d\u00f6n\u00fc\u015ft\u00fcr\u00fclm\u00fc\u015f, kruvaziyer gemi rotas\u0131ndan \u00e7\u0131kar\u0131lm\u0131\u015f, turizmi bitirilmi\u015f bir Antalya olabilir, ama biz buna izin vermeyece\u011fiz. \u201c<\/p>\n","protected":false},"excerpt":{"rendered":"<p>CHP \u0130L BA\u015eKANI AHMET KUMBUL: ANTALYA\u2019NIN \u0130HT\u0130YACI \u201c\u00c7ILGIN\u201d PROJELER DE\u011e\u0130L, KAMU YARARI G\u00d6ZETEN PROJELERD\u0130R! CHP Antalya \u0130l Ba\u015fkan\u0131 Ahmet Kumbul, bug\u00fcn yapt\u0131\u011f\u0131 a\u00e7\u0131klama ile AKP \u0130l Ba\u015fkan\u0131 R\u0131za S\u00fcmer\u2019e yan\u0131t verdi. \u0130l Ba\u015fkan\u0131m\u0131z Ahmet Kumbul\u2019un a\u00e7\u0131klamas\u0131 \u015f\u00f6yle: \u201cAKP \u0130l Ba\u015fkan\u0131 R\u0131za S\u00fcmer, bug\u00fcn yapt\u0131\u011f\u0131 a\u00e7\u0131klama ile bizleri k\u00f6r\u00fc k\u00f6r\u00fcne muhalefet yapmakla su\u00e7layarak Antalya\u2019n\u0131n marka de\u011ferini [&hellip;]<\/p>\n","protected":false},"author":1,"featured_media":15346,"comment_status":"closed","ping_status":"open","sticky":false,"template":"","format":"standard","meta":[],"categories":[59],"tags":[],"amp_enabled":true,"_links":{"self":[{"href":"https:\/\/chpantalya.com\/index.php?rest_route=\/wp\/v2\/posts\/15345"}],"collection":[{"href":"https:\/\/chpantalya.com\/index.php?rest_route=\/wp\/v2\/posts"}],"about":[{"href":"https:\/\/chpantalya.com\/index.php?rest_route=\/wp\/v2\/types\/post"}],"author":[{"embeddable":true,"href":"https:\/\/chpantalya.com\/index.php?rest_route=\/wp\/v2\/users\/1"}],"replies":[{"embeddable":true,"href":"https:\/\/chpantalya.com\/index.php?rest_route=%2Fwp%2Fv2%2Fcomments&post=15345"}],"version-history":[{"count":0,"href":"https:\/\/chpantalya.com\/index.php?rest_route=\/wp\/v2\/posts\/15345\/revisions"}],"wp:featuredmedia":[{"embeddable":true,"href":"https:\/\/chpantalya.com\/index.php?rest_route=\/wp\/v2\/media\/15346"}],"wp:attachment":[{"href":"https:\/\/chpantalya.com\/index.php?rest_route=%2Fwp%2Fv2%2Fmedia&parent=15345"}],"wp:term":[{"taxonomy":"category","embeddable":true,"href":"https:\/\/chpantalya.com\/index.php?rest_route=%2Fwp%2Fv2%2Fcategories&post=15345"},{"taxonomy":"post_tag","embeddable":true,"href":"https:\/\/chpantalya.com\/index.php?rest_route=%2Fwp%2Fv2%2Ftags&post=15345"}],"curies":[{"name":"wp","href":"https:\/\/api.w.org\/{rel}","templated":true}]}}