{"id":15408,"date":"2018-01-17T18:18:58","date_gmt":"2018-01-17T15:18:58","guid":{"rendered":"http:\/\/chpantalya.com\/?p=15408"},"modified":"2018-05-17T23:45:47","modified_gmt":"2018-05-17T20:45:47","slug":"chpde-gorev-dagilimi-2","status":"publish","type":"post","link":"https:\/\/chpantalya.com\/?p=15408","title":{"rendered":"CHP\u2019DE G\u00d6REV DA\u011eILIMI"},"content":{"rendered":"<p>36. Ola\u011fan \u0130l Kongresinde se\u00e7ilen CHP Antalya \u0130l Y\u00f6netimi ve Disiplin Kurulu ilk toplant\u0131lar\u0131n\u0131 yaparak g\u00f6rev da\u011f\u0131l\u0131mlar\u0131n\u0131 belirlediler.<\/p>\n<p>CHP Antalya \u0130l y\u00f6netimi ilk toplant\u0131s\u0131n\u0131 \u0130l ba\u015fkanl\u0131\u011f\u0131 toplant\u0131 salonunda yapt\u0131. CHP 36. Ola\u011fan \u0130l kongresinde 306 oy alarak \u0130l Ba\u015fkan\u0131 se\u00e7ilen Ahmet Kumbul\u00a0 ba\u015fkanl\u0131\u011f\u0131nda ki CHP Antalya \u0130l Y\u00f6netim Kurulu ilk toplant\u0131s\u0131nda g\u00f6rev da\u011f\u0131l\u0131m\u0131n\u0131 yaparak \u00e7al\u0131\u015fma ilkelerini belirledi.<\/p>\n<p>Toplant\u0131 sonras\u0131nda konu\u015fan \u0130l Ba\u015fkan\u0131 Ahmet Kumbul, \u00f6n\u00fcm\u00fczdeki iki y\u0131ll\u0131k s\u00fcre\u00e7te yap\u0131lmas\u0131 gereken projelerden bahsederek \u201cKar\u015f\u0131 kar\u015f\u0131ya oldu\u011fumuz b\u00fcy\u00fck sorumluluk ve g\u00f6revin bilincindeyiz. M\u00fccadelemizin ba\u015far\u0131ya ula\u015fabilmesi i\u00e7in; hem il\u00e7elerimizde, hem Antalyam\u0131zda, hem de t\u00fcm T\u00fcrkiye\u2019de Partimizin iktidar\u0131n\u0131 kurabilmemiz i\u00e7in, g\u00fc\u00e7l\u00fc bir \u00f6rg\u00fct yap\u0131s\u0131na ihtiyac\u0131m\u0131z var. T\u0131pk\u0131 referandumda yapt\u0131\u011f\u0131m\u0131z \u00e7al\u0131\u015fma gibi, en sa\u011fdan en sola kadar siyasi partileri, demokratik kitle \u00f6rg\u00fctlerini, toplumun t\u00fcm kesimlerini toparlay\u0131p, demokrasi g\u00fc\u00e7lerini bir araya getirebilecek; t\u00fcm zaman\u0131n\u0131, t\u00fcm enerjisini, t\u00fcm dinamizmini ve y\u00fcre\u011fini bu m\u00fccadeleye ay\u0131rabilecek, parti i\u00e7inde birlik, beraberlik ve dayan\u0131\u015fmay\u0131 sa\u011flayabilecek bir \u0130l Y\u00f6netimine her zamankinden \u00e7ok ihtiyac\u0131m\u0131z var.Y\u00f6netim kurulumuz bu bilin\u00e7le dost\u00e7a, karde\u015f\u00e7e, omuz omuza \u00e7al\u0131\u015facak ve hep birlikte ba\u015far\u0131ya ula\u015faca\u011f\u0131z\u201d dedi.<\/p>\n<p>\u0130l Disiplin Kurulu da ilk toplant\u0131s\u0131nda g\u00f6rev da\u011f\u0131l\u0131m\u0131n\u0131 tamamlad\u0131. Toplant\u0131lar sonras\u0131 belirlenen g\u00f6rev da\u011f\u0131l\u0131mlar\u0131 \u015f\u00f6yle:<\/p>\n<p><strong>\u0130L Y\u00d6NET\u0130M\u0130<\/strong><\/p>\n<table width=\"1081\">\n<tbody>\n<tr>\n<td width=\"286\">AHMET KUMBUL<\/td>\n<td width=\"795\">\u0130L BA\u015eKANI<\/td>\n<\/tr>\n<tr>\n<td>\u0130LKAY BUDAK<\/td>\n<td>\u0130L SEKRETER\u0130<\/td>\n<\/tr>\n<tr>\n<td>FATMA HAK\u0130KAT<\/td>\n<td>\u0130L E\u011e\u0130T\u0130M SEKRETER\u0130<\/td>\n<\/tr>\n<tr>\n<td>HASAN K\u0130RAZ<\/td>\n<td>\u0130L SAYMANI<\/td>\n<\/tr>\n<tr>\n<td>CANAN KELE\u015e<\/td>\n<td>\u0130L B\u0130L\u0130\u015e\u0130M SORUMLUSU ve BASIN<\/td>\n<\/tr>\n<tr>\n<td>BU\u011eRA \u00d6Z\u00c7EL\u0130K<\/td>\n<td>\u00d6RG\u00dcT HUKUKU VE SE\u00c7\u0130M \u0130\u015eLER\u0130 ile GAZ\u0130PA\u015eA ve ALANYA \u0130L\u00c7ELER\u0130NDEN SORUMLU BA\u015eKAN YARD.<\/td>\n<\/tr>\n<tr>\n<td>SELDA KO\u00c7<\/td>\n<td>STRATEJ\u0130, PROPAGANDA VE \u00c7ALI\u015eMA GRUPLARINDAN SORUMLU \u0130L BA\u015eKAN YARD.<\/td>\n<\/tr>\n<tr>\n<td>ERSAN DEREL\u0130<\/td>\n<td>\u00d6RG\u00dcTLERDEN SORUMLU BA\u015eKAN YARDIMCISI<\/td>\n<\/tr>\n<tr>\n<td>F. \u015eEREF \u00c7\u0130MEN<\/td>\n<td>SER\u0130K \/ MANAVGAT \u0130L\u00c7ELER\u0130NDEN\u00a0 SORUMLU \u0130L BA\u015eKAN YARD.<\/td>\n<\/tr>\n<tr>\n<td>RAMAZAN SAVRAN<\/td>\n<td>KUMLUCA \/ F\u0130N\u0130KE \/ DEMRE \/ KA\u015e \u0130L\u00c7ELER\u0130NDEN SORUMLU \u0130L BA\u015eKAN YARD.<\/td>\n<\/tr>\n<tr>\n<td>F\u0130L\u0130Z TIRA\u015e<\/td>\n<td>E\u011e\u0130T\u0130M, K\u00dcLT\u00dcR VE SANATTAN SORUMLU BA\u015eKAN YARD.<\/td>\n<\/tr>\n<tr>\n<td>TU\u011eBA ERKE BOSTAN<\/td>\n<td>YEREL Y\u00d6NET\u0130MLERDEN\u00a0 SORUMLU \u0130L BA\u015eKAN YARD.<\/td>\n<\/tr>\n<tr>\n<td>H\u00dcSEY\u0130N KAVAK<\/td>\n<td>SEND\u0130KA VE DERNEKLERDEN SORUMLU \u0130L BA\u015eKAN YARD.<\/td>\n<\/tr>\n<tr>\n<td>RAMAZAN D\u0130REMLER<\/td>\n<td>GEN\u00c7L\u0130K YAPILANMALARINDAN SORUMLU \u0130L BA\u015eKAN YARD.<\/td>\n<\/tr>\n<tr>\n<td>SELDA YAPA G\u00d6KTA\u015e<\/td>\n<td>SOSYAL SORUMLULUK VE DAYANI\u015eMADAN SORUMLU \u0130L BA\u015eKAN YARD.<\/td>\n<\/tr>\n<tr>\n<td>TAMER ARI<\/td>\n<td>TUR\u0130ZM POL\u0130T\u0130KALARINDAN SORUMLU \u0130L BA\u015eKAN YARD.<\/td>\n<\/tr>\n<tr>\n<td>AL\u0130 GEY\u0130K\u00c7\u0130<\/td>\n<td>TARIM VE KIRSAL POL\u0130T\u0130KALARDAN SORUMLU \u0130L BA\u015eKAN YARD.<\/td>\n<\/tr>\n<tr>\n<td>ERDEM U\u011eUR<\/td>\n<td>AKSEK\u0130 \/ \u0130BRADI \/ G\u00dcNDO\u011eMU\u015e \u0130L\u00c7ELER\u0130NDEN,\u00a0 \u0130STAT\u0130ST\u0130K VE \u0130KT\u0130SAD\u0130 POL. SOR. \u0130L BA\u015eKAN YARD.<\/td>\n<\/tr>\n<tr>\n<td>MAHMUT ABA<\/td>\n<td>ULA\u015eIM VE ESNAF POL\u0130T\u0130KALARINDAN SORUMLU \u0130L BA\u015eKAN YARD.<\/td>\n<\/tr>\n<tr>\n<td>DURSUN \u00d6ZORMAN<\/td>\n<td>\u0130ST\u0130HDAM VE EMEKL\u0130 POL\u0130T\u0130KALARINDAN SORUMLU \u0130L BA\u015eKAN YARD.<\/td>\n<\/tr>\n<tr>\n<td>D\u0130LEK TEKS\u00dcRER<\/td>\n<td>KADIN \u00d6RG\u00dcTLENMES\u0130<\/td>\n<\/tr>\n<tr>\n<td>HASAN NE\u015eEL\u0130<\/td>\n<td>\u00c7EVRE VE DO\u011eA POL\u0130T\u0130KALARINDAN SORUMLU \u0130L BA\u015eKAN YARD.<\/td>\n<\/tr>\n<tr>\n<td>AYSEL PENEZ<\/td>\n<td>KADIN, \u00c7OCUK VE\u00a0 A\u0130LE POL\u0130T\u0130KALARINDAN SORUMLU \u0130L BA\u015eKAN YARD.<\/td>\n<\/tr>\n<tr>\n<td>H\u00dcSEY\u0130N \u00d6ZTA\u015e<\/td>\n<td>ESNAF, T\u0130CARET VE MESLEK ODALARINDAN SORUMLU \u0130L BA\u015eKAN YARD.<\/td>\n<\/tr>\n<tr>\n<td>\u0130HSAN \u00d6ZDEN<\/td>\n<td>MURATPA\u015eA VE AKSU \u0130L\u00c7ELER\u0130NDEN SORUMLU \u0130L BA\u015eKAN YARD.<\/td>\n<\/tr>\n<tr>\n<td>\u0130BRAH\u0130M YILMAZ<\/td>\n<td>KONYAALTI VE KEMER \u0130L\u00c7ELER\u0130NDEN SORUMLU \u0130L BA\u015eKAN YARD.<\/td>\n<\/tr>\n<tr>\n<td>RAFET \u00c7\u0130LO\u011eLU<\/td>\n<td>KEPEZ VE D\u00d6\u015eEMEALTI \u0130L\u00c7ELER\u0130NDEN SORUMLU \u0130L BA\u015eKAN YARD.<\/td>\n<\/tr>\n<tr>\n<td>H\u00dcSEY\u0130N KARADEL\u0130<\/td>\n<td>KORKUTEL\u0130 \/ ELMALI \u0130L\u00c7ELER\u0130NDEN SORUMLU \u0130L BA\u015eKAN YARDIMCISI<\/td>\n<\/tr>\n<tr>\n<td>YA\u011eMUR AKS\u00dcNGER<\/td>\n<td>TANITIM VE HALKLA \u0130L\u0130\u015eK\u0130LERDEN SORUMLU BA\u015eKAN YARDIMCISI<\/td>\n<\/tr>\n<tr>\n<td>ERCAN AKBULUT<\/td>\n<td>PROTOKOL VE ORGAN\u0130ZASYONLARDAN SORUMLU \u0130L BA\u015eKAN YARD.<\/td>\n<\/tr>\n<tr>\n<td>\u0130BRAH\u0130M KO\u00c7AK<\/td>\n<td>SOSYAL MEDYADAN SORUMLU \u0130L BA\u015eKAN YARDIMCISI<\/td>\n<\/tr>\n<\/tbody>\n<\/table>\n<p>&nbsp;<\/p>\n<table width=\"1081\">\n<tbody>\n<tr>\n<td colspan=\"2\" width=\"1081\">\u0130L D\u0130S\u0130PL\u0130N KURULU<\/td>\n<\/tr>\n<tr>\n<td>M.MUAMMER SAYGILI<\/td>\n<td>\u0130L D\u0130S\u0130PL\u0130N KURULU BA\u015eKANI<\/td>\n<\/tr>\n<tr>\n<td>LEYLA G\u00d6LL\u00dc<\/td>\n<td>\u0130L D\u0130S\u0130PL\u0130N KURULU BA\u015eKAN YARDIMCISI<\/td>\n<\/tr>\n<tr>\n<td>\u015eEVKET KORKUT<\/td>\n<td>\u0130L D\u0130S\u0130PL\u0130N KURULU SEKRETER\u0130<\/td>\n<\/tr>\n<tr>\n<td>\u00d6MER \u00dcNAL<\/td>\n<td>\u0130L D\u0130S\u0130PL\u0130N KURULU \u00dcYES\u0130<\/td>\n<\/tr>\n<tr>\n<td>TU\u011eBA \u00c7ET\u0130N<\/td>\n<td>\u0130L D\u0130S\u0130PL\u0130N KURULU \u00dcYES\u0130<\/td>\n<\/tr>\n<tr>\n<td>KAL\u0130 KILI\u00c7\u00d6TE<\/td>\n<td>\u0130L D\u0130S\u0130PL\u0130N KURULU \u00dcYES\u0130<\/td>\n<\/tr>\n<tr>\n<td>B\u00dcLENT PEHL\u0130VAN<\/td>\n<td>\u0130L D\u0130S\u0130PL\u0130N KURULU \u00dcYES\u0130<\/td>\n<\/tr>\n<tr>\n<td>AL\u0130 ZEYBEK<\/td>\n<td>\u0130L D\u0130S\u0130PL\u0130N KURULU \u00dcYES\u0130<\/td>\n<\/tr>\n<tr>\n<td>KALENDER NERG\u0130Z<\/td>\n<td>\u0130L D\u0130S\u0130PL\u0130N KURULU \u00dcYES\u0130<\/td>\n<\/tr>\n<\/tbody>\n<\/table>\n","protected":false},"excerpt":{"rendered":"<p>36. Ola\u011fan \u0130l Kongresinde se\u00e7ilen CHP Antalya \u0130l Y\u00f6netimi ve Disiplin Kurulu ilk toplant\u0131lar\u0131n\u0131 yaparak g\u00f6rev da\u011f\u0131l\u0131mlar\u0131n\u0131 belirlediler. CHP Antalya \u0130l y\u00f6netimi ilk toplant\u0131s\u0131n\u0131 \u0130l ba\u015fkanl\u0131\u011f\u0131 toplant\u0131 salonunda yapt\u0131. CHP 36. Ola\u011fan \u0130l kongresinde 306 oy alarak \u0130l Ba\u015fkan\u0131 se\u00e7ilen Ahmet Kumbul\u00a0 ba\u015fkanl\u0131\u011f\u0131nda ki CHP Antalya \u0130l Y\u00f6netim Kurulu ilk toplant\u0131s\u0131nda g\u00f6rev da\u011f\u0131l\u0131m\u0131n\u0131 yaparak \u00e7al\u0131\u015fma [&hellip;]<\/p>\n","protected":false},"author":1,"featured_media":15409,"comment_status":"closed","ping_status":"open","sticky":false,"template":"","format":"standard","meta":[],"categories":[59],"tags":[],"amp_enabled":true,"_links":{"self":[{"href":"https:\/\/chpantalya.com\/index.php?rest_route=\/wp\/v2\/posts\/15408"}],"collection":[{"href":"https:\/\/chpantalya.com\/index.php?rest_route=\/wp\/v2\/posts"}],"about":[{"href":"https:\/\/chpantalya.com\/index.php?rest_route=\/wp\/v2\/types\/post"}],"author":[{"embeddable":true,"href":"https:\/\/chpantalya.com\/index.php?rest_route=\/wp\/v2\/users\/1"}],"replies":[{"embeddable":true,"href":"https:\/\/chpantalya.com\/index.php?rest_route=%2Fwp%2Fv2%2Fcomments&post=15408"}],"version-history":[{"count":0,"href":"https:\/\/chpantalya.com\/index.php?rest_route=\/wp\/v2\/posts\/15408\/revisions"}],"wp:featuredmedia":[{"embeddable":true,"href":"https:\/\/chpantalya.com\/index.php?rest_route=\/wp\/v2\/media\/15409"}],"wp:attachment":[{"href":"https:\/\/chpantalya.com\/index.php?rest_route=%2Fwp%2Fv2%2Fmedia&parent=15408"}],"wp:term":[{"taxonomy":"category","embeddable":true,"href":"https:\/\/chpantalya.com\/index.php?rest_route=%2Fwp%2Fv2%2Fcategories&post=15408"},{"taxonomy":"post_tag","embeddable":true,"href":"https:\/\/chpantalya.com\/index.php?rest_route=%2Fwp%2Fv2%2Ftags&post=15408"}],"curies":[{"name":"wp","href":"https:\/\/api.w.org\/{rel}","templated":true}]}}