{"id":15503,"date":"2018-01-19T17:49:54","date_gmt":"2018-01-19T14:49:54","guid":{"rendered":"http:\/\/chpantalya.com\/?p=15503"},"modified":"2018-01-19T17:49:54","modified_gmt":"2018-01-19T14:49:54","slug":"helal-turizm-tartismalari-tbmmde","status":"publish","type":"post","link":"https:\/\/chpantalya.com\/?p=15503","title":{"rendered":"HELAL TUR\u0130ZM TARTI\u015eMALARI TBMM\u2019DE"},"content":{"rendered":"<p>&nbsp;<\/p>\n<p><strong>-BUDAK: &nbsp;\u201cHELAL TUR\u0130ZM KAVRAMI, D\u0130\u011eER B\u0130NLERCE \u0130\u015eLETME \u0130\u00c7\u0130N HARAM G\u00d6NDERMES\u0130 \u0130\u00c7ER\u0130YOR, D\u0130\u011eER \u0130\u015eLETMELER\u0130 ZOR DURUMA D\u00dc\u015e\u00dcR\u00dcYOR\u201d <\/strong><\/p>\n<p><strong>&#8211; \u201cD\u0130\u011eER \u0130\u015eLETMELER\u0130 DOLAYLI DA OLSA K\u00d6T\u00dcLEMEK Y\u00d6NETMEL\u0130KLERE AYKIRI\u201d <\/strong><\/p>\n<p><strong>&nbsp;<\/strong><\/p>\n<p>&nbsp;&nbsp;&nbsp;&nbsp;&nbsp;&nbsp;&nbsp;&nbsp;&nbsp;&nbsp;&nbsp; CHP Genel Ba\u015fkan Yard\u0131mc\u0131s\u0131 ve Antalya Milletvekili \u00c7etin Osman Budak, baz\u0131 turizm i\u015fletmelerinin \u201chelal turizm\u201d nitelemesiyle reklam yapmas\u0131n\u0131n, bu nitelemeyi kullanmayan binlerce turistik i\u015fletmeyi zor durumda b\u0131rakt\u0131\u011f\u0131n\u0131 belirterek, \u201cHelal turizm kavram\u0131, di\u011fer turizm i\u015fletmeleri i\u00e7in haram g\u00f6ndermesi i\u00e7eriyor\u201d dedi.<\/p>\n<p>&nbsp;<\/p>\n<p>&nbsp;&nbsp;&nbsp;&nbsp;&nbsp;&nbsp;&nbsp;&nbsp;&nbsp;&nbsp;&nbsp; CHP Genel Ba\u015fkan Yard\u0131mc\u0131s\u0131 ve Antalya Milletvekili \u00c7etin Osman Budak Ba\u015fbakan Binali Y\u0131ld\u0131r\u0131m\u2019\u0131n yan\u0131tlamas\u0131 istemiyle verdi\u011fi \u00f6nergede, turistik i\u015fletmeler aras\u0131nda \u201chelal turizm\u201d&nbsp; nitelemesiyle \u00e7al\u0131\u015fan i\u015fletme say\u0131s\u0131n\u0131n her ge\u00e7en g\u00fcn artt\u0131\u011f\u0131n\u0131 kaydetti.&nbsp; Budak, \u201cBaz\u0131 i\u015fletmelerin kendini bu \u015fekilde tan\u0131tmas\u0131n\u0131n bunlar\u0131n d\u0131\u015f\u0131nda kalanlar\u0131n helal olmayan yani \u2018haram\u2019 turizm yapt\u0131\u011f\u0131 g\u00f6ndermesi i\u00e7ermektedir. Helal olmayan anlam\u0131na gelen haram kavram\u0131, T\u00fcrk Dil Kurumu taraf\u0131ndan \u2018Din kurallar\u0131na ayk\u0131r\u0131 olan, din\u00ee bak\u0131mdan yasak olan\u2019 \u015feklinde tan\u0131mlanmaktad\u0131r. &nbsp;&nbsp;&nbsp;&nbsp; Helal turizm yapt\u0131\u011f\u0131n\u0131 iddia eden otellerin d\u0131\u015f\u0131nda kalan binlerce otel, b\u00f6yle bir imaj \u00e7izilmesi kar\u015f\u0131s\u0131nda dolayl\u0131 da olsa itibars\u0131zla\u015ft\u0131r\u0131larak zor durumda kald\u0131\u011f\u0131 de\u011ferlendirilmektedir\u201d dedi.<\/p>\n<p>&nbsp;&nbsp;&nbsp;&nbsp;&nbsp;&nbsp;&nbsp;&nbsp;&nbsp;&nbsp;&nbsp; Budak; Ba\u015fbakan Y\u0131ld\u0131r\u0131m\u2019a \u015fu sorular\u0131 y\u00f6neltti:<\/p>\n<p>&nbsp;\u201c1-&nbsp;&nbsp;&nbsp;&nbsp;&nbsp;\u2018Helal Turizm\u2019 yapt\u0131\u011f\u0131n\u0131 ifade eden i\u015fletmeler i\u00e7in bir helal sertifikas\u0131 ya da ruhsat\u0131 var m\u0131d\u0131r? Bu sertifika i\u00e7in belirlenen temel \u00f6l\u00e7\u00fctler nelerdir?<\/p>\n<p>2-&nbsp;&nbsp;&nbsp;&nbsp;&nbsp;T\u00fcrkiye\u2019de \u2018Helal turizm\u2019 yapan ka\u00e7 i\u015fletme bulunmaktad\u0131r?<\/p>\n<p>3-&nbsp;&nbsp;&nbsp;&nbsp;&nbsp;G\u00fcmr\u00fck ve Ticaret Bakanl\u0131\u011f\u0131n\u0131n 10 Ocak 2015 tarihinde Resmi Gazetede yay\u0131nlanarak y\u00fcr\u00fcrl\u00fc\u011fe giren Ticari Reklam ve Haks\u0131z Ticari Uygulamalar Y\u00f6netmeli\u011finin 5. Maddesinin d bendinde, reklamlar\u0131n, dil, \u0131rk, renk, cinsiyet, siyas\u00ee d\u00fc\u015f\u00fcnce, felsef\u00ee inan\u00e7, din, mezhep ve benzeri \u00f6zelliklere y\u00f6nelik k\u00f6t\u00fcleme, istismar, \u00f6nyarg\u0131 veya ayr\u0131mc\u0131l\u0131k i\u00e7eremeyece\u011fi belirtilmektedir. \u2018Helal Turizm\u2019&nbsp;ad\u0131 kullan\u0131larak haz\u0131rlanan bro\u015f\u00fcr, afi\u015f ve kataloglar, yap\u0131lan promosyon ve reklamlar y\u00f6netmeli\u011fin ilgili maddesine ayk\u0131r\u0131 de\u011fil midir?<\/p>\n<p>4-&nbsp;&nbsp;&nbsp;&nbsp;&nbsp;Ayn\u0131 y\u00f6netmeli\u011finin 8. Maddesinin f bendinde de &nbsp;kar\u015f\u0131la\u015ft\u0131rmal\u0131 reklamlar\u0131n \u2018Rakiplerin fikri ve&nbsp;s\u0131nai&nbsp;m\u00fclkiyet haklar\u0131n\u0131, ticaret unvan\u0131n\u0131, i\u015fletme ad\u0131n\u0131, di\u011fer ay\u0131rt edici i\u015faretlerini, mallar\u0131n\u0131, hizmetlerini, faaliyetlerini veya di\u011fer \u00f6zelliklerini k\u00f6t\u00fclememesi veya itibars\u0131zla\u015ft\u0131rmamas\u0131\u2019 ko\u015fullar\u0131yla yap\u0131labilece\u011fi belirtilmektedir. Dolay\u0131s\u0131yla \u201chelal turizm\u201d ad\u0131 alt\u0131nda yap\u0131lan reklamlar y\u00f6netmeli\u011fin bu maddesine de ayk\u0131r\u0131 de\u011fil midir?<\/p>\n<p>5-&nbsp;&nbsp;&nbsp;&nbsp;&nbsp;T\u00fcrk turizmi a\u00e7\u0131s\u0131ndan olduk\u00e7a s\u0131k\u0131nt\u0131l\u0131 sonu\u00e7lar veren \u201chelal turizm\u201d reklamlar\u0131 y\u00f6netmeli\u011fin ilgili maddeleri gere\u011fi denetlenmekte ve gerekli idari i\u015flemler yap\u0131lmakta m\u0131d\u0131r? Yap\u0131lmaktaysa bug\u00fcne kadar konuyla ilgili ka\u00e7 i\u015flem yap\u0131lm\u0131\u015ft\u0131r?<\/p>\n<p>6-&nbsp;T\u00fcrk turizminin son d\u00f6nemde alkol yasa\u011f\u0131 ve helal turizm tart\u0131\u015fmalar\u0131yla g\u00fcndeme gelmesinin, T\u00fcrkiye\u2019nin ana turizm pazarlar\u0131 olan Almanya ve Rusya pazarlar\u0131n\u0131 nas\u0131l etkiledi\u011fine ili\u015fkin bir inceleme yap\u0131lm\u0131\u015f m\u0131d\u0131r?\u201d<\/p>\n<p>&nbsp;<\/p>\n","protected":false},"excerpt":{"rendered":"<p>&nbsp; -BUDAK: &nbsp;\u201cHELAL TUR\u0130ZM KAVRAMI, D\u0130\u011eER B\u0130NLERCE \u0130\u015eLETME \u0130\u00c7\u0130N HARAM G\u00d6NDERMES\u0130 \u0130\u00c7ER\u0130YOR, D\u0130\u011eER \u0130\u015eLETMELER\u0130 ZOR DURUMA D\u00dc\u015e\u00dcR\u00dcYOR\u201d &#8211; \u201cD\u0130\u011eER \u0130\u015eLETMELER\u0130 DOLAYLI DA OLSA K\u00d6T\u00dcLEMEK Y\u00d6NETMEL\u0130KLERE AYKIRI\u201d &nbsp; &nbsp;&nbsp;&nbsp;&nbsp;&nbsp;&nbsp;&nbsp;&nbsp;&nbsp;&nbsp;&nbsp; CHP Genel Ba\u015fkan Yard\u0131mc\u0131s\u0131 ve Antalya Milletvekili \u00c7etin Osman Budak, baz\u0131 turizm i\u015fletmelerinin \u201chelal turizm\u201d nitelemesiyle reklam yapmas\u0131n\u0131n, bu nitelemeyi kullanmayan binlerce turistik i\u015fletmeyi zor durumda b\u0131rakt\u0131\u011f\u0131n\u0131 [&hellip;]<\/p>\n","protected":false},"author":1,"featured_media":12761,"comment_status":"closed","ping_status":"open","sticky":false,"template":"","format":"standard","meta":[],"categories":[52,35],"tags":[],"amp_enabled":true,"_links":{"self":[{"href":"https:\/\/chpantalya.com\/index.php?rest_route=\/wp\/v2\/posts\/15503"}],"collection":[{"href":"https:\/\/chpantalya.com\/index.php?rest_route=\/wp\/v2\/posts"}],"about":[{"href":"https:\/\/chpantalya.com\/index.php?rest_route=\/wp\/v2\/types\/post"}],"author":[{"embeddable":true,"href":"https:\/\/chpantalya.com\/index.php?rest_route=\/wp\/v2\/users\/1"}],"replies":[{"embeddable":true,"href":"https:\/\/chpantalya.com\/index.php?rest_route=%2Fwp%2Fv2%2Fcomments&post=15503"}],"version-history":[{"count":0,"href":"https:\/\/chpantalya.com\/index.php?rest_route=\/wp\/v2\/posts\/15503\/revisions"}],"wp:featuredmedia":[{"embeddable":true,"href":"https:\/\/chpantalya.com\/index.php?rest_route=\/wp\/v2\/media\/12761"}],"wp:attachment":[{"href":"https:\/\/chpantalya.com\/index.php?rest_route=%2Fwp%2Fv2%2Fmedia&parent=15503"}],"wp:term":[{"taxonomy":"category","embeddable":true,"href":"https:\/\/chpantalya.com\/index.php?rest_route=%2Fwp%2Fv2%2Fcategories&post=15503"},{"taxonomy":"post_tag","embeddable":true,"href":"https:\/\/chpantalya.com\/index.php?rest_route=%2Fwp%2Fv2%2Ftags&post=15503"}],"curies":[{"name":"wp","href":"https:\/\/api.w.org\/{rel}","templated":true}]}}