{"id":15555,"date":"2018-01-22T15:55:58","date_gmt":"2018-01-22T12:55:58","guid":{"rendered":"http:\/\/chpantalya.com\/?p=15555"},"modified":"2018-05-17T23:45:21","modified_gmt":"2018-05-17T20:45:21","slug":"chp-il-baskani-kumbul-turel-rantin-degil-kentin-ve-halkin-cikarlarina-sahip-ciksin","status":"publish","type":"post","link":"https:\/\/chpantalya.com\/?p=15555","title":{"rendered":"CHP \u0130L BA\u015eKANI KUMBUL: \u201cT\u00fcrel, rant\u0131n de\u011fil, kentin ve halk\u0131n \u00e7\u0131karlar\u0131na sahip \u00e7\u0131ks\u0131n\u201d"},"content":{"rendered":"<p>CHP Antalya \u0130l Ba\u015fkan\u0131 Ahmet KUMBUL, B\u00fcy\u00fck\u015fehir Belediye Ba\u015fkan\u0131 Menderes T\u00fcrel\u2019in Bo\u011fa\u00e7ay\u0131, Kruvaziyer Liman, T\u00fcnektepe, Konyaalt\u0131 Sahili gibi \u201c\u00e7\u0131lg\u0131n\u201d \u201cmasa ba\u015f\u0131\u201d projelerine Kuveyt\u2019ten sonra Katar\u2019da yat\u0131r\u0131mc\u0131 aramas\u0131n\u0131 ele\u015ftirerek \u201canla\u015f\u0131lan odur ki Say\u0131n T\u00fcrel her y\u0131l ba\u015f\u0131nda projelere para bulmak i\u00e7in \u201cyat\u0131r\u0131mc\u0131 av\u0131na\u201d \u00e7\u0131k\u0131yor. Ge\u00e7en y\u0131l bu zamanlar Kuveytli yat\u0131r\u0131mc\u0131larla objektiflere poz veriyordu. Bu y\u0131l da Katarl\u0131 yat\u0131r\u0131mc\u0131larla birlikte. G\u00f6rev s\u00fcresinin dolmas\u0131na bir y\u0131l kald\u0131 ama hala yat\u0131r\u0131mc\u0131 bulamamakta. \u00c7\u00fcnk\u00fc bunlar aya\u011f\u0131 yere basan, kamu yarar\u0131 g\u00f6zeten de\u011fil, k\u0131y\u0131lar\u0131m\u0131z\u0131 halka kapat\u0131p, ranta a\u00e7an,\u00a0 denizlerimizin kirlenip koku\u015fmas\u0131na yola a\u00e7acak, en \u00f6zg\u00fcn do\u011fal g\u00fczelliklerimizi bozacak \u201c\u00e7\u0131lg\u0131n\u201d \u201cmasa ba\u015f\u0131 \u201d projeleri. Akl\u0131 ba\u015f\u0131nda hi\u00e7bir yat\u0131r\u0131mc\u0131 da bu projelere yat\u0131r\u0131m yapmaya yana\u015fmaz.\u201d dedi.<\/p>\n<p>&nbsp;<\/p>\n<p>Menderes T\u00fcrel\u2019i hayal d\u00fcnyas\u0131ndan kurtularak\u00a0 kentin ve halk\u0131n yararlar\u0131na ve gelece\u011fine sahip \u00e7\u0131kmaya \u00e7a\u011f\u0131ran CHP \u0130l Ba\u015fkan\u0131 Ahmet Kumbul \u201cKendisinden kentimizin do\u011fal g\u00fczelliklerine b\u00fcy\u00fck zarar verecek, k\u0131y\u0131lar\u0131m\u0131z\u0131 betonla\u015ft\u0131racak, kentimizin gelece\u011fini ipotek alt\u0131na alacak bu \u00e7\u0131lg\u0131n projelere kar\u015f\u0131 direnen, eylemler yapan\u00a0 halk\u0131n ve demokratik kitle \u00f6rg\u00fctlerimizin, meslek odalar\u0131m\u0131z\u0131n\u00a0 sesine kulak vermesini bekliyoruz. Say\u0131n T\u00fcrel Bo\u011fa\u00e7ay\u0131 Projesi ile 10 bin ki\u015fiye istihdam yaratacaklar\u0131n\u0131 ifade ediyor. Bu nas\u0131l bir hayaldir? Hangi i\u015f olanaklar\u0131 b\u00f6yle bir istihdam\u0131 olanakl\u0131 k\u0131lar? T\u00fcrel\u2019i g\u00f6rev s\u00fcresinin dolmas\u0131na bir y\u0131l kala kentimizi b\u00fcy\u00fck bir bor\u00e7 bata\u011f\u0131na sokacak, gelece\u011fimizi ipotek alt\u0131na alacak, kamunun bilgilendirme s\u00fcre\u00e7lerinden kopuk y\u00fcr\u00fct\u00fclen bu yat\u0131r\u0131mc\u0131 arama sezonu kapatarak, yat\u0131r\u0131mc\u0131lar\u0131n de\u011fil, kentin ve halk\u0131n \u00e7\u0131karlar\u0131na sahip \u00e7\u0131kmaya, vicdan\u0131n\u0131n sesini dinlemeye \u00e7a\u011f\u0131r\u0131yoruz. \u00c7ok de\u011fil, bir y\u0131l sonra \u0130stihdam\u0131 yaln\u0131zca in\u015faat i\u015f\u00e7ili\u011fi olarak g\u00f6ren bu zihniyet yerini, \u00fcretime y\u00f6nelik yat\u0131r\u0131m \u00f6nceliklerine, bir avu\u00e7 yat\u0131r\u0131mc\u0131ya rant sa\u011flayan de\u011fil, halk\u0131n \u00e7\u0131karlar\u0131na sahip \u00e7\u0131kan, kentin ve halk\u0131n gelece\u011fi i\u00e7in \u00e7al\u0131\u015fan bir y\u00f6netim anlay\u0131\u015f\u0131na\u00a0 b\u0131rakacakt\u0131r\u201d dedi.<\/p>\n","protected":false},"excerpt":{"rendered":"<p>CHP Antalya \u0130l Ba\u015fkan\u0131 Ahmet KUMBUL, B\u00fcy\u00fck\u015fehir Belediye Ba\u015fkan\u0131 Menderes T\u00fcrel\u2019in Bo\u011fa\u00e7ay\u0131, Kruvaziyer Liman, T\u00fcnektepe, Konyaalt\u0131 Sahili gibi \u201c\u00e7\u0131lg\u0131n\u201d \u201cmasa ba\u015f\u0131\u201d projelerine Kuveyt\u2019ten sonra Katar\u2019da yat\u0131r\u0131mc\u0131 aramas\u0131n\u0131 ele\u015ftirerek \u201canla\u015f\u0131lan odur ki Say\u0131n T\u00fcrel her y\u0131l ba\u015f\u0131nda projelere para bulmak i\u00e7in \u201cyat\u0131r\u0131mc\u0131 av\u0131na\u201d \u00e7\u0131k\u0131yor. Ge\u00e7en y\u0131l bu zamanlar Kuveytli yat\u0131r\u0131mc\u0131larla objektiflere poz veriyordu. Bu y\u0131l da [&hellip;]<\/p>\n","protected":false},"author":1,"featured_media":15346,"comment_status":"closed","ping_status":"open","sticky":false,"template":"","format":"standard","meta":[],"categories":[59],"tags":[],"amp_enabled":true,"_links":{"self":[{"href":"https:\/\/chpantalya.com\/index.php?rest_route=\/wp\/v2\/posts\/15555"}],"collection":[{"href":"https:\/\/chpantalya.com\/index.php?rest_route=\/wp\/v2\/posts"}],"about":[{"href":"https:\/\/chpantalya.com\/index.php?rest_route=\/wp\/v2\/types\/post"}],"author":[{"embeddable":true,"href":"https:\/\/chpantalya.com\/index.php?rest_route=\/wp\/v2\/users\/1"}],"replies":[{"embeddable":true,"href":"https:\/\/chpantalya.com\/index.php?rest_route=%2Fwp%2Fv2%2Fcomments&post=15555"}],"version-history":[{"count":0,"href":"https:\/\/chpantalya.com\/index.php?rest_route=\/wp\/v2\/posts\/15555\/revisions"}],"wp:featuredmedia":[{"embeddable":true,"href":"https:\/\/chpantalya.com\/index.php?rest_route=\/wp\/v2\/media\/15346"}],"wp:attachment":[{"href":"https:\/\/chpantalya.com\/index.php?rest_route=%2Fwp%2Fv2%2Fmedia&parent=15555"}],"wp:term":[{"taxonomy":"category","embeddable":true,"href":"https:\/\/chpantalya.com\/index.php?rest_route=%2Fwp%2Fv2%2Fcategories&post=15555"},{"taxonomy":"post_tag","embeddable":true,"href":"https:\/\/chpantalya.com\/index.php?rest_route=%2Fwp%2Fv2%2Ftags&post=15555"}],"curies":[{"name":"wp","href":"https:\/\/api.w.org\/{rel}","templated":true}]}}