{"id":15955,"date":"2018-02-08T11:28:21","date_gmt":"2018-02-08T08:28:21","guid":{"rendered":"http:\/\/chpantalya.com\/?p=15955"},"modified":"2018-02-08T11:28:21","modified_gmt":"2018-02-08T08:28:21","slug":"akaydindan-yildirima-soru-onergesi","status":"publish","type":"post","link":"https:\/\/chpantalya.com\/?p=15955","title":{"rendered":"AKAYDIN&#8217;DAN YILDIRIM&#8217;A SORU \u00d6NERGES\u0130"},"content":{"rendered":"<p>Antalya Milletvekili Prof. Dr. Mustafa AKAYDIN&#8217;\u0131n, \u015fehir hastaneleri a\u00e7\u0131lan illerde kapat\u0131lmas\u0131 g\u00fcndeme gelen kamu hastanelerine ili\u015fkin, Ba\u015fbakan Binali YILDIRIM&#8217;\u0131n yan\u0131tlamas\u0131 istemiyle verdi\u011fi yaz\u0131l\u0131 soru \u00f6nergesi verdi.<\/p>\n<p><strong>\u00a0<\/strong><\/p>\n<p><strong>T\u00dcRK\u0130YE B\u00dcY\u00dcK M\u0130LLET MECL\u0130S\u0130 BA\u015eKANLI\u011eINA<\/strong><\/p>\n<p>&nbsp;<\/p>\n<p>A\u015fa\u011f\u0131daki sorular\u0131m\u0131n, Anayasan\u0131n 98 ve TBMM \u0130\u00e7t\u00fcz\u00fc\u011f\u00fcn\u00fcn 99. maddeleri gere\u011fince, <strong>Ba\u015fbakan Say\u0131n Binali YILDIRIM<\/strong> taraf\u0131ndan yaz\u0131l\u0131 olarak yan\u0131tland\u0131r\u0131lmas\u0131n\u0131 arz ederim.<\/p>\n<p>&nbsp;<\/p>\n<p><strong>\u00a0<\/strong><\/p>\n<p><strong>\u00a0 \u00a0 \u00a0 \u00a0 \u00a0 \u00a0 \u00a0 \u00a0 \u00a0 \u00a0 \u00a0 \u00a0 \u00a0 \u00a0 \u00a0 \u00a0 \u00a0 \u00a0 \u00a0 \u00a0 \u00a0 \u00a0 \u00a0 \u00a0 \u00a0 \u00a0 \u00a0 \u00a0 \u00a0 \u00a0 \u00a0 \u00a0 \u00a0 \u00a0 \u00a0 \u00a0 \u00a0 \u00a0 \u00a0 \u00a0 \u00a0 \u00a0 \u00a0 \u00a0 \u00a0 Prof. Dr. Mustafa AKAYDIN<\/strong><\/p>\n<p><strong>\u00a0\u00a0\u00a0\u00a0\u00a0\u00a0\u00a0\u00a0\u00a0\u00a0\u00a0\u00a0\u00a0\u00a0\u00a0\u00a0\u00a0\u00a0\u00a0\u00a0\u00a0\u00a0\u00a0\u00a0\u00a0\u00a0\u00a0\u00a0\u00a0\u00a0\u00a0\u00a0\u00a0\u00a0\u00a0\u00a0\u00a0\u00a0\u00a0\u00a0\u00a0\u00a0\u00a0\u00a0\u00a0\u00a0 \u00a0\u00a0\u00a0\u00a0\u00a0\u00a0\u00a0\u00a0\u00a0\u00a0\u00a0\u00a0\u00a0\u00a0\u00a0\u00a0\u00a0\u00a0\u00a0\u00a0\u00a0\u00a0\u00a0\u00a0\u00a0\u00a0\u00a0\u00a0\u00a0\u00a0\u00a0\u00a0\u00a0\u00a0\u00a0\u00a0\u00a0\u00a0\u00a0\u00a0\u00a0\u00a0\u00a0\u00a0\u00a0\u00a0 \u00a0\u00a0\u00a0\u00a0\u00a0\u00a0 Antalya Milletvekili <\/strong><\/p>\n<p><strong>\u00a0<\/strong><\/p>\n<p><strong>\u00a0\u00a0\u00a0\u00a0\u00a0\u00a0\u00a0\u00a0\u00a0\u00a0\u00a0 <\/strong><\/p>\n<p><strong>\u00a0\u00a0\u00a0\u00a0\u00a0\u00a0\u00a0\u00a0\u00a0\u00a0\u00a0 <\/strong>\u00dclkemizde 33 \u015eehir Hastanesinin yap\u0131m\u0131 planlanm\u0131\u015ft\u0131r. Baz\u0131lar\u0131 a\u00e7\u0131lan ve baz\u0131lar\u0131n\u0131n da yap\u0131m\u0131 devam eden \u015fehir hastaneleri nedeniyle, bir\u00e7ok ilimizde y\u0131llarca hizmet vermi\u015f olan kamu hastanelerinin kapat\u0131lmas\u0131 g\u00fcndeme gelmi\u015ftir.<\/p>\n<p>Ge\u00e7ti\u011fimiz g\u00fcnlerde kamuoyuna yans\u0131yan haberlere g\u00f6re Ankara&#8217;da a\u00e7\u0131lacak olan iki \u015fehir hastanesi nedeniyle, aralar\u0131nda Numune Ara\u015ft\u0131rma ve E\u011fitim Hastanesi ve Y\u00fcksek \u0130htisas E\u011fitim ve Ara\u015ft\u0131rma Hastanelerinin de bulundu\u011fu 13 hastanenin kapat\u0131laca\u011f\u0131 ve bu hastane personellerinin de \u015fehir hastanelerinde g\u00f6revlendirilece\u011fi iddia edilmi\u015ftir.<\/p>\n<p><strong>Bu ba\u011flamda;<\/strong><\/p>\n<p>1- Bu hastanelerin kapat\u0131laca\u011f\u0131na ili\u015fkin haberler ger\u00e7e\u011fi yans\u0131tmakta m\u0131d\u0131r?<\/p>\n<p>2- Do\u011fru ise uzunca y\u0131llar hizmet vermi\u015f ve bir\u00e7o\u011fu baz\u0131 alanlarda ihtisasla\u015fm\u0131\u015f olan bu hastanelerin kapat\u0131lmas\u0131n\u0131 nas\u0131l a\u00e7\u0131klars\u0131n\u0131z?<\/p>\n<p>3- Bu kadar hastanenin kapat\u0131lmas\u0131 Ankara gibi n\u00fcfusun yo\u011fun oldu\u011fu illerde sa\u011fl\u0131\u011fa eri\u015fimi zorla\u015ft\u0131rmayacak m\u0131d\u0131r?<\/p>\n<p>4- Ankara&#8217;da iki \u015fehir hastanesi ve \u00f6zel hastaneler acil hasta ba\u015fvurular\u0131na yetecek kapasite ve ula\u015f\u0131m kolayl\u0131\u011f\u0131na sahip midir?<\/p>\n<p>5- Bu hastanelerde g\u00f6rev yapan sa\u011fl\u0131k \u00e7al\u0131\u015fanlar\u0131n\u0131n durumu ne olacakt\u0131r?<\/p>\n<p>6- \u015eehir hastanesi yap\u0131lan ve yap\u0131lmas\u0131 planlanan di\u011fer illerimizde de kapat\u0131lmas\u0131 g\u00fcndemde olan kamu hastanesi var m\u0131d\u0131r? Varsa bunlar hangileridir?<\/p>\n<p>7- Bor\u00e7lar\u0131 nedeniyle hizmet vermez hale gelmi\u015f olan Devlet \u00dcniversite Hastaneleri i\u00e7in herhangi bir \u00e7al\u0131\u015fman\u0131z var m\u0131d\u0131r?<\/p>\n<p>8- B\u00fct\u00fcn bu ad\u0131mlar paras\u0131 \u00e7ok olan\u0131n sa\u011fl\u0131k hizmetinden yararlanaca\u011f\u0131 gibi yani sa\u011fl\u0131\u011f\u0131n ticarile\u015fece\u011fi bir sonu\u00e7 do\u011furmaz m\u0131?<\/p>\n<p>9- Ekonomik yetersizlik nedeniyle sa\u011fl\u0131k hizmetine eri\u015femeyecek yoksul vatanda\u015flar\u0131m\u0131z i\u00e7in bir re\u00e7eteniz var m\u0131d\u0131r?<\/p>\n<p>10- Ara\u015ft\u0131rmalar 600 yataktan y\u00fcksek hastanelerin verimlilik a\u00e7\u0131s\u0131ndan sorun ya\u015fad\u0131klar\u0131n\u0131 g\u00f6stermekte iken, neredeyse tamam\u0131 1000 yatak kapasitesinin \u00fczerinde olan ve hatta baz\u0131lar\u0131n\u0131n 3 binin \u00fczerinde yatak kapasitesine sahip oldu\u011fu \u015fehir hastanelerinin rantabl olaca\u011f\u0131n\u0131 d\u00fc\u015f\u00fcn\u00fcyor musunuz?<\/p>\n","protected":false},"excerpt":{"rendered":"<p>Antalya Milletvekili Prof. Dr. Mustafa AKAYDIN&#8217;\u0131n, \u015fehir hastaneleri a\u00e7\u0131lan illerde kapat\u0131lmas\u0131 g\u00fcndeme gelen kamu hastanelerine ili\u015fkin, Ba\u015fbakan Binali YILDIRIM&#8217;\u0131n yan\u0131tlamas\u0131 istemiyle verdi\u011fi yaz\u0131l\u0131 soru \u00f6nergesi verdi. \u00a0 T\u00dcRK\u0130YE B\u00dcY\u00dcK M\u0130LLET MECL\u0130S\u0130 BA\u015eKANLI\u011eINA &nbsp; A\u015fa\u011f\u0131daki sorular\u0131m\u0131n, Anayasan\u0131n 98 ve TBMM \u0130\u00e7t\u00fcz\u00fc\u011f\u00fcn\u00fcn 99. maddeleri gere\u011fince, Ba\u015fbakan Say\u0131n Binali YILDIRIM taraf\u0131ndan yaz\u0131l\u0131 olarak yan\u0131tland\u0131r\u0131lmas\u0131n\u0131 arz ederim. &nbsp; \u00a0 [&hellip;]<\/p>\n","protected":false},"author":1,"featured_media":10004,"comment_status":"closed","ping_status":"open","sticky":false,"template":"","format":"standard","meta":[],"categories":[35,53],"tags":[],"amp_enabled":true,"_links":{"self":[{"href":"https:\/\/chpantalya.com\/index.php?rest_route=\/wp\/v2\/posts\/15955"}],"collection":[{"href":"https:\/\/chpantalya.com\/index.php?rest_route=\/wp\/v2\/posts"}],"about":[{"href":"https:\/\/chpantalya.com\/index.php?rest_route=\/wp\/v2\/types\/post"}],"author":[{"embeddable":true,"href":"https:\/\/chpantalya.com\/index.php?rest_route=\/wp\/v2\/users\/1"}],"replies":[{"embeddable":true,"href":"https:\/\/chpantalya.com\/index.php?rest_route=%2Fwp%2Fv2%2Fcomments&post=15955"}],"version-history":[{"count":0,"href":"https:\/\/chpantalya.com\/index.php?rest_route=\/wp\/v2\/posts\/15955\/revisions"}],"wp:featuredmedia":[{"embeddable":true,"href":"https:\/\/chpantalya.com\/index.php?rest_route=\/wp\/v2\/media\/10004"}],"wp:attachment":[{"href":"https:\/\/chpantalya.com\/index.php?rest_route=%2Fwp%2Fv2%2Fmedia&parent=15955"}],"wp:term":[{"taxonomy":"category","embeddable":true,"href":"https:\/\/chpantalya.com\/index.php?rest_route=%2Fwp%2Fv2%2Fcategories&post=15955"},{"taxonomy":"post_tag","embeddable":true,"href":"https:\/\/chpantalya.com\/index.php?rest_route=%2Fwp%2Fv2%2Ftags&post=15955"}],"curies":[{"name":"wp","href":"https:\/\/api.w.org\/{rel}","templated":true}]}}