{"id":15966,"date":"2018-02-08T16:14:42","date_gmt":"2018-02-08T13:14:42","guid":{"rendered":"http:\/\/chpantalya.com\/?p=15966"},"modified":"2018-05-17T23:42:14","modified_gmt":"2018-05-17T20:42:14","slug":"chp-il-baskani-kumbul-tunektepe-ozellestirilemez","status":"publish","type":"post","link":"https:\/\/chpantalya.com\/?p=15966","title":{"rendered":"KUMBUL: \u201cT\u00dcNEKTEPE \u00d6ZELLE\u015eT\u0130R\u0130LEMEZ\u201d"},"content":{"rendered":"<p>&nbsp;<\/p>\n<ul>\n<li><strong>\u201c29 YILLIK S\u00dcRE \u0130LE T\u00dcNEKTEPE\u2019Y\u0130 \u0130HALE ETMEK \u2018AL SEN\u0130N OLSUN\u2019 ANLAMINA GELMEKTED\u0130R.\u201d<\/strong><\/li>\n<\/ul>\n<p>Cumhuriyet Halk Partisi Antalya \u0130l Ba\u015fkan\u0131 Ahmet Kumbul, AKP\u2019li B\u00fcy\u00fck\u015fehir Belediyesi\u2019nin T\u00fcnektepe\u2019yi 29 y\u0131ll\u0131\u011f\u0131na \u00f6zel sekt\u00f6re devretmesine y\u00f6nelik ihaleye tepki g\u00f6sterdi. Yap\u0131lan i\u015flemin \u00f6zelle\u015ftirilme oldu\u011funu belirten Kumbul, \u201cT\u00fcrel, Konyaalt\u0131 sahili ile birlikte T\u00fcnektepe\u2019yi de halka kapatmaya \u00e7al\u0131\u015f\u0131yor. AKP politikalar\u0131 ile zaten giderek yoksulla\u015ft\u0131r\u0131lan halk\u0131m\u0131z T\u00fcrel\u2019in deyimi ile T\u00fcnektepe\u2019yi art\u0131k sadece kartpostal gibi seyredecek\u201d dedi.<\/p>\n<p>Cumhuriyet Halk Partisi \u0130l Ba\u015fkan\u0131 Ahmet Kumbul, AKP\u2019li B\u00fcy\u00fck\u015fehir Belediye Ba\u015fkan\u0131 Menderes T\u00fcrel\u2019in giderayak Antalya\u2019n\u0131n ortak de\u011ferlerini elden \u00e7\u0131karmaya ba\u015flad\u0131\u011f\u0131n\u0131, bunun son \u00f6rne\u011finin de T\u00fcnektepe\u2019nin 29 y\u0131ll\u0131\u011f\u0131na \u00f6zelle\u015ftirilmek istenmesi oldu\u011funu s\u00f6yledi.<\/p>\n<p>Ba\u015fkan Kumbul, Konyaalt\u0131 sahilinin hemen bitiminde y\u00fckselen 600 metre rak\u0131ml\u0131 T\u00fcnektepe\u2019nin, \u00fczerindeki tesisler ve yeni yap\u0131lan teleferik ile birlikte \u00f6zelle\u015ftirilmesine y\u00f6nelik ihalenin kabul edilemez oldu\u011funu belirtti. 1970\u2019li y\u0131llarda \u0130l \u00d6zel \u0130daresi taraf\u0131ndan yap\u0131lan D\u00f6ner Gazino ve di\u011fer sosyal tesislere, son y\u0131llarda teleferi\u011fin de eklenmesinin ard\u0131ndan T\u00fcnektepe\u2019ye ilginin daha da artt\u0131\u011f\u0131na de\u011finen Kumbul, \u201cAnla\u015f\u0131lan bu durum rant\u00e7\u0131lar\u0131n i\u015ftah\u0131n\u0131 kabartt\u0131. T\u00fcrel kentin ve kentlinin ortak de\u011ferlerini satmay\u0131 ya da sudan ucuza kiralamay\u0131 temel politika edindi. 29 y\u0131ll\u0131k s\u00fcre ile T\u00fcnektepe\u2019yi ihale etmek \u2018Al senin olsun\u2019 anlam\u0131na gelmektedir. \u00dcstelik bizim param\u0131zla yap\u0131lan teleferik i\u015fletmesi de ihaleyi alan \u015firkete verilmi\u015ftir. \u00a0Bunun ad\u0131 \u00a0kiralama de\u011fil, \u00f6zelle\u015ftirmedir. T\u00fcnektepe\u2019ye \u00e7\u0131kan teleferi\u011fin Sar\u0131su\u2019daki \u00fcnitesinin bulundu\u011fu plaj\u0131n da \u00f6zelle\u015ftirilmesi niyetin asl\u0131nda ne oldu\u011funu a\u00e7\u0131k\u00e7a g\u00f6steriyor\u201d dedi.<\/p>\n<p>Yap\u0131lan ihale ile T\u00fcnektepe\u2019yi alan firman\u0131n 35.8 milyon liral\u0131k yat\u0131r\u0131m yapmas\u0131n\u0131n y\u0131ll\u0131k 1.6 milyon lira kira \u00f6demesinin s\u00f6z konusu oldu\u011funa dikkat \u00e7eken Kumbul, \u201cT\u00fcrel, yat\u0131r\u0131m maliyetinin y\u00fcksekli\u011finden, kaynak bulamamaktan s\u00f6z etmesin. Her a\u011fz\u0131n\u0131 a\u00e7t\u0131\u011f\u0131nda il\u00e7elere y\u00fczlerce milyon liral\u0131k yat\u0131r\u0131m yapt\u0131klar\u0131n\u0131 anlatan, B\u00fct\u00fcn\u015fehir Yasas\u0131 ile belediyenin b\u00fcy\u00fck mali olanaklara kavu\u015ftu\u011funu, milyarlarca liral\u0131k b\u00fct\u00e7elere sahip olduklar\u0131yla \u00f6v\u00fcnen T\u00fcrel, paras\u0131zl\u0131ktan yak\u0131namaz. T\u00fcnektepe Projesi, B\u00fcy\u00fck\u015fehir\u2019in kendi olanaklar\u0131 ile yap\u0131labilecek bir yat\u0131r\u0131md\u0131r. E\u011fer i\u00e7i bo\u015falt\u0131lmad\u0131ysa B\u00fcy\u00fck\u015fehir\u2019in T\u00fcnektepe\u2019yi i\u015fletecek \u015firketleri vard\u0131r. Hal b\u00f6yleyken T\u00fcnektepe\u2019yi \u00f6zelle\u015ftirmek, kentin bir de\u011ferinin daha halk\u0131n elinden al\u0131nmas\u0131d\u0131r. AKP politikalar\u0131 ile zaten giderek yoksulla\u015ft\u0131r\u0131lan halk\u0131m\u0131z T\u00fcrel\u2019in deyimi ile T\u00fcnektepe\u2019yi art\u0131k sadece kartpostal gibi seyredecek\u201d diye konu\u015ftu.<\/p>\n<p>Kumbul s\u00f6zlerini \u015f\u00f6yle s\u00fcrd\u00fcrd\u00fc: \u201cG\u00f6rev s\u00fcresinin bitmesine ve g\u00f6revini Cumhuriyet Halk Partili Belediye Ba\u015fkan\u0131na devretmesine bir y\u0131l kalan Say\u0131n T\u00fcrel, giderayak kentin de\u011ferlerini sat\u0131p savmaya \u00e7al\u0131\u015f\u0131yor. Cumhuriyet Halk Partisi olarak Antalyal\u0131larla birlikte, kamunun mallar\u0131n\u0131n, \u00a0sahillerimizin, koylar\u0131m\u0131z\u0131n elimizden bir bir al\u0131nmas\u0131na kar\u015f\u0131 sonuna kadar m\u00fccadele edece\u011fiz. Rant\u00e7\u0131lar\u0131n de\u011ferlerimizi yok pahas\u0131na elimizden almas\u0131na \u2018dur\u2019 diyece\u011fiz.\u201d.<\/p>\n","protected":false},"excerpt":{"rendered":"<p>&nbsp; \u201c29 YILLIK S\u00dcRE \u0130LE T\u00dcNEKTEPE\u2019Y\u0130 \u0130HALE ETMEK \u2018AL SEN\u0130N OLSUN\u2019 ANLAMINA GELMEKTED\u0130R.\u201d Cumhuriyet Halk Partisi Antalya \u0130l Ba\u015fkan\u0131 Ahmet Kumbul, AKP\u2019li B\u00fcy\u00fck\u015fehir Belediyesi\u2019nin T\u00fcnektepe\u2019yi 29 y\u0131ll\u0131\u011f\u0131na \u00f6zel sekt\u00f6re devretmesine y\u00f6nelik ihaleye tepki g\u00f6sterdi. Yap\u0131lan i\u015flemin \u00f6zelle\u015ftirilme oldu\u011funu belirten Kumbul, \u201cT\u00fcrel, Konyaalt\u0131 sahili ile birlikte T\u00fcnektepe\u2019yi de halka kapatmaya \u00e7al\u0131\u015f\u0131yor. AKP politikalar\u0131 ile zaten giderek [&hellip;]<\/p>\n","protected":false},"author":1,"featured_media":15969,"comment_status":"closed","ping_status":"open","sticky":false,"template":"","format":"standard","meta":[],"categories":[59],"tags":[],"amp_enabled":true,"_links":{"self":[{"href":"https:\/\/chpantalya.com\/index.php?rest_route=\/wp\/v2\/posts\/15966"}],"collection":[{"href":"https:\/\/chpantalya.com\/index.php?rest_route=\/wp\/v2\/posts"}],"about":[{"href":"https:\/\/chpantalya.com\/index.php?rest_route=\/wp\/v2\/types\/post"}],"author":[{"embeddable":true,"href":"https:\/\/chpantalya.com\/index.php?rest_route=\/wp\/v2\/users\/1"}],"replies":[{"embeddable":true,"href":"https:\/\/chpantalya.com\/index.php?rest_route=%2Fwp%2Fv2%2Fcomments&post=15966"}],"version-history":[{"count":0,"href":"https:\/\/chpantalya.com\/index.php?rest_route=\/wp\/v2\/posts\/15966\/revisions"}],"wp:featuredmedia":[{"embeddable":true,"href":"https:\/\/chpantalya.com\/index.php?rest_route=\/wp\/v2\/media\/15969"}],"wp:attachment":[{"href":"https:\/\/chpantalya.com\/index.php?rest_route=%2Fwp%2Fv2%2Fmedia&parent=15966"}],"wp:term":[{"taxonomy":"category","embeddable":true,"href":"https:\/\/chpantalya.com\/index.php?rest_route=%2Fwp%2Fv2%2Fcategories&post=15966"},{"taxonomy":"post_tag","embeddable":true,"href":"https:\/\/chpantalya.com\/index.php?rest_route=%2Fwp%2Fv2%2Ftags&post=15966"}],"curies":[{"name":"wp","href":"https:\/\/api.w.org\/{rel}","templated":true}]}}