{"id":16468,"date":"2018-02-22T12:14:27","date_gmt":"2018-02-22T09:14:27","guid":{"rendered":"http:\/\/chpantalya.com\/?p=16468"},"modified":"2018-05-17T23:39:54","modified_gmt":"2018-05-17T20:39:54","slug":"kumbul-turelin-rantsal-belediyeciligi-dur-durak-bilmiyor","status":"publish","type":"post","link":"https:\/\/chpantalya.com\/?p=16468","title":{"rendered":"KUMBUL: T\u00fcrel\u2019in rantsal belediyecili\u011fi dur durak bilmiyor!"},"content":{"rendered":"<p>&#8211; KUMBUL: \u201cT\u00fcrel\u2019in rantsal belediyecili\u011fi dur durak bilmiyor!\u201d<br \/>\n&#8211; \u201cE\u011fer paraya \u00e7ok ihtiyac\u0131n\u0131z varsa, kent halk\u0131 olarak yard\u0131m kampanyas\u0131 ba\u015flatal\u0131m ve biz de CHP olarak katk\u0131da bulunal\u0131m. Yeter ki bu kenti parsel parsel satmaktan vazge\u00e7in\u201d<br \/>\n&#8211; \u201cCHP b\u00fct\u00fcn projelerimize kar\u015f\u0131 \u00e7\u0131k\u0131yor\u201d diye yak\u0131n\u0131yor Menderes T\u00fcrel ve yanda\u015f kalemler. Evet, kentimizin parsel parsel ya\u011fmalanmas\u0131na yol a\u00e7acak b\u00fct\u00fcn projelerinize kar\u015f\u0131 \u00e7\u0131k\u0131yoruz\u201d<br \/>\n&#8211; \u201cYanda\u015f medyan\u0131zla, sat\u0131l\u0131k kalemlerinizle, ger\u00e7ek d\u0131\u015f\u0131 iddialar\u0131n\u0131zla, yalanlar\u0131n\u0131zla istedi\u011finiz kadar \u00fczerimize gelin. Hodri meydan! Bu kent bizim, bu vatan bizim, satt\u0131rmayaca\u011f\u0131z! Yanda\u015flara pe\u015fke\u015f \u00e7ektirtmeyece\u011fiz! Bir kez daha hayk\u0131r\u0131yoruz, korkmuyoruz, sinmiyoruz, y\u0131lm\u0131yoruz! Antalya\u2019ya hesap vereceksin Menderes T\u00fcrel!\u201d<br \/>\n&#8211;<br \/>\n\u0130l Ba\u015fkan\u0131m\u0131z Ahmet Kumbul bug\u00fcn bir bas\u0131n toplant\u0131s\u0131 d\u00fczenleyerek T\u00fcrel\u2019in son ihalesi Antalya Kent Park\u0131\u2019na y\u00f6nelik kayg\u0131lar\u0131n\u0131 dile getirdi. \u0130l Ba\u015fkan\u0131m\u0131z\u0131n Bas\u0131n Toplant\u0131s\u0131 metni \u015f\u00f6yle:<\/p>\n<p>\u201ckentimizin 3. b\u00fcy\u00fck ye\u015fil alan\u0131 olan Akdeniz Kent Park\u0131. \u201cKente kar\u015f\u0131 su\u00e7\u201d diye tan\u0131mlayabilece\u011fimiz bir \u00e7ok giri\u015fime imza atan Menderes T\u00fcrel, ne yaz\u0131k ki yeni bir giri\u015fimi ile daha kar\u015f\u0131m\u0131zda. Ge\u00e7ti\u011fimiz hafta g\u00fcndeme getirdi\u011fimiz \u201cT\u00fcnektepe\u201d nin ard\u0131ndan, yine bir kamu alan\u0131m\u0131z\u0131n, hem de kentimizin en b\u00fcy\u00fck 3. ye\u015fil alan\u0131n\u0131n \u00f6zelle\u015ftirilmesi ve ticarile\u015ftirilmesi giri\u015fimiyle kar\u015f\u0131 kar\u015f\u0131yay\u0131z. Menderes T\u00fcrel\u2019in rantsal belediyecili\u011fi dur durak bilmiyor!<\/p>\n<p>Akdeniz Kent Park\u0131, Antalyal\u0131lar\u0131n \u201cMiniCity\u201d \u201cMigros\u201d ya da \u201cakvaryum\u201d diye adland\u0131rd\u0131\u011f\u0131 alan, \u00a0arkeolojik \u00f6zellikleriyle, bitki ve arazi yap\u0131s\u0131yla, \u00a0korunmas\u0131 gereken su kaynaklar\u0131yla \u00e7ok de\u011ferli bir vadi; \u201cDo\u011fal Sit Alan\u0131\u201d ve \u201cArkeolojik Sit Alan\u0131\u201d olarak ayr\u0131 ayr\u0131 s\u0131n\u0131rlar\u0131 belirlenerek korunmas\u0131na karar verilmi\u015f, kent plan\u0131na i\u015flenmi\u015f, vadi i\u00e7indeki kal\u0131nt\u0131lar ise \u201c K\u00fclt\u00fcr Varl\u0131\u011f\u0131\u201d olarak tescil edilmi\u015f.<\/p>\n<p>Konyaalt\u0131 sahilinin hemen yan\u0131ba\u015f\u0131nda, deniz, ye\u015fil alan ve tarihi \u00f6zellikleri ile kentimizin \u00e7ok de\u011ferli bir ortak alan\u0131 olan Akdeniz Kent Park\u0131, Menderes T\u00fcrel taraf\u0131ndan 30 y\u0131ll\u0131\u011f\u0131na Kabata\u015f Gayr\u0131menkul A.\u015e. ile R\u00f6nesans Gayr\u0131menkul A.\u015e. ortakl\u0131\u011f\u0131na ihale edildi. Evet, bizim, yani halk\u0131n mal\u0131 olan bir alan\u0131m\u0131z daha rant i\u00e7in \u00f6zel \u015firketlere verildi.\u00a0 B\u00fcy\u00fck\u015fehir Belediyesine sorsan\u0131z \u201cKonyaalt\u0131na b\u00fcy\u00fck yat\u0131r\u0131m\u201d yap\u0131yorlar.<\/p>\n<p>Gelin hep birlikte bakal\u0131m, asl\u0131nda Antalya\u2019ya ne yap\u0131yorlar:<\/p>\n<ul>\n<li>Vaziyet Planlar\u0131n\u0131 sizlere da\u011f\u0131tt\u0131k. \u0130nceledi\u011fimizde g\u00f6r\u00fcyoruz ki, Minicity\u2019i y\u0131k\u0131p AVM, hastane alan\u0131na otopark, Migros AVM yerine havuz ve restoranlar, Park\u0131n geri kalan\u0131na da paral\u0131 aktivite alanlar\u0131 yap\u0131lacakm\u0131\u015f.<\/li>\n<li>Belediye, projenin b\u00fcy\u00fck kazan\u00e7 getirece\u011fini, zaten buran\u0131n at\u0131l durumda oldu\u011funu, b\u00f6ylelikle canlanaca\u011f\u0131n\u0131 ifade ediyor. T\u0131pk\u0131 Beach Park\u2019ta yapt\u0131\u011f\u0131n\u0131 yap\u0131yor. Yani \u00f6nce alan\u0131 sahipsizle\u015ftirip, at\u0131l duruma getiriyor. Ard\u0131ndan da \u201ccanland\u0131rmak\u201d i\u00e7in \u201ckira\u201d ad\u0131 alt\u0131nda \u00f6zelle\u015ftiriyor. D\u00fcnya mimarl\u0131k kamuoyunun \u00f6nemli \u00f6d\u00fcllerinden olan \u201cd\u00fcnyaca \u00fcnl\u00fc ender eserler kategorisi\u201d ne se\u00e7ilen Mini City\u2019de yer alan yap\u0131lar, T\u00fcrel y\u00f6netimi taraf\u0131ndan harap edilmi\u015ftir. Partimizin Belediye Ba\u015fkan\u0131 Mustafa Akayd\u0131n zaman\u0131nda 5 milyon TL ye ihale edilip bitirilen ve kente 10 hektarl\u0131k \u00e7ok de\u011ferli bir ye\u015fil alan kazan\u0131m\u0131na yol a\u00e7an Akdeniz Kent Park\u0131, \u00f6nce terkediliyor ve ard\u0131ndan da ticarile\u015ftirilerek yeniden ihale ediliyor. Sizce kamunun u\u011frat\u0131ld\u0131\u011f\u0131 bu zarar\u0131n bir bedeli yok mudur?<\/li>\n<li>Y\u0131lda 3 milyon 250 bin TL ve has\u0131lattan da % 2 pay alacakm\u0131\u015f. Peki ihale bedeli? 95 milyon TL. 2013 y\u0131l\u0131nda CHP li Belediye zaman\u0131nda 5 milyon TL ye bitirilen proje, 2017 y\u0131l\u0131nda AKP\u2019li belediye taraf\u0131ndan 95 milyon TL\u2019ye yeniden yap\u0131m\u0131 i\u00e7in ihale ediliyor. Bu, kamu zarar\u0131 de\u011fil de nedir?<\/li>\n<li>Bu Proje i\u00e7in tam 7 kez kent plan\u0131nda de\u011fi\u015fiklik yapm\u0131\u015flar. Alan i\u00e7erisinde yer alan TRT ye ait b\u00f6l\u00fcm ticaret ve turizm alan\u0131na, Hastane alan\u0131 da otoparka d\u00f6n\u00fc\u015ft\u00fcr\u00fclm\u00fc\u015f. Y\u00f6netmeliklere ayk\u0131r\u0131 bir \u015fekilde emsallerle oynanm\u0131\u015f, in\u015faat yo\u011funluklar\u0131 ihale alan\u0131nda artt\u0131r\u0131lm\u0131\u015f ve b\u00f6ylece 50.000 m2 lik yeni tesislerin yap\u0131m\u0131na olanak sa\u011flanm\u0131\u015f. Kapal\u0131 alan tam iki kat art\u0131r\u0131lm\u0131\u015f. Sizce neden?<\/li>\n<li>Vaziyet Plan\u0131nda Migros AVM yok. Yerinde havuz ve restoranlar var. Belediyeye devrine daha 5 y\u0131l olan bu alanda bilmedi\u011fimiz bir pazarl\u0131k m\u0131 oldu? Bilmek hakk\u0131m\u0131z de\u011fil mi?<\/li>\n<li>Bildi\u011finiz gibi, Alan\u0131n kuzey taraf\u0131nda yer alan M\u0130GROS AVM nin yap\u0131 ruhsat\u0131 ve izin veren Meclis kararlar\u0131 \u0130dare Mahkemesi taraf\u0131ndan iptal edilmi\u015fti. Bu iptal kararlar\u0131na ra\u011fmen, ayn\u0131 yollu kararlar\u0131 al\u0131p tekrar uygulamak, sizce g\u00f6revin k\u00f6t\u00fcye kullan\u0131lmas\u0131 de\u011fil midir? Ne oldu, arada yasalar m\u0131 de\u011fi\u015fti, yoksa karar veren kafalar m\u0131?<\/li>\n<li>Gelin duruma bir kez daha topluca bakal\u0131m: Mekansal Planlar Yap\u0131m Y\u00f6netmeli\u011fi, \u015fehircilik ilkeleri, planlama esaslar\u0131 yerle bir edilmi\u015f, hukuksal kararlar yok say\u0131lm\u0131\u015f, ye\u015fil alan olarak de\u011ferlendirilmesi gereken 121 bin metrekarelik kamuya ait \u00e7ok \u00f6zel bir alan ticarile\u015ftirilmi\u015f, do\u011fal ve arkeolojik sit \u00f6zelliklerinin korunmas\u0131 ko\u015fulu ortadan kald\u0131r\u0131lm\u0131\u015f, kamuya a\u00e7\u0131k alan niteli\u011fi t\u00fcm\u00fcyle yok edilmi\u015f, kamu milyonlarca lira zarara u\u011frat\u0131lm\u0131\u015f. Kamunun kaynaklar\u0131, kamusal de\u011ferler yok edilmi\u015f. Bir kamu y\u00f6neticisi bunu neden yapar acaba?<\/li>\n<\/ul>\n<p>B\u00fct\u00fcn bu sorular\u0131n ard\u0131ndan, Naz\u0131m Hikmet\u2019in bir \u015fiiri vard\u0131r, \u201cOnlar \u00fcmidin d\u00fc\u015fman\u0131d\u0131r\u201d diye ba\u015flar. Sizlere onu an\u0131msatmak isterim.<\/p>\n<p>\u015eimdi sizlerin arac\u0131l\u0131\u011f\u0131yla Say\u0131n Belediye Ba\u015fkan\u0131na sesleniyorum:<\/p>\n<p>\u00c7a\u011fda\u015f kentler yaratman\u0131n yolu, halka ait alanlar\u0131n ticarile\u015ftirilmesinden mi ge\u00e7iyor? Kent Plan\u0131nda botanik bah\u00e7esi olarak i\u015flenmi\u015f bir alana AVM yap\u0131nca bu kente iyilik mi yapm\u0131\u015f oluyorsunuz? Taze para bu kadar m\u0131 tatl\u0131? E\u011fer \u00e7ok zor durumdaysan\u0131z bir yard\u0131m kampanyas\u0131 ba\u015flatal\u0131m ve biz de CHP olarak katk\u0131da bulunal\u0131m.\u00a0\u00a0 Ama bu kenti parsel parsel satmaktan ne olur vazge\u00e7in. Art\u0131k yeter! Bu kadar \u201c\u00e7\u0131lg\u0131n\u201d proje istemiyoruz biz. \u00c7\u0131ld\u0131rmaktan vaz ge\u00e7in ve art\u0131k akl\u0131n\u0131z\u0131 ba\u015f\u0131n\u0131za toplay\u0131n, vicdan\u0131n\u0131z\u0131n sesini dinleyin. Bu kadar k\u00f6t\u00fcl\u00fc\u011f\u00fc bu kente yapmay\u0131n!<\/p>\n<p>\u201cCHP b\u00fct\u00fcn projelerimize kar\u015f\u0131 \u00e7\u0131k\u0131yor\u201d diye yak\u0131n\u0131yor Menderes T\u00fcrel ve yanda\u015f kalemler. Evet, kentimizin parsel parsel ya\u011fmalanmas\u0131na yol a\u00e7acak b\u00fct\u00fcn projelerinize kar\u015f\u0131 \u00e7\u0131k\u0131yoruz. Yanl\u0131\u015f politikalar\u0131n\u0131zla T\u00fcrkiye gemi\u00a0 rotalar\u0131ndan \u00e7\u0131kart\u0131lm\u0131\u015fken, mevcut limana kruvaziyer gemi u\u011framazken, Lara Plajlar\u0131na Kruvaziyer Liman yapman\u0131za, b\u00fct\u00fcn Antalya k\u00f6rfezinin koku\u015fmas\u0131na, mevcut oteller doldurulamazken Lara Ormanl\u0131k alan\u0131na oteller dikmenize,\u00a0 Konyaalt\u0131 plajlar\u0131na Yat Liman\u0131 yapman\u0131za, Bo\u011fa\u00e7ay\u0131 projesi ile yeralt\u0131 sular\u0131m\u0131z\u0131 tuzlaman\u0131za, varolan ve kapasitesi yeterli otogar\u0131 ta\u015f\u0131y\u0131p alan\u0131n\u0131 ticarete a\u00e7man\u0131za, T\u00fcnektepe\u2019yi \u00f6zelle\u015ftirmenize, yine d\u00fcnyaca \u00fcnl\u00fc Kaputa\u015f Plaj\u0131n\u0131n\u0131n tepesinden otoyol ge\u00e7irmenize, g\u00fczelim ye\u015fil alanlar\u0131m\u0131za 584 tane ta\u015f oca\u011f\u0131\u00a0 izni vermenize kar\u015f\u0131 \u00e7\u0131k\u0131yoruz. Kamu alanlar\u0131n\u0131 birer birer \u00f6zelle\u015ftiriyorsunuz. Hepsini yarg\u0131ya g\u00f6t\u00fcrece\u011fiz, bu bedelleri sizlerden kuru\u015f kuru\u015f alaca\u011f\u0131z. Bilim insanlar\u0131m\u0131zla, meslek odalar\u0131m\u0131zla, hukuk\u00e7ular\u0131m\u0131zla, kente kar\u015f\u0131 su\u00e7 i\u015fleyenlere sessiz kalmayacak vicdan sahibi b\u00fct\u00fcn Antalyal\u0131larla elele verecek, kentimize sahip \u00e7\u0131kaca\u011f\u0131z. Antalya\u2019n\u0131n gelece\u011fini karartman\u0131za engel olaca\u011f\u0131z.<\/p>\n<p>Yanda\u015f medyan\u0131zla, sat\u0131l\u0131k kalemlerinizle, \u00a0ger\u00e7ek d\u0131\u015f\u0131 iddialar\u0131n\u0131zla, yalanlar\u0131n\u0131zla istedi\u011finiz kadar \u00fczerimize gelin. Hodri meydan! Bu kent bizim, bu vatan bizim, satt\u0131rmayaca\u011f\u0131z! Yanda\u015flara pe\u015fke\u015f \u00e7ektirtmeyece\u011fiz! Bir kez daha hayk\u0131r\u0131yoruz, korkmuyoruz, sinmiyoruz, y\u0131lm\u0131yoruz! Antalya\u2019ya hesap vereceksin Menderes T\u00fcrel!\u201d<\/p>\n<p><a href=\"https:\/\/chpantalya.com\/?attachment_id=16469\" rel=\"attachment wp-att-16469\"><img loading=\"lazy\" class=\"alignleft size-medium wp-image-16469\" src=\"https:\/\/chpantalya.com\/wp-content\/uploads\/2018\/02\/minicity-300x212.jpg\" alt=\"minicity\" width=\"300\" height=\"212\" srcset=\"https:\/\/chpantalya.com\/wp-content\/uploads\/2018\/02\/minicity-300x212.jpg 300w, https:\/\/chpantalya.com\/wp-content\/uploads\/2018\/02\/minicity-768x543.jpg 768w, https:\/\/chpantalya.com\/wp-content\/uploads\/2018\/02\/minicity-1024x724.jpg 1024w, https:\/\/chpantalya.com\/wp-content\/uploads\/2018\/02\/minicity-100x70.jpg 100w, https:\/\/chpantalya.com\/wp-content\/uploads\/2018\/02\/minicity-696x492.jpg 696w, https:\/\/chpantalya.com\/wp-content\/uploads\/2018\/02\/minicity-1068x755.jpg 1068w, https:\/\/chpantalya.com\/wp-content\/uploads\/2018\/02\/minicity-594x420.jpg 594w, https:\/\/chpantalya.com\/wp-content\/uploads\/2018\/02\/minicity-1920x1357.jpg 1920w\" sizes=\"(max-width: 300px) 100vw, 300px\" \/><\/a><\/p>\n","protected":false},"excerpt":{"rendered":"<p>&#8211; KUMBUL: \u201cT\u00fcrel\u2019in rantsal belediyecili\u011fi dur durak bilmiyor!\u201d &#8211; \u201cE\u011fer paraya \u00e7ok ihtiyac\u0131n\u0131z varsa, kent halk\u0131 olarak yard\u0131m kampanyas\u0131 ba\u015flatal\u0131m ve biz de CHP olarak katk\u0131da bulunal\u0131m. Yeter ki bu kenti parsel parsel satmaktan vazge\u00e7in\u201d &#8211; \u201cCHP b\u00fct\u00fcn projelerimize kar\u015f\u0131 \u00e7\u0131k\u0131yor\u201d diye yak\u0131n\u0131yor Menderes T\u00fcrel ve yanda\u015f kalemler. Evet, kentimizin parsel parsel ya\u011fmalanmas\u0131na yol a\u00e7acak [&hellip;]<\/p>\n","protected":false},"author":1,"featured_media":16470,"comment_status":"closed","ping_status":"open","sticky":false,"template":"","format":"standard","meta":[],"categories":[59],"tags":[],"amp_enabled":true,"_links":{"self":[{"href":"https:\/\/chpantalya.com\/index.php?rest_route=\/wp\/v2\/posts\/16468"}],"collection":[{"href":"https:\/\/chpantalya.com\/index.php?rest_route=\/wp\/v2\/posts"}],"about":[{"href":"https:\/\/chpantalya.com\/index.php?rest_route=\/wp\/v2\/types\/post"}],"author":[{"embeddable":true,"href":"https:\/\/chpantalya.com\/index.php?rest_route=\/wp\/v2\/users\/1"}],"replies":[{"embeddable":true,"href":"https:\/\/chpantalya.com\/index.php?rest_route=%2Fwp%2Fv2%2Fcomments&post=16468"}],"version-history":[{"count":0,"href":"https:\/\/chpantalya.com\/index.php?rest_route=\/wp\/v2\/posts\/16468\/revisions"}],"wp:featuredmedia":[{"embeddable":true,"href":"https:\/\/chpantalya.com\/index.php?rest_route=\/wp\/v2\/media\/16470"}],"wp:attachment":[{"href":"https:\/\/chpantalya.com\/index.php?rest_route=%2Fwp%2Fv2%2Fmedia&parent=16468"}],"wp:term":[{"taxonomy":"category","embeddable":true,"href":"https:\/\/chpantalya.com\/index.php?rest_route=%2Fwp%2Fv2%2Fcategories&post=16468"},{"taxonomy":"post_tag","embeddable":true,"href":"https:\/\/chpantalya.com\/index.php?rest_route=%2Fwp%2Fv2%2Ftags&post=16468"}],"curies":[{"name":"wp","href":"https:\/\/api.w.org\/{rel}","templated":true}]}}