{"id":16648,"date":"2018-02-28T19:00:35","date_gmt":"2018-02-28T16:00:35","guid":{"rendered":"http:\/\/chpantalya.com\/?p=16648"},"modified":"2018-02-28T15:10:01","modified_gmt":"2018-02-28T12:10:01","slug":"chp-antalya-hedef-2019-calistayi-sonuc-bildirisi","status":"publish","type":"post","link":"https:\/\/chpantalya.com\/?p=16648","title":{"rendered":"CHP ANTALYA- HEDEF 2019 \u00c7ALI\u015eTAYI SONU\u00c7 B\u0130LD\u0130R\u0130S\u0130"},"content":{"rendered":"<p><em>Cumhuriyet Halk Partisi Antalya \u0130l Ba\u015fkanl\u0131\u011f\u0131 olarak 24-25 \u015eubat 2018 tarihlerinde <\/em>Genel Ba\u015fkan Yard\u0131mc\u0131m\u0131z \u00c7etin Osman Budak, \u0130l Disiplin Kurulu Ba\u015fkan ve Y\u00f6neticilerimiz, \u0130l\u00e7e Ba\u015fkanlar\u0131m\u0131z, Milletvekillerimiz, \u0130l-\u0130l\u00e7e Y\u00f6netim Kurulu \u00dcyelerimiz, Belediye Ba\u015fkanlar\u0131m\u0131z ve Meclis \u00dcyelerimiz, \u0130l-\u0130l\u00e7e Kad\u0131n ve Gen\u00e7lik Kollar\u0131 Ba\u015fkanlar\u0131m\u0131z ile birlikte \u201c HEDEF 2019 CHP Antalya \u00c7al\u0131\u015ftay\u0131\u201d n\u0131 toplad\u0131k. T\u00fcm \u00f6rg\u00fctlerimizin kat\u0131l\u0131m\u0131yla ger\u00e7ekle\u015fen \u00c7al\u0131\u015ftay\u0131m\u0131zda s\u00f6z alan \u00f6rg\u00fct y\u00f6neticilerimiz; gerek yerel ve gerekse genel se\u00e7imlerde, Cumhuriyet Halk Partisi iktidar\u0131n\u0131n kurulaca\u011f\u0131na olan inanc\u0131, kararl\u0131l\u0131\u011f\u0131 ve \u00e7al\u0131\u015fma azmini dile getirmi\u015flerdir. \u00c7al\u0131\u015ftay\u0131m\u0131zda dile getirilen \u00e7ok say\u0131daki \u00f6neri ve g\u00f6r\u00fc\u015f \u00e7al\u0131\u015fma programlar\u0131m\u0131z\u0131 belirleyecektir. Yap\u0131lan t\u00fcm bu de\u011ferlendirmelerin \u0131\u015f\u0131\u011f\u0131nda haz\u0131rlanan bildirimizi bas\u0131n\u0131n ve kamuoyunun bilgisine sunar\u0131z.<\/p>\n<p><em><strong>CHP ANTALYA- HEDEF 2019 \u00c7ALI\u015eTAYI<\/strong><\/em><strong> SONU\u00c7 B\u0130LD\u0130R\u0130S\u0130<\/strong><\/p>\n<p>Bizler, k\u00f6kleri Kuvay\u0131 Milliye\u2019ye dayanan, ulu \u00f6nder Mustafa Kemal Atat\u00fcrk\u2019\u00fcn izinde, tam ba\u011f\u0131ms\u0131z, laik, demokratik ve \u00e7a\u011fda\u015f T\u00fcrkiye\u2019nin kurucu partisi olan Cumhuriyet Halk Partisi\u2019nin Antalya neferleriyiz.<\/p>\n<p>36. Kurultay\u0131m\u0131z\u0131n a\u00e7\u0131klad\u0131\u011f\u0131 gibi; onalt\u0131 y\u0131ll\u0131k AKP H\u00fck\u00fcmetleri d\u00f6neminde cumhuriyetimizin temeli olan kuvvetler ayr\u0131l\u0131\u011f\u0131 ortadan kald\u0131r\u0131lm\u0131\u015f, tek adama dayal\u0131 parti devleti kurulmu\u015ftur. Darbe giri\u015fimi bahane edilerek kar\u015f\u0131 darbe ger\u00e7ekle\u015ftirilmi\u015f ve ilan edilen OHAL arac\u0131l\u0131\u011f\u0131yla temel hak ve h\u00fcrriyetlerimiz yok edilmi\u015ftir. Milli servetimiz ve birikimlerimiz ya\u011fmalanm\u0131\u015f, geni\u015f halk kitleleri i\u015fsizlik ve yoksullu\u011fa mahkum edilmi\u015ftir.\u00a0Daha ac\u0131 olan\u0131 ise, birlikte ya\u015fama irademiz; ayr\u0131\u015ft\u0131ran, kutupla\u015ft\u0131ran ve \u00f6tekile\u015ftiren kimlik siyaseti ile a\u015f\u0131nd\u0131r\u0131lm\u0131\u015ft\u0131r.<\/p>\n<p>T\u00fcrkiye gibi Antalya da bu karanl\u0131k y\u00f6netim anlay\u0131\u015f\u0131n\u0131n bask\u0131s\u0131 alt\u0131ndad\u0131r. Ya\u011fmalanan k\u0131y\u0131lar\u0131, ke\u015fmeke\u015fe d\u00f6nen trafi\u011fi, T\u00fcrkiye\u2019nin en pahal\u0131 toplu ta\u015f\u0131malar\u0131ndan biri, parsel parsel sat\u0131lan kentsel topraklar\u0131, kirletilen kaynak sular\u0131, do\u011fay\u0131 harap eden rant projeleri ile Antalya\u2019da AKP\u2019li B\u00fcy\u00fck\u015fehir Belediyesi kente kar\u015f\u0131 su\u00e7 i\u015flemektedir. Antalya\u2019y\u0131 T\u00fcrkiye\u2019nin en bor\u00e7lu belediyeleri aras\u0131na sokarak gelece\u011fimizi ipotek alt\u0131na alm\u0131\u015ft\u0131r.<\/p>\n<p>Mutlaka, ama mutlaka \u00f6nce Antalya\u2019y\u0131, ard\u0131ndan da \u00fclkemizi bu zihniyetten kurtaraca\u011f\u0131z.<\/p>\n<p>Gerek Kurultay\u0131m\u0131z\u0131n 17 madde halinde belirledi\u011fi \u00f6n\u00fcm\u00fczdeki d\u00f6nemin hedefleri, gerekse Genel Ba\u015fkan\u0131m\u0131z Say\u0131n Kemal K\u0131l\u0131\u00e7daro\u011flu\u2019nun a\u00e7\u0131klad\u0131\u011f\u0131 6 maddelik g\u00f6revlerimiz \u00e7er\u00e7evesinde; kentimizde \u00f6ncelikle \u00f6rg\u00fctlerimizden ba\u015flayarak ve hep birlikte, dost\u00e7a, karde\u015f\u00e7e, sol dayan\u0131\u015fmam\u0131z\u0131 kuracak, AKP fa\u015fizmine kar\u015f\u0131 olan b\u00fct\u00fcn toplumsal kesimlerin deste\u011fini alarak, omuz omuza \u00e7al\u0131\u015faca\u011f\u0131z.<\/p>\n<p>De\u011fi\u015ftiren g\u00fcc\u00fcn s\u00f6z de\u011fil, eylem oldu\u011funun bilinciyle; mahallelerden ve k\u0131rsaldan ba\u015flayan \u00e7al\u0131\u015fmalar\u0131m\u0131zla, Parti disiplini ve sayg\u0131n\u0131n \u0131\u015f\u0131\u011f\u0131yla, kimseyi \u00f6tekile\u015ftirmeden,\u00a0 AKP\u2019nin tek adam rejimine kar\u015f\u0131 m\u00fccadelemizi y\u00fckseltece\u011fiz.<\/p>\n<p><em>Do\u011fal de\u011ferlerimizi, havam\u0131z\u0131, topra\u011f\u0131m\u0131z\u0131 ve suyumuzu koruyacak; denizlerimizin, ormanlar\u0131m\u0131z\u0131n ve tar\u0131m arazilerimizin ya\u011fmalanmas\u0131na izin vermeyece\u011fiz. <\/em>Cumhuriyet ve demokrasiyi, laik ve \u00e7a\u011fda\u015f ya\u015fam\u0131, e\u015fitlik, \u00f6zg\u00fcrl\u00fck ve dayan\u0131\u015fmay\u0131 ADALET ve CESARET\u2019le savunacak ve y\u00fcceltece\u011fiz. Bu inan\u00e7 ve kararl\u0131l\u0131kla yola \u00e7\u0131k\u0131yoruz!<\/p>\n","protected":false},"excerpt":{"rendered":"<p>Cumhuriyet Halk Partisi Antalya \u0130l Ba\u015fkanl\u0131\u011f\u0131 olarak 24-25 \u015eubat 2018 tarihlerinde Genel Ba\u015fkan Yard\u0131mc\u0131m\u0131z \u00c7etin Osman Budak, \u0130l Disiplin Kurulu Ba\u015fkan ve Y\u00f6neticilerimiz, \u0130l\u00e7e Ba\u015fkanlar\u0131m\u0131z, Milletvekillerimiz, \u0130l-\u0130l\u00e7e Y\u00f6netim Kurulu \u00dcyelerimiz, Belediye Ba\u015fkanlar\u0131m\u0131z ve Meclis \u00dcyelerimiz, \u0130l-\u0130l\u00e7e Kad\u0131n ve Gen\u00e7lik Kollar\u0131 Ba\u015fkanlar\u0131m\u0131z ile birlikte \u201c HEDEF 2019 CHP Antalya \u00c7al\u0131\u015ftay\u0131\u201d n\u0131 toplad\u0131k. T\u00fcm \u00f6rg\u00fctlerimizin kat\u0131l\u0131m\u0131yla ger\u00e7ekle\u015fen [&hellip;]<\/p>\n","protected":false},"author":1,"featured_media":16650,"comment_status":"closed","ping_status":"open","sticky":false,"template":"","format":"standard","meta":[],"categories":[58],"tags":[],"amp_enabled":true,"_links":{"self":[{"href":"https:\/\/chpantalya.com\/index.php?rest_route=\/wp\/v2\/posts\/16648"}],"collection":[{"href":"https:\/\/chpantalya.com\/index.php?rest_route=\/wp\/v2\/posts"}],"about":[{"href":"https:\/\/chpantalya.com\/index.php?rest_route=\/wp\/v2\/types\/post"}],"author":[{"embeddable":true,"href":"https:\/\/chpantalya.com\/index.php?rest_route=\/wp\/v2\/users\/1"}],"replies":[{"embeddable":true,"href":"https:\/\/chpantalya.com\/index.php?rest_route=%2Fwp%2Fv2%2Fcomments&post=16648"}],"version-history":[{"count":0,"href":"https:\/\/chpantalya.com\/index.php?rest_route=\/wp\/v2\/posts\/16648\/revisions"}],"wp:featuredmedia":[{"embeddable":true,"href":"https:\/\/chpantalya.com\/index.php?rest_route=\/wp\/v2\/media\/16650"}],"wp:attachment":[{"href":"https:\/\/chpantalya.com\/index.php?rest_route=%2Fwp%2Fv2%2Fmedia&parent=16648"}],"wp:term":[{"taxonomy":"category","embeddable":true,"href":"https:\/\/chpantalya.com\/index.php?rest_route=%2Fwp%2Fv2%2Fcategories&post=16648"},{"taxonomy":"post_tag","embeddable":true,"href":"https:\/\/chpantalya.com\/index.php?rest_route=%2Fwp%2Fv2%2Ftags&post=16648"}],"curies":[{"name":"wp","href":"https:\/\/api.w.org\/{rel}","templated":true}]}}