{"id":16651,"date":"2018-02-28T16:26:55","date_gmt":"2018-02-28T13:26:55","guid":{"rendered":"http:\/\/chpantalya.com\/?p=16651"},"modified":"2018-02-28T16:29:10","modified_gmt":"2018-02-28T13:29:10","slug":"akaydin-yazili-onerge-verdi","status":"publish","type":"post","link":"https:\/\/chpantalya.com\/?p=16651","title":{"rendered":"AKAYDIN: D-400 KARAYOLU YAPIM \u0130HALES\u0130 HANG\u0130 USULLE YAPILMI\u015eTIR?"},"content":{"rendered":"<p>Antalya Milletvekili Prof. Dr. Mustafa AKAYDIN&#8217;\u0131n; Antalya-Kumluca karayolunda meydana gelen \u00e7\u00f6kme nedeniyle Ula\u015ft\u0131rma Denizcilik ve Haberle\u015fme Bakan\u0131 Say\u0131n Ahmet ARSLAN&#8217;\u0131n yan\u0131tlamas\u0131 istemiyle yaz\u0131l\u0131 soru \u00f6nergesi verdi.<\/p>\n<p><strong>\u00a0T\u00dcRK\u0130YE B\u00dcY\u00dcK M\u0130LLET MECL\u0130S\u0130 BA\u015eKANLI\u011eINA<\/strong><\/p>\n<p>&nbsp;<\/p>\n<p>A\u015fa\u011f\u0131daki sorular\u0131m\u0131n Anayasan\u0131n 98 ve TBMM \u0130\u00e7t\u00fcz\u00fc\u011f\u00fcn\u00fcn 99. maddeleri gere\u011fince, <strong>Ula\u015ft\u0131rma Denizcilik ve Haberle\u015fme Bakan\u0131 Say\u0131n Ahmet ARSLAN<\/strong> taraf\u0131ndan yaz\u0131l\u0131 olarak yan\u0131tland\u0131r\u0131lmas\u0131n\u0131 arz ederim.<\/p>\n<p>&nbsp;<\/p>\n<p>&nbsp;<\/p>\n<p><strong>\u00a0<\/strong><\/p>\n<p><strong>\u00a0\u00a0\u00a0\u00a0\u00a0\u00a0\u00a0\u00a0\u00a0\u00a0\u00a0\u00a0\u00a0\u00a0\u00a0\u00a0\u00a0\u00a0\u00a0\u00a0\u00a0\u00a0\u00a0\u00a0\u00a0\u00a0\u00a0\u00a0\u00a0\u00a0\u00a0\u00a0\u00a0\u00a0\u00a0\u00a0\u00a0\u00a0\u00a0\u00a0\u00a0\u00a0\u00a0\u00a0\u00a0\u00a0\u00a0\u00a0\u00a0\u00a0\u00a0\u00a0\u00a0\u00a0\u00a0\u00a0\u00a0\u00a0\u00a0\u00a0\u00a0\u00a0\u00a0\u00a0\u00a0\u00a0\u00a0\u00a0\u00a0\u00a0\u00a0\u00a0\u00a0\u00a0\u00a0\u00a0\u00a0\u00a0\u00a0\u00a0\u00a0\u00a0\u00a0\u00a0\u00a0\u00a0\u00a0\u00a0\u00a0\u00a0\u00a0\u00a0\u00a0 Prof. Dr. Mustafa AKAYDIN<\/strong><\/p>\n<p><strong>\u00a0\u00a0\u00a0\u00a0\u00a0\u00a0\u00a0\u00a0\u00a0\u00a0\u00a0\u00a0\u00a0\u00a0\u00a0\u00a0\u00a0\u00a0\u00a0\u00a0\u00a0\u00a0\u00a0\u00a0\u00a0\u00a0\u00a0\u00a0\u00a0\u00a0\u00a0\u00a0\u00a0\u00a0\u00a0\u00a0\u00a0\u00a0\u00a0\u00a0\u00a0\u00a0\u00a0\u00a0\u00a0\u00a0\u00a0\u00a0\u00a0\u00a0\u00a0\u00a0\u00a0\u00a0\u00a0\u00a0\u00a0\u00a0\u00a0\u00a0\u00a0\u00a0\u00a0\u00a0\u00a0\u00a0\u00a0\u00a0\u00a0\u00a0\u00a0\u00a0\u00a0\u00a0\u00a0\u00a0\u00a0\u00a0\u00a0\u00a0\u00a0\u00a0\u00a0\u00a0\u00a0\u00a0\u00a0\u00a0\u00a0\u00a0\u00a0\u00a0\u00a0 \u00a0\u00a0\u00a0\u00a0\u00a0\u00a0 Antalya Milletvekili <\/strong><\/p>\n<p><strong>\u00a0<\/strong><\/p>\n<p>25 \u015eubat 2018 g\u00fcn\u00fc Antalya &#8211; Kumluca D- 400 yolunun 20\u2019nci kilometresi Yaz\u0131r Mahallesi Yenbey mevkiindeki yolda, 25-30 metre civar\u0131nda bir \u00e7\u00f6kme meydana gelmi\u015ftir. Can kayb\u0131n\u0131n olmamas\u0131 sevindirici olmakla birlikte, ula\u015f\u0131mda meydana gelen aksamalar vatanda\u015flar\u0131m\u0131z\u0131 olumsuz etkilemekte ve turizm sezonunun a\u00e7\u0131lmas\u0131 ile birlikte bu s\u0131k\u0131nt\u0131lar daha da artacakt\u0131r.<\/p>\n<p>Elbette burada sorgulanmas\u0131 gereken b\u00f6ylesi \u00f6nemli bir karayolunda iki g\u00fcn ya\u011fan ya\u011fmur sonucu nas\u0131l bu kadar ciddi bir \u00e7\u00f6kmenin meydana gelebildi\u011fi ve bunun bir do\u011fal afet olarak ge\u00e7i\u015ftirilmeyerek, ihale s\u00fcrecinden itibaren yolun yap\u0131m a\u015famas\u0131, kullan\u0131lan malzemeler, m\u00fchendislik gibi akla gelen bir\u00e7ok sorunun cevapland\u0131r\u0131lmas\u0131d\u0131r.<\/p>\n<p>&nbsp;<\/p>\n<p>Bu ba\u011flamda;<\/p>\n<p>&nbsp;<\/p>\n<ul>\n<li>D-400 Karayolu yap\u0131m ihalesi hangi usulle yap\u0131lm\u0131\u015ft\u0131r?<\/li>\n<li>\u0130haleyi alan firma karayollar\u0131 denetim elemanlar\u0131nca yeterli ve sa\u011fl\u0131kl\u0131 bir \u015fekilde denetlenmekte midir?<\/li>\n<li>Denetleniyor ise herhangi bir eksiklik tespit edilerek firmaya bildirilmi\u015f midir?<\/li>\n<li>Yap\u0131lm\u0131\u015f olan ihale Kamu \u0130hale Kanunu\u2019na uygun olarak m\u0131 yap\u0131lm\u0131\u015ft\u0131r?<\/li>\n<li>\u00dclkemiz genelinde verilen ihalelerde firmalar, Karayollar\u0131 Genel M\u00fcd\u00fcrl\u00fc\u011f\u00fc teknik \u015fartnamelerine uymakta m\u0131d\u0131r?<\/li>\n<li>\u00dclkemiz genelinde karayolu yap\u0131m ihaleleri hangi usullerle yap\u0131lmaktad\u0131r?<\/li>\n<li>Vatanda\u015flar\u0131m\u0131z\u0131n can g\u00fcvenli\u011fini do\u011frudan ilgilendiren bu gibi ihalelerin \u015feffaf yap\u0131lmad\u0131\u011f\u0131 ve sadece s\u0131n\u0131rl\u0131 say\u0131da firman\u0131n ihale ald\u0131\u011f\u0131 ele\u015ftirileri hususunda ne gibi bir a\u00e7\u0131klaman\u0131z vard\u0131r?<\/li>\n<li>\u0130ki g\u00fcnl\u00fck bir ya\u011fmur ya\u011f\u0131\u015f\u0131 sonucu karayolunda b\u00f6yle bir b\u00fcy\u00fck \u00e7\u00f6k\u00fc\u015f ve hasar meydana gelmesi m\u00fcmk\u00fcn m\u00fcd\u00fcr?<\/li>\n<li>Bu b\u00f6lge i\u00e7in ge\u00e7erli olmasa da karayolu yap\u0131mlar\u0131nda heyelan tehlikesi olan alanlar i\u00e7in y\u00fcklenici firmalar\u0131n gerekli \u00f6nlemleri alm\u0131\u015f olmas\u0131 gerekmez mi?<\/li>\n<li>Ula\u015f\u0131m kadar, turizm ve tar\u0131m sekt\u00f6r\u00fc a\u00e7\u0131s\u0131ndan da hayati \u00f6nemde olan bu karayolumuzun ne zaman yeniden trafi\u011fe a\u00e7\u0131laca\u011f\u0131 planlanmaktad\u0131r?<\/li>\n<li>\u00c7\u00f6kme sonucu ortaya \u00e7\u0131kan yeni maliyetten y\u00fcklenici firma m\u0131 sorumludur? Yoksa bu zarar vatanda\u015f\u0131n cebinden mi kar\u015f\u0131lanacakt\u0131r?<\/li>\n<\/ul>\n","protected":false},"excerpt":{"rendered":"<p>Antalya Milletvekili Prof. Dr. Mustafa AKAYDIN&#8217;\u0131n; Antalya-Kumluca karayolunda meydana gelen \u00e7\u00f6kme nedeniyle Ula\u015ft\u0131rma Denizcilik ve Haberle\u015fme Bakan\u0131 Say\u0131n Ahmet ARSLAN&#8217;\u0131n yan\u0131tlamas\u0131 istemiyle yaz\u0131l\u0131 soru \u00f6nergesi verdi. \u00a0T\u00dcRK\u0130YE B\u00dcY\u00dcK M\u0130LLET MECL\u0130S\u0130 BA\u015eKANLI\u011eINA &nbsp; A\u015fa\u011f\u0131daki sorular\u0131m\u0131n Anayasan\u0131n 98 ve TBMM \u0130\u00e7t\u00fcz\u00fc\u011f\u00fcn\u00fcn 99. maddeleri gere\u011fince, Ula\u015ft\u0131rma Denizcilik ve Haberle\u015fme Bakan\u0131 Say\u0131n Ahmet ARSLAN taraf\u0131ndan yaz\u0131l\u0131 olarak yan\u0131tland\u0131r\u0131lmas\u0131n\u0131 arz [&hellip;]<\/p>\n","protected":false},"author":1,"featured_media":12396,"comment_status":"closed","ping_status":"open","sticky":false,"template":"","format":"standard","meta":[],"categories":[35,53],"tags":[],"amp_enabled":true,"_links":{"self":[{"href":"https:\/\/chpantalya.com\/index.php?rest_route=\/wp\/v2\/posts\/16651"}],"collection":[{"href":"https:\/\/chpantalya.com\/index.php?rest_route=\/wp\/v2\/posts"}],"about":[{"href":"https:\/\/chpantalya.com\/index.php?rest_route=\/wp\/v2\/types\/post"}],"author":[{"embeddable":true,"href":"https:\/\/chpantalya.com\/index.php?rest_route=\/wp\/v2\/users\/1"}],"replies":[{"embeddable":true,"href":"https:\/\/chpantalya.com\/index.php?rest_route=%2Fwp%2Fv2%2Fcomments&post=16651"}],"version-history":[{"count":0,"href":"https:\/\/chpantalya.com\/index.php?rest_route=\/wp\/v2\/posts\/16651\/revisions"}],"wp:featuredmedia":[{"embeddable":true,"href":"https:\/\/chpantalya.com\/index.php?rest_route=\/wp\/v2\/media\/12396"}],"wp:attachment":[{"href":"https:\/\/chpantalya.com\/index.php?rest_route=%2Fwp%2Fv2%2Fmedia&parent=16651"}],"wp:term":[{"taxonomy":"category","embeddable":true,"href":"https:\/\/chpantalya.com\/index.php?rest_route=%2Fwp%2Fv2%2Fcategories&post=16651"},{"taxonomy":"post_tag","embeddable":true,"href":"https:\/\/chpantalya.com\/index.php?rest_route=%2Fwp%2Fv2%2Ftags&post=16651"}],"curies":[{"name":"wp","href":"https:\/\/api.w.org\/{rel}","templated":true}]}}