{"id":16700,"date":"2018-03-08T15:42:53","date_gmt":"2018-03-08T12:42:53","guid":{"rendered":"http:\/\/chpantalya.com\/?p=16700"},"modified":"2018-03-10T15:57:02","modified_gmt":"2018-03-10T12:57:02","slug":"bugun-dunya-emekci-kadinlar-gunu","status":"publish","type":"post","link":"https:\/\/chpantalya.com\/?p=16700","title":{"rendered":"Bug\u00fcn, D\u00fcnya Emek\u00e7i Kad\u0131nlar G\u00fcn\u00fc.."},"content":{"rendered":"<p>Cumhuriyet Halk Partisi (CHP) Antalya Kad\u0131n Kollar\u0131, 8 Mart D\u00fcnya Kad\u0131nlar G\u00fcn\u00fc nedeniyle Atat\u00fcrk An\u0131t\u0131\u2019na \u00e7elenk sundu. 8 Mart D\u00fcnya Kad\u0131nlar G\u00fcn\u00fc dolay\u0131s\u0131yla Cumhuriyet Meydan\u0131 Atat\u00fcrk An\u0131t\u0131 \u00f6n\u00fcnde toplanan CHP Kad\u0131n Kollar\u0131 \u00fcyeleri \u00e7elenk sunumunun ard\u0131ndan bas\u0131n a\u00e7\u0131klamas\u0131 yapt\u0131.<\/p>\n<p>Cumhuriyet Halk Partisi (CHP) Antalya Kad\u0131n Kollar\u0131 \u0130l Ba\u015fkan\u0131 Nil\u00fcfer Deveci&#8217;nin a\u00e7\u0131klamas\u0131 \u015f\u00f6yle;<\/p>\n<p>&nbsp;<\/p>\n<p>Afrin operasyonu\u2019nun 48. g\u00fcn\u00fcnde \u015fimdiye kadar \u015fehit d\u00fc\u015fen 43 askerimize Allah\u2019tan rahmet, yaralanan 156 askerimize acil \u015fifalar diliyorum..<\/p>\n<p>Operasyonun bir an \u00f6nce son bulmas\u0131n\u0131 ve evlatlar\u0131m\u0131z\u0131n sa\u011f salim vatan\u0131m\u0131za geri d\u00f6nmesini temenni ediyorum..<\/p>\n<p><strong>Bug\u00fcn, D\u00fcnya Emek\u00e7i Kad\u0131nlar G\u00fcn\u00fc..<\/strong><\/p>\n<p>1857 y\u0131l\u0131nda Amerika Birle\u015fik Devletleri\u2019nin Newyork kentinde ya\u015fayan 40.000 i\u015f\u00e7inin insanl\u0131k d\u0131\u015f\u0131 \u00e7al\u0131\u015fma ko\u015fullar\u0131na ve d\u00fc\u015f\u00fck \u00fccrete kar\u015f\u0131 ba\u015flatt\u0131klar\u0131 grev polisin sald\u0131r\u0131s\u0131 ile kanl\u0131 bir olaya d\u00f6n\u00fc\u015fm\u00fc\u015f \u00e7o\u011fu kad\u0131n 129 i\u015f\u00e7i can vermi\u015ftir.<\/p>\n<p>Yurdumuzda, ilk defa 8 Mart 1921 y\u0131l\u0131nda an\u0131lmaya ba\u015flanm\u0131\u015ft\u0131r.<\/p>\n<p>Kad\u0131nlar\u0131n \u00f6zg\u00fcr ve e\u015fit bireyler durumuna gelmesi i\u00e7in m\u00fccadele etmek, yaln\u0131zca kad\u0131nlar taraf\u0131ndan de\u011fil Laik Demokratik Sosyal Hukuk devleti idealine inanan herkesin g\u00f6revidir. Sorunlar\u0131n \u00e7\u00f6z\u00fcm\u00fc i\u00e7in yasal d\u00fczenlemelerin ger\u00e7ekle\u015ftirilmesi ve kad\u0131n\u0131 ikincile\u015ftiren , yok sayan ve hatta ya\u015fam hakk\u0131 tan\u0131mayan zihniyete kar\u015f\u0131 m\u00fccadele olarak ele al\u0131nmas\u0131yla ger\u00e7ekle\u015fir.<\/p>\n<p>Kad\u0131n do\u011fas\u0131 gere\u011fi aktif, \u00fcretken ve cefakar tav\u0131rlar\u0131yla toplum dinamiklerine y\u00f6n vermi\u015ftir ve vermeye devam etmektedir.<\/p>\n<p>Bug\u00fcn, Cumhuriyet\u2019imizin simgelerinden biri haline gelmi\u015f \u015feker pancar\u0131 fabrikalar\u0131 \u00f6zelle\u015ftirilmeye hatta kapat\u0131lmaya \u00e7al\u0131\u015f\u0131l\u0131yor..<br \/>\nMevcut h\u00fck\u00fcmet, bu fabrikalar\u0131 \u00f6zelle\u015ftirerek, kapatarak bir anlamda Cumhuriyet\u2019ten intikam almaya \u00e7al\u0131\u015f\u0131yor.<br \/>\n\u015eeker fabrikalar\u0131na sahip \u00e7\u0131kmak, Cumhuriyete demokrasiye eme\u011fe ve al\u0131n terine sahip \u00e7\u0131kmak demektir.<br \/>\nBiz kad\u0131nlar, D\u00fcnya Emek\u00e7i Kad\u0131nlar G\u00fcn\u00fc\u2019nde;<br \/>\nCumhuriyet\u2019imizin, eme\u011fin ve al\u0131n terinin kazan\u0131mlar\u0131ndan biri olan \u015eeker Fabrikalar\u0131na ve Cumhuriyet\u2019e sonuna kadar sahip \u00e7\u0131kaca\u011f\u0131z!<\/p>\n<p>Erkek egemen y\u00f6netim anlay\u0131\u015f\u0131n\u0131n g\u00f6lgesinde ya\u015famaya zorlanan kad\u0131nlar bug\u00fcn hala s\u00f6zde verilen haklar\u0131n\u0131n \u00f6zde kullan\u0131lmas\u0131n\u0131 sa\u011flamak i\u00e7in m\u00fccadele veriyor.<\/p>\n<p>\u00c7ocu\u011fa y\u00f6nelik istismar vakalar\u0131n\u0131n katlanarak artt\u0131\u011f\u0131, s\u00f6zde \u201ck\u00fc\u00e7\u00fck ya\u015fta evlilik\u201d lerin \u00f6n\u00fcn\u00fc a\u00e7an, yasa tasar\u0131lar\u0131n\u0131n kanunla\u015ft\u0131\u011f\u0131, bilimsellikten uzak e\u011fitim sistemiyle, e\u011fitimin \u00e7\u00f6kertildi\u011fi bir d\u00fczende; kad\u0131nlar\u0131n, \u00e7ocuklar\u0131n, vatan\u0131n korunmas\u0131 i\u00e7in m\u00fccadele yine biz kad\u0131nlara d\u00fc\u015f\u00fcyor. Biz kad\u0131nlar bu m\u00fccadeleye haz\u0131r\u0131z!<\/p>\n<p>Kad\u0131nlar\u0131n \u00f6zg\u00fcr ve e\u015fit bireyler durumuna gelmesi i\u00e7in m\u00fccadele etmek, yaln\u0131zca kad\u0131nlar taraf\u0131ndan de\u011fil Laik, Demokratik, Sosyal, Hukuk devleti idealine inanan herkesin g\u00f6revidir.<\/p>\n<p>Biz kad\u0131nlar, \u00fclkemizin ayd\u0131nl\u0131k g\u00fcnlere kavu\u015fmas\u0131, \u00e7a\u011fda\u015f modern T\u00fcrkiye i\u00e7in inatla, umutla, kararl\u0131 bir \u015fekilde \u00e7al\u0131\u015fanlar\u0131z.<\/p>\n<p>Ger\u00e7ek demokrasiye ancak e\u015fit hak ve \u00f6zg\u00fcrl\u00fckler, e\u015fit temsil, e\u015fit kat\u0131l\u0131m ile ula\u015fabilece\u011fimiz ger\u00e7e\u011fini vurgulayarak huzurun ve bar\u0131\u015f\u0131n egemen oldu\u011fu bir d\u00fcnya i\u00e7in m\u00fccadelemize devam edece\u011fiz.<\/p>\n<p>Biliyoruz ki bug\u00fcn i\u00e7inde bulundu\u011fumuz karanl\u0131k uzun s\u00fcrmeyecektir.<br \/>\nEkonomik , siyasal ve sosyal hayattaki haklar\u0131m\u0131zdan vazge\u00e7meden bu gidi\u015fe dur demek i\u00e7in;<br \/>\nHaklar\u0131m\u0131z\u0131 almak ve \u00f6zg\u00fcrle\u015fmek i\u00e7in, direniyoruz..<\/p>\n<p>1857 y\u0131l\u0131nda can veren 129 kad\u0131n tekstil i\u015f\u00e7isinin hesab\u0131ndan ba\u015fl\u0131yoruz..<br \/>\nHaf\u0131zam\u0131z\u0131 diri tutarak, bu yolda m\u00fccadele ederken aram\u0131zdan ayr\u0131lan de\u011ferleri;<br \/>\nT\u00fcrkan Saylan\u2019lar\u0131, Bahriye \u00dc\u00e7ok\u2019lar\u0131, Tayyar Rahmiye\u2019leri, Kara Fatma\u2019lar\u0131, yitirdi\u011fimiz canlar\u0131 sayg\u0131yla, minnetle an\u0131yoruz..<\/p>\n\r\n                <style type=\"text\/css\">\r\n                    \r\n                    #tdi_1  .td-doubleSlider-2 .td-item1 {\r\n                        background: url(https:\/\/chpantalya.com\/wp-content\/uploads\/2018\/03\/8mart-1.jpg) 0 0 no-repeat;\r\n                    }\r\n                    #tdi_1  .td-doubleSlider-2 .td-item2 {\r\n                        background: url(https:\/\/chpantalya.com\/wp-content\/uploads\/2018\/03\/8mart-2.jpg) 0 0 no-repeat;\r\n                    }\r\n                    #tdi_1  .td-doubleSlider-2 .td-item3 {\r\n                        background: url(https:\/\/chpantalya.com\/wp-content\/uploads\/2018\/03\/8mart-1.jpeg) 0 0 no-repeat;\r\n                    }\r\n                <\/style>\r\n\r\n                <div id=\"tdi_1\" class=\"td-gallery td-slide-on-2-columns\">\r\n                    <div class=\"post_td_gallery\">\r\n                        <div class=\"td-gallery-slide-top\">\r\n                           <div class=\"td-gallery-title\"><\/div>\r\n\r\n                            <div class=\"td-gallery-controls-wrapper\">\r\n                                <div class=\"td-gallery-slide-count\"><span class=\"td-gallery-slide-item-focus\">1<\/span> - 3<\/div>\r\n                                <div class=\"td-gallery-slide-prev-next-but\">\r\n                                    <i class = \"td-icon-left doubleSliderPrevButton\"><\/i>\r\n                                    <i class = \"td-icon-right doubleSliderNextButton\"><\/i>\r\n                                <\/div>\r\n                            <\/div>\r\n                        <\/div>\r\n\r\n                        <div class = \"td-doubleSlider-1 \">\r\n                            <div class = \"td-slider\">\r\n                                \r\n                    <div class = \"td-slide-item td-item1\">\r\n                        <figure class=\"td-slide-galery-figure td-slide-popup-gallery\">\r\n                            <a class=\"slide-gallery-image-link\" href=\"https:\/\/chpantalya.com\/wp-content\/uploads\/2018\/03\/8mart-1.jpg\" title=\"8mart (1)\"  data-caption=\"\"  data-description=\"\">\r\n                                <img src=\"https:\/\/chpantalya.com\/wp-content\/uploads\/2018\/03\/8mart-1-315x420.jpg\" srcset=\"https:\/\/chpantalya.com\/wp-content\/uploads\/2018\/03\/8mart-1-315x420.jpg 420w, https:\/\/chpantalya.com\/wp-content\/uploads\/2018\/03\/8mart-1.jpg 840w\" sizes=\"(-webkit-min-device-pixel-ratio: 2) 840px, (min-resolution: 192dpi) 840px, 420px\" alt=\"\">\r\n                            <\/a>\r\n                            \r\n                        <\/figure>\r\n                    <\/div>\r\n                    <div class = \"td-slide-item td-item2\">\r\n                        <figure class=\"td-slide-galery-figure td-slide-popup-gallery\">\r\n                            <a class=\"slide-gallery-image-link\" href=\"https:\/\/chpantalya.com\/wp-content\/uploads\/2018\/03\/8mart-2.jpg\" title=\"8mart (2)\"  data-caption=\"\"  data-description=\"\">\r\n                                <img src=\"https:\/\/chpantalya.com\/wp-content\/uploads\/2018\/03\/8mart-2-560x420.jpg\" srcset=\"https:\/\/chpantalya.com\/wp-content\/uploads\/2018\/03\/8mart-2-560x420.jpg 420w, https:\/\/chpantalya.com\/wp-content\/uploads\/2018\/03\/8mart-2.jpg 840w\" sizes=\"(-webkit-min-device-pixel-ratio: 2) 840px, (min-resolution: 192dpi) 840px, 420px\" alt=\"\">\r\n                            <\/a>\r\n                            \r\n                        <\/figure>\r\n                    <\/div>\r\n                    <div class = \"td-slide-item td-item3\">\r\n                        <figure class=\"td-slide-galery-figure td-slide-popup-gallery\">\r\n                            <a class=\"slide-gallery-image-link\" href=\"https:\/\/chpantalya.com\/wp-content\/uploads\/2018\/03\/8mart-1.jpeg\" title=\"8mart (1)\"  data-caption=\"\"  data-description=\"\">\r\n                                <img src=\"https:\/\/chpantalya.com\/wp-content\/uploads\/2018\/03\/8mart-1-560x420.jpeg\" srcset=\"https:\/\/chpantalya.com\/wp-content\/uploads\/2018\/03\/8mart-1-560x420.jpeg 420w, https:\/\/chpantalya.com\/wp-content\/uploads\/2018\/03\/8mart-1.jpeg 840w\" sizes=\"(-webkit-min-device-pixel-ratio: 2) 840px, (min-resolution: 192dpi) 840px, 420px\" alt=\"\">\r\n                            <\/a>\r\n                            \r\n                        <\/figure>\r\n                    <\/div>\r\n                            <\/div>\r\n                        <\/div>\r\n\r\n                        <div class = \"td-doubleSlider-2\">\r\n                            <div class = \"td-slider\">\r\n                                \r\n                    <div class = \"td-button td-item1\">\r\n                        <div class = \"td-border\"><\/div>\r\n                    <\/div>\r\n                    <div class = \"td-button td-item2\">\r\n                        <div class = \"td-border\"><\/div>\r\n                    <\/div>\r\n                    <div class = \"td-button td-item3\">\r\n                        <div class = \"td-border\"><\/div>\r\n                    <\/div>\r\n                            <\/div>\r\n                        <\/div>\r\n\r\n                    <\/div>\r\n\r\n                <\/div>\r\n                \n","protected":false},"excerpt":{"rendered":"<p>Cumhuriyet Halk Partisi (CHP) Antalya Kad\u0131n Kollar\u0131, 8 Mart D\u00fcnya Kad\u0131nlar G\u00fcn\u00fc nedeniyle Atat\u00fcrk An\u0131t\u0131\u2019na \u00e7elenk sundu. 8 Mart D\u00fcnya Kad\u0131nlar G\u00fcn\u00fc dolay\u0131s\u0131yla Cumhuriyet Meydan\u0131 Atat\u00fcrk An\u0131t\u0131 \u00f6n\u00fcnde toplanan CHP Kad\u0131n Kollar\u0131 \u00fcyeleri \u00e7elenk sunumunun ard\u0131ndan bas\u0131n a\u00e7\u0131klamas\u0131 yapt\u0131. Cumhuriyet Halk Partisi (CHP) Antalya Kad\u0131n Kollar\u0131 \u0130l Ba\u015fkan\u0131 Nil\u00fcfer Deveci&#8217;nin a\u00e7\u0131klamas\u0131 \u015f\u00f6yle; &nbsp; Afrin operasyonu\u2019nun [&hellip;]<\/p>\n","protected":false},"author":1,"featured_media":16703,"comment_status":"closed","ping_status":"open","sticky":false,"template":"","format":"standard","meta":[],"categories":[49],"tags":[],"amp_enabled":true,"_links":{"self":[{"href":"https:\/\/chpantalya.com\/index.php?rest_route=\/wp\/v2\/posts\/16700"}],"collection":[{"href":"https:\/\/chpantalya.com\/index.php?rest_route=\/wp\/v2\/posts"}],"about":[{"href":"https:\/\/chpantalya.com\/index.php?rest_route=\/wp\/v2\/types\/post"}],"author":[{"embeddable":true,"href":"https:\/\/chpantalya.com\/index.php?rest_route=\/wp\/v2\/users\/1"}],"replies":[{"embeddable":true,"href":"https:\/\/chpantalya.com\/index.php?rest_route=%2Fwp%2Fv2%2Fcomments&post=16700"}],"version-history":[{"count":0,"href":"https:\/\/chpantalya.com\/index.php?rest_route=\/wp\/v2\/posts\/16700\/revisions"}],"wp:featuredmedia":[{"embeddable":true,"href":"https:\/\/chpantalya.com\/index.php?rest_route=\/wp\/v2\/media\/16703"}],"wp:attachment":[{"href":"https:\/\/chpantalya.com\/index.php?rest_route=%2Fwp%2Fv2%2Fmedia&parent=16700"}],"wp:term":[{"taxonomy":"category","embeddable":true,"href":"https:\/\/chpantalya.com\/index.php?rest_route=%2Fwp%2Fv2%2Fcategories&post=16700"},{"taxonomy":"post_tag","embeddable":true,"href":"https:\/\/chpantalya.com\/index.php?rest_route=%2Fwp%2Fv2%2Ftags&post=16700"}],"curies":[{"name":"wp","href":"https:\/\/api.w.org\/{rel}","templated":true}]}}