{"id":17054,"date":"2018-05-03T10:13:21","date_gmt":"2018-05-03T07:13:21","guid":{"rendered":"http:\/\/chpantalya.com\/?p=17054"},"modified":"2018-05-17T23:31:52","modified_gmt":"2018-05-17T20:31:52","slug":"kumbul-3-mayis-dunya-basin-ozgurlugu-gunu-nedeniyle-bir-basin-aciklamasi-yapti","status":"publish","type":"post","link":"https:\/\/chpantalya.com\/?p=17054","title":{"rendered":"Kumbul 3 May\u0131s D\u00fcnya Bas\u0131n \u00d6zg\u00fcrl\u00fc\u011f\u00fc G\u00fcn\u00fc nedeniyle bir bas\u0131n a\u00e7\u0131klamas\u0131 yapt\u0131"},"content":{"rendered":"<div>Cumhuriyet Halk Partisi Antalya \u0130l Ba\u015fkan\u0131 Ahmet Kumbul 3 May\u0131s D\u00fcnya Bas\u0131n \u00d6zg\u00fcrl\u00fc\u011f\u00fc G\u00fcn\u00fc nedeniyle bir bas\u0131n a\u00e7\u0131klamas\u0131 yapt\u0131.<\/div>\n<div><\/div>\n<div>Birle\u015fmi\u015f Milletler\u2019in, 1993 y\u0131l\u0131nda \u00f6zg\u00fcr ve ba\u011f\u0131ms\u0131z bir bas\u0131n i\u00e7in 3 May\u0131s\u2019\u0131 \u201cD\u00fcnya Bas\u0131n \u00d6zg\u00fcrl\u00fc\u011f\u00fc G\u00fcn\u00fc\u201d olarak kabul etti\u011fi hat\u0131rlat\u0131lan a\u00e7\u0131klamada \u201c3 May\u0131s D\u00fcnya Bas\u0131n \u00d6zg\u00fcrl\u00fc\u011f\u00fc G\u00fcn\u00fc \u00fclkemizde bir kutlama g\u00fcn\u00fc de\u011fil, sorunlar\u0131n alt\u0131n\u0131n \u00e7izildi\u011fi bir g\u00fcn olma \u00f6zelli\u011fini bu y\u0131l da kaybetmedi\u201d denildi.<\/div>\n<div><\/div>\n<div>Medyaya y\u00f6nelik bask\u0131lar\u0131n her ge\u00e7en g\u00fcn artt\u0131\u011f\u0131n\u0131n alt\u0131n\u0131 \u00e7izen \u0130l Ba\u015fkan\u0131 Ahmet Kumbul \u201c\u00fclkemizde 148 olan tutuklu gazeteci say\u0131s\u0131 ile d\u00fcnya s\u0131ralamas\u0131nda be\u015finciyiz. 180 \u00fclke aras\u0131nda yap\u0131lan bas\u0131n \u00f6zg\u00fcrl\u00fc\u011f\u00fc s\u0131ralamas\u0131nda ise 157.\u00a0 s\u0131raday\u0131z. T\u00fcrkiye 2013 y\u0131l\u0131na kadar \u201ck\u0131smen \u00f6zg\u00fcr\u201d \u00fclke kategorisinde iken, 2013 sonras\u0131 \u201c\u00f6zg\u00fcr olmayan \u00fclke\u201d kategorisine al\u0131nd\u0131. Bas\u0131n \u00f6zg\u00fcrl\u00fc\u011f\u00fcn\u00fcn en k\u00f6t\u00fc oldu\u011fu duruma 100, en iyi oldu\u011fu duruma 0 puan veren Freedom House&#8217;a g\u00f6re T\u00fcrkiye 2009&#8217;dan beri her y\u0131l aral\u0131ks\u0131z gerileyerek 50 puandan 76 puana d\u00fc\u015ft\u00fc. \u00d6zetle, \u00fclkemizde\u00a0 ifade \u00f6zg\u00fcrl\u00fc\u011f\u00fc susturulmu\u015f, d\u00f6rd\u00fcnc\u00fc kuvvet dedi\u011fimiz bas\u0131n etkisiz hale getirilmi\u015f durumda. \u00d6zg\u00fcrl\u00fck, sadece AKP \u00f6vg\u00fcs\u00fcne, yani yanda\u015f bas\u0131na var\u201d dedi.<\/div>\n<div>Bir \u00e7ok Medya patronunun atama yoluyla belirlendi\u011fi, siyasal erke teslim oldu\u011fu bu d\u00fczeni de\u011fi\u015ftireceklerini ifade eden Kumbul \u201c\u0130nan\u0131yoruz ki, ba\u015fta bas\u0131n emek\u00e7ileri olmak \u00fczere, 24 Haziran\u2019da halk\u0131m\u0131z ifade ve bas\u0131n \u00f6zg\u00fcrl\u00fc\u011f\u00fcnden, haber alma h\u00fcrriyetinden, \u00f6zg\u00fcrl\u00fckten ve ba\u011f\u0131ms\u0131z yarg\u0131dan yana oy kullanacakt\u0131r. CHP iktidar\u0131nda bas\u0131n ve ifade \u00f6zg\u00fcrl\u00fc\u011f\u00fc herkes i\u00e7in hakim olacak, T\u00fcrkiye\u2019nin bask\u0131c\u0131 d\u00fczeni\u00a0 son bulacakt\u0131r. 2019 y\u0131l\u0131ndan itibaren 3 May\u0131s Bas\u0131n \u00d6zg\u00fcrl\u00fc\u011f\u00fc G\u00fcn\u00fc\u2019n\u00fc kutlad\u0131\u011f\u0131m\u0131z bir \u00fclke olaca\u011f\u0131m\u0131z inanc\u0131yla g\u00f6revini lay\u0131k\u0131yla yapmak i\u00e7in emek veren, m\u00fccadele eden, \u00f6zveriyle \u00e7al\u0131\u015fan b\u00fct\u00fcn bas\u0131n emek\u00e7ilerimize kolayl\u0131klar diliyorum\u201d \u0130fadelerini kulland\u0131.<\/div>\n","protected":false},"excerpt":{"rendered":"<p>Cumhuriyet Halk Partisi Antalya \u0130l Ba\u015fkan\u0131 Ahmet Kumbul 3 May\u0131s D\u00fcnya Bas\u0131n \u00d6zg\u00fcrl\u00fc\u011f\u00fc G\u00fcn\u00fc nedeniyle bir bas\u0131n a\u00e7\u0131klamas\u0131 yapt\u0131. Birle\u015fmi\u015f Milletler\u2019in, 1993 y\u0131l\u0131nda \u00f6zg\u00fcr ve ba\u011f\u0131ms\u0131z bir bas\u0131n i\u00e7in 3 May\u0131s\u2019\u0131 \u201cD\u00fcnya Bas\u0131n \u00d6zg\u00fcrl\u00fc\u011f\u00fc G\u00fcn\u00fc\u201d olarak kabul etti\u011fi hat\u0131rlat\u0131lan a\u00e7\u0131klamada \u201c3 May\u0131s D\u00fcnya Bas\u0131n \u00d6zg\u00fcrl\u00fc\u011f\u00fc G\u00fcn\u00fc \u00fclkemizde bir kutlama g\u00fcn\u00fc de\u011fil, sorunlar\u0131n alt\u0131n\u0131n \u00e7izildi\u011fi bir [&hellip;]<\/p>\n","protected":false},"author":1,"featured_media":17055,"comment_status":"closed","ping_status":"open","sticky":false,"template":"","format":"standard","meta":[],"categories":[59],"tags":[],"amp_enabled":true,"_links":{"self":[{"href":"https:\/\/chpantalya.com\/index.php?rest_route=\/wp\/v2\/posts\/17054"}],"collection":[{"href":"https:\/\/chpantalya.com\/index.php?rest_route=\/wp\/v2\/posts"}],"about":[{"href":"https:\/\/chpantalya.com\/index.php?rest_route=\/wp\/v2\/types\/post"}],"author":[{"embeddable":true,"href":"https:\/\/chpantalya.com\/index.php?rest_route=\/wp\/v2\/users\/1"}],"replies":[{"embeddable":true,"href":"https:\/\/chpantalya.com\/index.php?rest_route=%2Fwp%2Fv2%2Fcomments&post=17054"}],"version-history":[{"count":0,"href":"https:\/\/chpantalya.com\/index.php?rest_route=\/wp\/v2\/posts\/17054\/revisions"}],"wp:featuredmedia":[{"embeddable":true,"href":"https:\/\/chpantalya.com\/index.php?rest_route=\/wp\/v2\/media\/17055"}],"wp:attachment":[{"href":"https:\/\/chpantalya.com\/index.php?rest_route=%2Fwp%2Fv2%2Fmedia&parent=17054"}],"wp:term":[{"taxonomy":"category","embeddable":true,"href":"https:\/\/chpantalya.com\/index.php?rest_route=%2Fwp%2Fv2%2Fcategories&post=17054"},{"taxonomy":"post_tag","embeddable":true,"href":"https:\/\/chpantalya.com\/index.php?rest_route=%2Fwp%2Fv2%2Ftags&post=17054"}],"curies":[{"name":"wp","href":"https:\/\/api.w.org\/{rel}","templated":true}]}}