{"id":17057,"date":"2018-05-03T17:30:06","date_gmt":"2018-05-03T14:30:06","guid":{"rendered":"http:\/\/chpantalya.com\/?p=17057"},"modified":"2018-05-03T16:59:43","modified_gmt":"2018-05-03T13:59:43","slug":"kumbul-yurttasimizin-en-temel-hakki-olan-secme-hakki-gaspediliyor","status":"publish","type":"post","link":"https:\/\/chpantalya.com\/?p=17057","title":{"rendered":"KUMBUL  \u201cYURTTA\u015eIMIZIN EN TEMEL HAKKI OLAN SE\u00c7ME HAKKI GASPED\u0130L\u0130YOR!\u201d"},"content":{"rendered":"<p><strong>&#8212; SE\u00c7MENE ZUL\u00dcM\u2026<\/strong><\/p>\n<p><strong>&#8212; CHP \u0130L BA\u015eKANI KUMBUL: \u201cASKI L\u0130STELER\u0130NDEN B\u0130RDENB\u0130RE YOK OLAN YURTA\u015eLARIMIZ KEND\u0130LER\u0130N\u0130 YEN\u0130DEN YAZDIRMAK \u0130\u00c7\u0130N MURATPA\u015eA \u0130L\u00c7E N\u00dcFUS M\u00dcD\u00dcRL\u00dc\u011e\u00dc\u2019NE G\u0130D\u0130YOR, ANCAK \u2018S\u0130STEMLER \u00c7ALI\u015eMIYOR\u2019 YANITIYLA KAR\u015eILA\u015eIYOR.<\/strong><\/p>\n<p><strong>&#8212; KUMBUL\u00a0 \u201cYURTTA\u015eIMIZIN EN TEMEL HAKKI OLAN SE\u00c7ME HAKKI GASPED\u0130L\u0130YOR!\u201d<\/strong><\/p>\n<p><strong>&#8212; KUMBUL \u201cSAYIN VAL\u0130Y\u0130 KENT\u0130M\u0130Z\u0130N MERKEZ\u0130NDE YA\u015eANAN BU AKSAKLI\u011eI G\u0130DERME KONUSUNDA G\u00d6REVE DAVET ED\u0130YORUM\u201d<\/strong><\/p>\n<p>Cumhuriyet Halk Partisi Antalya \u0130l Ba\u015fkan\u0131 Ahmet Kumbul 2 May\u0131s tarihinde ask\u0131ya \u00e7\u0131kan se\u00e7men listelerinde ismini g\u00f6remeyen \u00e7ok say\u0131da yurtta\u015f\u0131n isimlerini yeniden yazd\u0131rmak i\u00e7in\u00a0 \u0130l\u00e7e N\u00fcfus M\u00fcd\u00fcrl\u00fcklerine gittiklerini ancak burada \u2018sistemler \u00e7al\u0131\u015fm\u0131yor\u2019 yan\u0131t\u0131n\u0131 ald\u0131klar\u0131n\u0131 ifade ederek\u00a0 \u201cYurtta\u015f\u0131m\u0131z\u0131n en temel hakk\u0131 olan se\u00e7me hakk\u0131 gasp ediliyor\u201d dedi.<\/p>\n<p>Muratpa\u015fa \u0130l\u00e7e N\u00fcfus M\u00fcd\u00fcrl\u00fc\u011f\u00fc\u2019ne giderek CHP stand\u0131n\u0131 ziyaret eden ve burada yurtta\u015flarla konu\u015fan Ba\u015fkan Kumbul, Muratpa\u015fa \u0130l\u00e7e N\u00fcfus M\u00fcd\u00fcrl\u00fc\u011f\u00fc\u2019n\u00fcn tam da ask\u0131 s\u00fcrecinin ba\u015flang\u0131c\u0131nda Etiler Mahallesine ta\u015f\u0131nd\u0131\u011f\u0131n\u0131 belirterek \u201cKamuoyunda \u00e7ok da bilinmedi\u011fi i\u00e7in Muratpa\u015fal\u0131lar \u00f6nce eski N\u00fcfus M\u00fcd\u00fcrl\u00fc\u011f\u00fc\u2019ne K\u0131\u015fla mahallesine gidiyorlar. Oradan \u201cta\u015f\u0131nd\u0131\u201d bilgisini al\u0131p Etiler Mahallesine ge\u00e7iyorlar. Orada da \u201csistemler \u00e7al\u0131\u015fm\u0131yor\u201d yan\u0131t\u0131n\u0131 al\u0131p saatlerce bekliyorlar. \u00c7o\u011fu i\u015fyerlerinden izin al\u0131p gelen yurtta\u015flar\u0131m\u0131z ise ne yaz\u0131k ki kaydolamadan geri d\u00f6n\u00fcyorlar. Muratpa\u015fal\u0131lar en temel anayasal haklar\u0131 olan se\u00e7me haklar\u0131n\u0131 kullanabilmek i\u00e7in eziyet \u00e7ekiyorlar. Antalya Valisi Say\u0131n M\u00fcnir Karalo\u011flu\u2019nu kentimizin merkezinde ya\u015fanan bu aksakl\u0131\u011f\u0131 giderme konusunda g\u00f6reve davet ediyorum\u201d dedi.<\/p>\n<p>CHP \u0130l\u00e7e Ba\u015fkanl\u0131klar\u0131n\u0131n kay\u0131p ve ka\u00e7ak se\u00e7men taramas\u0131n\u0131 ev ev dola\u015farak yapt\u0131\u011f\u0131n\u0131 ifade eden Ba\u015fkan Kumbul \u201cMuratpa\u015fa \u0130l\u00e7e \u00d6rg\u00fct\u00fcm\u00fcz \u0130l\u00e7e N\u00fcfus M\u00fcd\u00fcrl\u00fc\u011f\u00fc\u2019ne a\u00e7t\u0131\u011f\u0131 stantla yurtta\u015flar\u0131m\u0131z\u0131n ma\u011fduriyetlerini hafifletmeye \u00e7al\u0131\u015f\u0131yor. Parti \u00f6rg\u00fct\u00fcm\u00fcze \u00e7ok te\u015fekk\u00fcr ediyorum. Ancak Merkezi y\u00f6netimden de kendi g\u00f6revlerini en az\u0131ndan olmas\u0131 gerekti\u011fi gibi yapmalar\u0131n\u0131 talep ediyorum\u201d dedi.<\/p>\n\r\n                <style type=\"text\/css\">\r\n                    \r\n                    #tdi_1  .td-doubleSlider-2 .td-item1 {\r\n                        background: url(https:\/\/chpantalya.com\/wp-content\/uploads\/2018\/05\/SE\u00c7MEN-1.jpg) 0 0 no-repeat;\r\n                    }\r\n                    #tdi_1  .td-doubleSlider-2 .td-item2 {\r\n                        background: url(https:\/\/chpantalya.com\/wp-content\/uploads\/2018\/05\/SE\u00c7MEN-2.jpg) 0 0 no-repeat;\r\n                    }\r\n                    #tdi_1  .td-doubleSlider-2 .td-item3 {\r\n                        background: url(https:\/\/chpantalya.com\/wp-content\/uploads\/2018\/05\/SE\u00c7MEN-3.jpg) 0 0 no-repeat;\r\n                    }\r\n                <\/style>\r\n\r\n                <div id=\"tdi_1\" class=\"td-gallery td-slide-on-2-columns\">\r\n                    <div class=\"post_td_gallery\">\r\n                        <div class=\"td-gallery-slide-top\">\r\n                           <div class=\"td-gallery-title\"><\/div>\r\n\r\n                            <div class=\"td-gallery-controls-wrapper\">\r\n                                <div class=\"td-gallery-slide-count\"><span class=\"td-gallery-slide-item-focus\">1<\/span> - 3<\/div>\r\n                                <div class=\"td-gallery-slide-prev-next-but\">\r\n                                    <i class = \"td-icon-left doubleSliderPrevButton\"><\/i>\r\n                                    <i class = \"td-icon-right doubleSliderNextButton\"><\/i>\r\n                                <\/div>\r\n                            <\/div>\r\n                        <\/div>\r\n\r\n                        <div class = \"td-doubleSlider-1 \">\r\n                            <div class = \"td-slider\">\r\n                                \r\n                    <div class = \"td-slide-item td-item1\">\r\n                        <figure class=\"td-slide-galery-figure td-slide-popup-gallery\">\r\n                            <a class=\"slide-gallery-image-link\" href=\"https:\/\/chpantalya.com\/wp-content\/uploads\/2018\/05\/SE\u00c7MEN-1.jpg\" title=\"SE\u00c7MEN (1)\"  data-caption=\"\"  data-description=\"\">\r\n                                <img src=\"https:\/\/chpantalya.com\/wp-content\/uploads\/2018\/05\/SE\u00c7MEN-1-747x420.jpg\" srcset=\"https:\/\/chpantalya.com\/wp-content\/uploads\/2018\/05\/SE\u00c7MEN-1-747x420.jpg 420w, https:\/\/chpantalya.com\/wp-content\/uploads\/2018\/05\/SE\u00c7MEN-1.jpg 840w\" sizes=\"(-webkit-min-device-pixel-ratio: 2) 840px, (min-resolution: 192dpi) 840px, 420px\" alt=\"\">\r\n                            <\/a>\r\n                            \r\n                        <\/figure>\r\n                    <\/div>\r\n                    <div class = \"td-slide-item td-item2\">\r\n                        <figure class=\"td-slide-galery-figure td-slide-popup-gallery\">\r\n                            <a class=\"slide-gallery-image-link\" href=\"https:\/\/chpantalya.com\/wp-content\/uploads\/2018\/05\/SE\u00c7MEN-2.jpg\" title=\"SE\u00c7MEN (2)\"  data-caption=\"\"  data-description=\"\">\r\n                                <img src=\"https:\/\/chpantalya.com\/wp-content\/uploads\/2018\/05\/SE\u00c7MEN-2-560x420.jpg\" srcset=\"https:\/\/chpantalya.com\/wp-content\/uploads\/2018\/05\/SE\u00c7MEN-2-560x420.jpg 420w, https:\/\/chpantalya.com\/wp-content\/uploads\/2018\/05\/SE\u00c7MEN-2.jpg 840w\" sizes=\"(-webkit-min-device-pixel-ratio: 2) 840px, (min-resolution: 192dpi) 840px, 420px\" alt=\"\">\r\n                            <\/a>\r\n                            \r\n                        <\/figure>\r\n                    <\/div>\r\n                    <div class = \"td-slide-item td-item3\">\r\n                        <figure class=\"td-slide-galery-figure td-slide-popup-gallery\">\r\n                            <a class=\"slide-gallery-image-link\" href=\"https:\/\/chpantalya.com\/wp-content\/uploads\/2018\/05\/SE\u00c7MEN-3.jpg\" title=\"SE\u00c7MEN (3)\"  data-caption=\"\"  data-description=\"\">\r\n                                <img src=\"https:\/\/chpantalya.com\/wp-content\/uploads\/2018\/05\/SE\u00c7MEN-3-560x420.jpg\" srcset=\"https:\/\/chpantalya.com\/wp-content\/uploads\/2018\/05\/SE\u00c7MEN-3-560x420.jpg 420w, https:\/\/chpantalya.com\/wp-content\/uploads\/2018\/05\/SE\u00c7MEN-3.jpg 840w\" sizes=\"(-webkit-min-device-pixel-ratio: 2) 840px, (min-resolution: 192dpi) 840px, 420px\" alt=\"\">\r\n                            <\/a>\r\n                            \r\n                        <\/figure>\r\n                    <\/div>\r\n                            <\/div>\r\n                        <\/div>\r\n\r\n                        <div class = \"td-doubleSlider-2\">\r\n                            <div class = \"td-slider\">\r\n                                \r\n                    <div class = \"td-button td-item1\">\r\n                        <div class = \"td-border\"><\/div>\r\n                    <\/div>\r\n                    <div class = \"td-button td-item2\">\r\n                        <div class = \"td-border\"><\/div>\r\n                    <\/div>\r\n                    <div class = \"td-button td-item3\">\r\n                        <div class = \"td-border\"><\/div>\r\n                    <\/div>\r\n                            <\/div>\r\n                        <\/div>\r\n\r\n                    <\/div>\r\n\r\n                <\/div>\r\n                \n","protected":false},"excerpt":{"rendered":"<p>&#8212; SE\u00c7MENE ZUL\u00dcM\u2026 &#8212; CHP \u0130L BA\u015eKANI KUMBUL: \u201cASKI L\u0130STELER\u0130NDEN B\u0130RDENB\u0130RE YOK OLAN YURTA\u015eLARIMIZ KEND\u0130LER\u0130N\u0130 YEN\u0130DEN YAZDIRMAK \u0130\u00c7\u0130N MURATPA\u015eA \u0130L\u00c7E N\u00dcFUS M\u00dcD\u00dcRL\u00dc\u011e\u00dc\u2019NE G\u0130D\u0130YOR, ANCAK \u2018S\u0130STEMLER \u00c7ALI\u015eMIYOR\u2019 YANITIYLA KAR\u015eILA\u015eIYOR. &#8212; KUMBUL\u00a0 \u201cYURTTA\u015eIMIZIN EN TEMEL HAKKI OLAN SE\u00c7ME HAKKI GASPED\u0130L\u0130YOR!\u201d &#8212; KUMBUL \u201cSAYIN VAL\u0130Y\u0130 KENT\u0130M\u0130Z\u0130N MERKEZ\u0130NDE YA\u015eANAN BU AKSAKLI\u011eI G\u0130DERME KONUSUNDA G\u00d6REVE DAVET ED\u0130YORUM\u201d Cumhuriyet Halk Partisi [&hellip;]<\/p>\n","protected":false},"author":1,"featured_media":17058,"comment_status":"closed","ping_status":"open","sticky":false,"template":"","format":"standard","meta":[],"categories":[58],"tags":[],"amp_enabled":true,"_links":{"self":[{"href":"https:\/\/chpantalya.com\/index.php?rest_route=\/wp\/v2\/posts\/17057"}],"collection":[{"href":"https:\/\/chpantalya.com\/index.php?rest_route=\/wp\/v2\/posts"}],"about":[{"href":"https:\/\/chpantalya.com\/index.php?rest_route=\/wp\/v2\/types\/post"}],"author":[{"embeddable":true,"href":"https:\/\/chpantalya.com\/index.php?rest_route=\/wp\/v2\/users\/1"}],"replies":[{"embeddable":true,"href":"https:\/\/chpantalya.com\/index.php?rest_route=%2Fwp%2Fv2%2Fcomments&post=17057"}],"version-history":[{"count":0,"href":"https:\/\/chpantalya.com\/index.php?rest_route=\/wp\/v2\/posts\/17057\/revisions"}],"wp:featuredmedia":[{"embeddable":true,"href":"https:\/\/chpantalya.com\/index.php?rest_route=\/wp\/v2\/media\/17058"}],"wp:attachment":[{"href":"https:\/\/chpantalya.com\/index.php?rest_route=%2Fwp%2Fv2%2Fmedia&parent=17057"}],"wp:term":[{"taxonomy":"category","embeddable":true,"href":"https:\/\/chpantalya.com\/index.php?rest_route=%2Fwp%2Fv2%2Fcategories&post=17057"},{"taxonomy":"post_tag","embeddable":true,"href":"https:\/\/chpantalya.com\/index.php?rest_route=%2Fwp%2Fv2%2Ftags&post=17057"}],"curies":[{"name":"wp","href":"https:\/\/api.w.org\/{rel}","templated":true}]}}