{"id":17113,"date":"2018-05-10T16:28:39","date_gmt":"2018-05-10T13:28:39","guid":{"rendered":"http:\/\/chpantalya.com\/?p=17113"},"modified":"2018-05-17T23:27:43","modified_gmt":"2018-05-17T20:27:43","slug":"kumbulengelsiz-bir-turkiye-mumkun","status":"publish","type":"post","link":"https:\/\/chpantalya.com\/?p=17113","title":{"rendered":"KUMBUL:ENGELS\u0130Z B\u0130R T\u00dcRK\u0130YE M\u00dcMK\u00dcN!"},"content":{"rendered":"<p>Sevgili Antalyal\u0131lar,<\/p>\n<p>Cumhuriyet Halk Partisi olarak, herkesin insan onuruna yara\u015f\u0131r bir ya\u015fam s\u00fcrmesi umuduyla 10-16 May\u0131s Engelliler Haftas\u0131\u2019n\u0131 kutluyoruz.<\/p>\n<p>Engellilerimizin eri\u015fimden sa\u011fl\u0131\u011fa, e\u011fitimden istihdama her ge\u00e7en g\u00fcn katlanarak artan sorunlar\u0131n\u0131 \u00e7\u00f6zmek i\u00e7in biz haz\u0131r\u0131z. Engelli yurtta\u015flar\u0131m\u0131z\u0131 \u00e7a\u011fda\u015f ya\u015fam\u0131n gerektirdi\u011fi olanaklara her alanda kavu\u015fturaca\u011f\u0131z. Engellilerimizin hak\u00e7a, insan onuruna uygun ya\u015fayabilmeleri i\u00e7in t\u00fcm yurtta\u015flar\u0131m\u0131z\u0131 engellilerin hak m\u00fccadelesine duyarl\u0131 olmaya ve destek vermeye \u00e7a\u011f\u0131r\u0131yoruz.<\/p>\n<p>Bizler, engelli engelsiz t\u00fcm yurtta\u015flar\u0131m\u0131z\u0131n sorunlar\u0131n\u0131n \u00e7\u00f6z\u00fclece\u011fi demokratik, sosyal hukuk devletini kurmak i\u00e7in e\u015fit, adil, herkesin mutlu oldu\u011fu bir T\u00fcrkiye umudumuz i\u00e7in \u00e7al\u0131\u015f\u0131yoruz. \u0130nan\u0131yoruz ki, ba\u015faraca\u011f\u0131z, Engelsiz Bir T\u00fcrkiye M\u00fcmk\u00fcn!<\/p>\n<p>&nbsp;<\/p>\n<p><strong>Ahmet KUMBUL<\/strong><\/p>\n<p><strong>CHP Antalya \u0130l Ba\u015fkan\u0131<\/strong><\/p>\n","protected":false},"excerpt":{"rendered":"<p>Sevgili Antalyal\u0131lar, Cumhuriyet Halk Partisi olarak, herkesin insan onuruna yara\u015f\u0131r bir ya\u015fam s\u00fcrmesi umuduyla 10-16 May\u0131s Engelliler Haftas\u0131\u2019n\u0131 kutluyoruz. Engellilerimizin eri\u015fimden sa\u011fl\u0131\u011fa, e\u011fitimden istihdama her ge\u00e7en g\u00fcn katlanarak artan sorunlar\u0131n\u0131 \u00e7\u00f6zmek i\u00e7in biz haz\u0131r\u0131z. Engelli yurtta\u015flar\u0131m\u0131z\u0131 \u00e7a\u011fda\u015f ya\u015fam\u0131n gerektirdi\u011fi olanaklara her alanda kavu\u015fturaca\u011f\u0131z. Engellilerimizin hak\u00e7a, insan onuruna uygun ya\u015fayabilmeleri i\u00e7in t\u00fcm yurtta\u015flar\u0131m\u0131z\u0131 engellilerin hak m\u00fccadelesine [&hellip;]<\/p>\n","protected":false},"author":1,"featured_media":16924,"comment_status":"closed","ping_status":"open","sticky":false,"template":"","format":"standard","meta":[],"categories":[59],"tags":[],"amp_enabled":true,"_links":{"self":[{"href":"https:\/\/chpantalya.com\/index.php?rest_route=\/wp\/v2\/posts\/17113"}],"collection":[{"href":"https:\/\/chpantalya.com\/index.php?rest_route=\/wp\/v2\/posts"}],"about":[{"href":"https:\/\/chpantalya.com\/index.php?rest_route=\/wp\/v2\/types\/post"}],"author":[{"embeddable":true,"href":"https:\/\/chpantalya.com\/index.php?rest_route=\/wp\/v2\/users\/1"}],"replies":[{"embeddable":true,"href":"https:\/\/chpantalya.com\/index.php?rest_route=%2Fwp%2Fv2%2Fcomments&post=17113"}],"version-history":[{"count":0,"href":"https:\/\/chpantalya.com\/index.php?rest_route=\/wp\/v2\/posts\/17113\/revisions"}],"wp:featuredmedia":[{"embeddable":true,"href":"https:\/\/chpantalya.com\/index.php?rest_route=\/wp\/v2\/media\/16924"}],"wp:attachment":[{"href":"https:\/\/chpantalya.com\/index.php?rest_route=%2Fwp%2Fv2%2Fmedia&parent=17113"}],"wp:term":[{"taxonomy":"category","embeddable":true,"href":"https:\/\/chpantalya.com\/index.php?rest_route=%2Fwp%2Fv2%2Fcategories&post=17113"},{"taxonomy":"post_tag","embeddable":true,"href":"https:\/\/chpantalya.com\/index.php?rest_route=%2Fwp%2Fv2%2Ftags&post=17113"}],"curies":[{"name":"wp","href":"https:\/\/api.w.org\/{rel}","templated":true}]}}