{"id":17203,"date":"2018-05-16T23:29:11","date_gmt":"2018-05-16T20:29:11","guid":{"rendered":"http:\/\/chpantalya.com\/?p=17203"},"modified":"2018-05-17T23:38:22","modified_gmt":"2018-05-17T20:38:22","slug":"kumbul-filistinde-yasananlar-buyuk-bir-katliam-bir-insanlik-dramidir","status":"publish","type":"post","link":"https:\/\/chpantalya.com\/?p=17203","title":{"rendered":"Kumbul: Filistin&#8217;de ya\u015fananlar b\u00fcy\u00fck bir katliam, bir insanl\u0131k dram\u0131d\u0131r."},"content":{"rendered":"<p>Sevgili Antalyal\u0131lar,<\/p>\n<p>Filistin&#8217;de ya\u015fananlar b\u00fcy\u00fck bir katliam, bir insanl\u0131k dram\u0131d\u0131r. Binlerce masum Filistinlinin yaraland\u0131\u011f\u0131, 60 ki\u015finin hayat\u0131n\u0131 kaybetti\u011fi insanl\u0131k d\u0131\u015f\u0131 sald\u0131r\u0131y\u0131 lanetliyoruz. Bu dram\u0131n en \u00f6nemli sebebi Filistin sorununun \u00e7\u00f6z\u00fcms\u00fczl\u00fc\u011f\u00fc, ba\u015fta ABD olmak \u00fczere b\u00fcy\u00fck g\u00fc\u00e7lerin hesaps\u0131z politikalar\u0131 ve \u0130srail&#8217;in gaddar tutumudur. Filistin sorunu \u00e7\u00f6z\u00fclmeden Ortado\u011fu&#8217;da ya\u015fanan sorunlar\u0131n \u00e7\u00f6z\u00fcme kavu\u015fmas\u0131 imk\u00e2ns\u0131zd\u0131r. \u0130srail, Filistin halk\u0131n\u0131n me\u015fru temsilcileri<span class=\"text_exposed_show\">yle m\u00fczakere ederek sorunu \u00e7\u00f6zmek yerine masumlar\u0131 \u00f6ld\u00fcrmeyi tercih ediyor. ABD B\u00fcy\u00fckel\u00e7ilik binas\u0131n\u0131n, \u0130srail Devleti&#8217;nin yetmi\u015finci kurulu\u015f y\u0131ld\u00f6n\u00fcm\u00fcnde Kud\u00fcs&#8217;te a\u00e7\u0131lm\u0131\u015f olmas\u0131 b\u00fcy\u00fck bir provokasyondur. ABD\u2019yi bu yanl\u0131\u015f politikas\u0131n\u0131 terk etmeye; \u0130srail&#8217;i ise masum sivillere y\u00f6nelik katliam politikalar\u0131na son vermeye \u00e7a\u011f\u0131r\u0131yoruz. CHP olarak Filistin sorununun \u00e7\u00f6z\u00fcm zemininin ba\u015fkenti Do\u011fu Kud\u00fcs olacak \u015fekilde 1967 s\u0131n\u0131rlar\u0131na g\u00f6re kurulmu\u015f egemen Filistin Devleti ile \u0130srail&#8217;in g\u00fcvenlikli s\u0131n\u0131rlar i\u00e7inde yan yana bar\u0131\u015f i\u00e7inde ya\u015famas\u0131 oldu\u011funu vurguluyoruz.<\/span><\/p>\n<div class=\"text_exposed_show\">\n<p>ABD ve \u0130srail&#8217;in yanl\u0131\u015f politikalar\u0131na kar\u015f\u0131 t\u00fcm d\u00fcnyadan y\u00fckselen k\u0131nama mesajlar\u0131 somut bir sonu\u00e7 do\u011furmamaktad\u0131r. Filistin halk\u0131n\u0131n ya\u015fad\u0131\u011f\u0131 insani dram devam ediyor. AKP&#8217;nin y\u0131llard\u0131r uygulad\u0131\u011f\u0131 politikalar\u0131n \u0130srail \u00fczerinde hi\u00e7bir cayd\u0131r\u0131c\u0131 etkisi olmamaktad\u0131r. Ayr\u0131ca iktidar, bir yandan ABD&#8217;nin Ortado\u011fu politikalar\u0131n\u0131 k\u0131narken di\u011fer yandan Suriye&#8217;nin ABD taraf\u0131ndan bombalanmas\u0131na alk\u0131\u015f tutmaktad\u0131r.<\/p>\n<p>CHP tarihi misyonu gere\u011fi her d\u00f6nem Filistin halk\u0131n\u0131n yan\u0131nda durmu\u015ftur. Ge\u00e7mi\u015fte Filistin Kurtulu\u015f \u00d6rg\u00fct\u00fc&#8217;n\u00fcn T\u00fcrkiye temsilcili\u011fi CHP iktidar\u0131nda a\u00e7\u0131lm\u0131\u015f, B\u00fclent Ecevit ve t\u00fcm CHP genel ba\u015fkanlar\u0131 Filistin davas\u0131n\u0131n sad\u0131k bir destek\u00e7isi olmu\u015ftur. Bug\u00fcn de CHP ve Genel Ba\u015fkan\u0131m\u0131z Say\u0131n Kemal K\u0131l\u0131\u00e7daro\u011flu masum ve mazlum Filistin halk\u0131n\u0131n yan\u0131ndad\u0131r. Filistin halk\u0131na yap\u0131lan zul\u00fcm bir insanl\u0131k su\u00e7udur.<\/p>\n<p>Bug\u00fcn T\u00fcrkiye olarak Filistin halk\u0131yla dayan\u0131\u015fmam\u0131z\u0131 en g\u00fc\u00e7l\u00fc bir \u015fekilde hayata ge\u00e7irmeliyiz. \u0130srail katliamc\u0131 politikalar\u0131n\u0131 s\u00fcrd\u00fcrd\u00fc\u011f\u00fc ve Filistin topraklar\u0131ndaki yasad\u0131\u015f\u0131 yerle\u015fimleri geni\u015fletti\u011fi m\u00fcddet\u00e7e uluslararas\u0131 planda tecrit edilmelidir. Bir kere daha ABD ve \u0130srail&#8217;i g\u00fc\u00e7l\u00fc bir \u015fekilde k\u0131n\u0131yor, hayat\u0131n\u0131 kaybeden Filistinli karde\u015flerimize rahmet diliyoruz.<\/p>\n<p>Ahmet KUMBUL<br \/>\nCHP Antalya \u0130l Ba\u015fkan\u0131<\/p>\n<\/div>\n","protected":false},"excerpt":{"rendered":"<p>Sevgili Antalyal\u0131lar, Filistin&#8217;de ya\u015fananlar b\u00fcy\u00fck bir katliam, bir insanl\u0131k dram\u0131d\u0131r. Binlerce masum Filistinlinin yaraland\u0131\u011f\u0131, 60 ki\u015finin hayat\u0131n\u0131 kaybetti\u011fi insanl\u0131k d\u0131\u015f\u0131 sald\u0131r\u0131y\u0131 lanetliyoruz. Bu dram\u0131n en \u00f6nemli sebebi Filistin sorununun \u00e7\u00f6z\u00fcms\u00fczl\u00fc\u011f\u00fc, ba\u015fta ABD olmak \u00fczere b\u00fcy\u00fck g\u00fc\u00e7lerin hesaps\u0131z politikalar\u0131 ve \u0130srail&#8217;in gaddar tutumudur. Filistin sorunu \u00e7\u00f6z\u00fclmeden Ortado\u011fu&#8217;da ya\u015fanan sorunlar\u0131n \u00e7\u00f6z\u00fcme kavu\u015fmas\u0131 imk\u00e2ns\u0131zd\u0131r. \u0130srail, Filistin halk\u0131n\u0131n me\u015fru [&hellip;]<\/p>\n","protected":false},"author":1,"featured_media":17204,"comment_status":"closed","ping_status":"open","sticky":false,"template":"","format":"standard","meta":[],"categories":[59],"tags":[],"amp_enabled":true,"_links":{"self":[{"href":"https:\/\/chpantalya.com\/index.php?rest_route=\/wp\/v2\/posts\/17203"}],"collection":[{"href":"https:\/\/chpantalya.com\/index.php?rest_route=\/wp\/v2\/posts"}],"about":[{"href":"https:\/\/chpantalya.com\/index.php?rest_route=\/wp\/v2\/types\/post"}],"author":[{"embeddable":true,"href":"https:\/\/chpantalya.com\/index.php?rest_route=\/wp\/v2\/users\/1"}],"replies":[{"embeddable":true,"href":"https:\/\/chpantalya.com\/index.php?rest_route=%2Fwp%2Fv2%2Fcomments&post=17203"}],"version-history":[{"count":0,"href":"https:\/\/chpantalya.com\/index.php?rest_route=\/wp\/v2\/posts\/17203\/revisions"}],"wp:featuredmedia":[{"embeddable":true,"href":"https:\/\/chpantalya.com\/index.php?rest_route=\/wp\/v2\/media\/17204"}],"wp:attachment":[{"href":"https:\/\/chpantalya.com\/index.php?rest_route=%2Fwp%2Fv2%2Fmedia&parent=17203"}],"wp:term":[{"taxonomy":"category","embeddable":true,"href":"https:\/\/chpantalya.com\/index.php?rest_route=%2Fwp%2Fv2%2Fcategories&post=17203"},{"taxonomy":"post_tag","embeddable":true,"href":"https:\/\/chpantalya.com\/index.php?rest_route=%2Fwp%2Fv2%2Ftags&post=17203"}],"curies":[{"name":"wp","href":"https:\/\/api.w.org\/{rel}","templated":true}]}}