{"id":19712,"date":"2019-11-14T14:58:29","date_gmt":"2019-11-14T11:58:29","guid":{"rendered":"http:\/\/chpantalya.com\/?p=19712"},"modified":"2019-11-14T14:58:29","modified_gmt":"2019-11-14T11:58:29","slug":"ari-kasimiza-dokunmayin-dedi","status":"publish","type":"post","link":"https:\/\/chpantalya.com\/?p=19712","title":{"rendered":"ARI; \u201fKA\u015e\u2019IMIZA DOKUNMAYIN\u201d DED\u0130."},"content":{"rendered":"<p><strong>TBMM Plan ve B\u00fct\u00e7e Komisyonu\u2019nda \u00c7evre ve \u015eehircilik Bakanl\u0131\u011f\u0131n\u0131n b\u00fct\u00e7e g\u00f6r\u00fc\u015fmeleri 11.11.2019 Pazartesi g\u00fcn\u00fc yap\u0131ld\u0131.<\/strong><\/p>\n<p><strong>G\u00f6r\u00fc\u015fmeler s\u0131ras\u0131nda CHP Antalya Milletvekili, Plan ve B\u00fct\u00e7e Komisyonu \u00fcyesi Av. Cavit ARI, \u00c7evre ve \u015eehircilik Bakan\u0131 Murat KURUM\u2019a Kepez \u0130l\u00e7esi kentsel d\u00f6n\u00fc\u015f\u00fcm\u00fcnden, bisiklet yoluna, onay verilen \u00c7ED raporlar\u0131ndan Ka\u015f \u0130l\u00e7esinin imar palan\u0131n\u0131 kadar bir\u00e7ok \u00f6nemli konuyu g\u00fcndeme getirdi.<\/strong><\/p>\n<p>&nbsp;<\/p>\n<p>Plan ve B\u00fct\u00e7e Komisyonu \u00fcyesi Av. Cavit ARI \u201fMedeniyetimizin miras\u0131 olan yatay mimariyi esas alan bir anlay\u0131\u015f\u0131 hedefledi\u011finizi ifade ettiniz; \u00e7ok g\u00fczel. Ancak bir teknik eleman olmamakla beraber, her yerde bu yatay mimarinin ger\u00e7ekle\u015ftirilmesi do\u011fru mudur, yoksa yerine g\u00f6re yatay mimari, yerine g\u00f6re de\u00a0dikey\u00a0mimari kullan\u0131labilir mi? Teknik elemanlar\u0131n esas itibar\u0131yla i\u015fi olmakla beraber, \u00f6zellikle ye\u015fil dokunun ve konutlar\u0131n etraf\u0131nda daha geni\u015f ye\u015fil alanlar\u0131n b\u0131rak\u0131labilmesi ad\u0131na da her zaman yatay mimarinin \u00e7ok da ger\u00e7ek\u00e7i olmad\u0131\u011f\u0131n\u0131 ifade edebilirim.<\/p>\n<p>Ancak iktidar\u0131n\u0131z d\u00f6neminde yani her \u015feyde milat olarak 2002&#8217;yi ald\u0131\u011f\u0131n\u0131z bir anlay\u0131\u015fta -ki sizin kitap\u00e7\u0131\u011f\u0131n\u0131zda da \u00f6yle, bir\u00e7ok veride 2002&#8217;yi \u00f6ncelemi\u015fsiniz- ben buradan sormak istiyorum: Mademki yatay mimari bizim medeniyetimizin bir miras\u0131yd\u0131. O h\u00e2lde \u0130stanbul&#8217;daki ve hatta hemen Ankara&#8217;da \u00e7ok yak\u0131n\u0131m\u0131zda bulunan bu g\u00f6kdelenleri acaba buraya hangi ge\u00e7mi\u015fteki medeniyetlerimiz dikti, \u00e7ok merak ediyorum.<\/p>\n<p>Ve hatta \u0130stanbul gibi ger\u00e7ekten medeniyetimizin simgesi olan Yar\u0131mada&#8217;da, ki \u00e7ok de\u011ferli eserlerin bulundu\u011fu bir b\u00f6lgeye o Yar\u0131mada siluetini bozacak \u015fekilde olan g\u00f6kdelenleri kim dikti, onu da sormak istiyorum. Ve orada yarg\u0131 karar\u0131 olmas\u0131na ra\u011fmen o silueti neden h\u00e2l\u00e2 kald\u0131ramad\u0131\u011f\u0131n\u0131z\u0131 da yine \u00e7ok merak ediyorum. Bu medeniyetimize ve atalar\u0131m\u0131za sayg\u0131s\u0131zl\u0131k de\u011fil mi, onu da merak ediyorum!<\/p>\n<p>Say\u0131n Bakan\u0131m, Antalya, Kepez il\u00e7emizde malum oldu\u011fu \u00fczere b\u00fcy\u00fck kentsel d\u00f6n\u00fc\u015f\u00fcmlerden birisi ger\u00e7ekle\u015ftirilmekte. Burada ilk yap\u0131lan proje \u00e7al\u0131\u015fmas\u0131nda hedeflenen ve vatanda\u015fla yap\u0131lan s\u00f6zle\u015fmede ilan edilen daire say\u0131s\u0131 ile sonradan ger\u00e7ekle\u015ftirilen daire say\u0131s\u0131 aras\u0131nda neredeyse 2 kat\u0131na kadar bir farkl\u0131l\u0131k oldu\u011fu hususunu herh\u00e2lde \u00e7ok iyi biliyorsunuzdur. Belediyeyle yap\u0131lan bu s\u00f6zle\u015fmeler, vatanda\u015flar\u0131n imzalar\u0131ndan sonra in\u015faat emsal oran\u0131n\u0131n art\u0131r\u0131lmas\u0131n\u0131n anlam\u0131 nedir? Yine, \u00e7ekilen kuralarda vatanda\u015flar\u0131m\u0131za birinci katlar ve arka cephelerin veya son kat son cephelerin kuralarda \u00e7\u0131km\u0131\u015f olmas\u0131n\u0131n \u00f6zel bir anlam\u0131 var m\u0131d\u0131r? Bu konuyu da \u00f6zellikle sizlerden \u00f6\u011frenmek istiyorum.<\/p>\n<p>\u015eimdi, Bakanl\u0131\u011f\u0131n yapt\u0131\u011f\u0131 faaliyetleri \u015f\u00f6yle \u00f6zetlemi\u015fsiniz: Bak\u0131yorum, bisiklet yollar\u0131, y\u00fcr\u00fcy\u00fc\u015f parklar\u0131.<\/p>\n<p>Say\u0131n Bakan\u0131m, siz bir\u00e7ok bakanl\u0131ktan daha g\u00fc\u00e7l\u00fc olan, koskoca bir bakanl\u0131ks\u0131n\u0131z, bisiklet yollar\u0131yla, y\u00fcr\u00fcy\u00fc\u015f parkurlar\u0131yla, millet k\u0131raathaneleriyle me\u015fguls\u00fcn\u00fcz. Yani bunlar Bakanl\u0131\u011f\u0131n de\u011fil, en k\u00fc\u00e7\u00fck bir kasaba belediyesinin dahi yapabilece\u011fi i\u015flerdir. L\u00fctfen Bakanl\u0131\u011f\u0131n\u0131zla ilgili esasl\u0131 \u00e7al\u0131\u015fmalara imza at\u0131n demek isterim. Kald\u0131 ki bak\u0131n, Antalya&#8217;da 28 kilometre merkezde bisiklet yolu yap\u0131lm\u0131\u015f, bu bisiklet yolunu hangi ama\u00e7la, nas\u0131l yapt\u0131n\u0131z ve \u015fu anki uygulama durumunun ne oldu\u011funu ara\u015ft\u0131rman\u0131z\u0131 \u00f6zellikle istiyorum.<\/p>\n<p>Yine, imar bar\u0131\u015f\u0131 kapsam\u0131nda 10 milyon 300 bin ba\u011f\u0131ms\u0131z b\u00f6l\u00fcm m\u00fcracaata al\u0131nm\u0131\u015f, 24 milyar civar\u0131nda bir tahsilat yap\u0131lm\u0131\u015f. Bu elde edilen paran\u0131n ne \u015fekilde kullan\u0131ld\u0131\u011f\u0131n\u0131 da yine \u00e7ok merak etmekteyiz.<\/p>\n<p>Bu kentsel d\u00f6n\u00fc\u015f\u00fcm s\u00fcreci i\u00e7erisinde belediyelerin isyan\u0131 vard\u0131. Ger\u00e7i, bu isyanlar baz\u0131 yerlerde g\u00f6z yummad\u0131r bana g\u00f6re. Muhtemelen suiistimallerin \u00f6n\u00fcne ge\u00e7ebilmek amac\u0131yla 1.106 Bakanl\u0131k personelini denet\u00e7i olarak g\u00f6revlendirmi\u015fsiniz, \u015fimdi de say\u0131y\u0131 3 bine \u00e7\u0131karmaktas\u0131n\u0131z. Ben tekrar sormak istiyorum: Bu kentsel d\u00f6n\u00fc\u015f\u00fcmden sonra yakla\u015f\u0131k olarak o kanun \u00e7\u0131kar \u00e7\u0131kmaz konulan barakalarla ne kadar yeni bina yap\u0131ld\u0131 ne kadar yeni bina tespit ettiniz ve bunlarla ilgili hangi i\u015flemleri yapt\u0131n\u0131z?<br \/>\nYoksa yeni bir imar bar\u0131\u015f\u0131 s\u00fcreci mi beklenmekte, bunu da size sormak istiyorum.<\/p>\n<p>Yine, d\u00fcnya s\u0131cakl\u0131\u011f\u0131n\u0131n 3 derece, deniz seviyesinin 19 derece y\u00fckseldi\u011fini ve \u00f6zellikle Akdeniz&#8217;in tehdit alt\u0131nda bulundu\u011funu ifade ettiniz. Bu konular gelece\u011fimiz a\u00e7\u0131s\u0131ndan ger\u00e7ekten \u00e7ok \u00f6nemli konular ve bundan da en \u00e7ok etkilenecek olan b\u00f6lgenin Akdeniz B\u00f6lgesi oldu\u011fu \u00f6zellikle ifade edilmekte. Son olarak \u015funu s\u00f6ylemek istiyorum: \u00c7evresel etki de\u011ferlendirmesiyle ilgili 2002 y\u0131l\u0131ndan bu yana 62.490 tesise \u00c7ED verilmi\u015f. Buyurmaktas\u0131n\u0131z ki &#8220;\u00c7evreye, do\u011fal dokuya, tabiata zarar vermesi ihtimali \u00e7ok az bile olsa o projeye asla ve asla \u00c7ED onay\u0131 vermiyoruz.&#8221; Ben de size soruyorum: Ba\u015fta ilimiz Antalya olmak \u00fczere bir\u00e7ok \u015fehrimizdeki ta\u015f ocaklar\u0131, mermer ocaklar\u0131, HES&#8217;lerin \u00e7evreye de\u011fil de nereye zarar\u0131 veya nereye faydas\u0131 var, \u00e7ok merak ediyorum \u00e7\u00fcnk\u00fc her yap\u0131lan HES her a\u00e7\u0131dan ta\u015f oca\u011f\u0131, mermer oca\u011f\u0131 \u00e7evreye ger\u00e7ekten zarar verir. Siz bu c\u00fcmleyi buraya nas\u0131l yazd\u0131n\u0131z, \u00e7ok merak ediyorum.<\/p>\n<p>Ka\u015f&#8217;la ilgili de 1\/25.000&#8217;lik plan iptal edildi\u011fi h\u00e2lde, bas\u0131nda, bak\u0131n, &#8220;Mahkeme iptal etti, bu kez Bakanl\u0131k y\u00fcr\u00fcrl\u00fc\u011fe koydu.&#8221; denilen bir haber var. Bu plan uyguland\u0131\u011f\u0131 takdirde Ka\u015f&#8217;\u0131n hedeflenen 2040 n\u00fcfusu 200 bine \u00e7\u0131kmakta. B\u00f6yle bir hedef Ka\u015f&#8217;\u0131 bitirme demektir, Ka\u015f&#8217;\u0131n do\u011fal g\u00fczelli\u011fini bitirme demektir, Ka\u015f&#8217;\u0131n turizmini bitirme demektir. Bu iptal edilen plan\u0131n Bakanl\u0131k taraf\u0131ndan uygulanaca\u011f\u0131na dair haberler var ise l\u00fctfen bu plandan vazge\u00e7in diyorum.<\/p>\n<p>2002 y\u0131l\u0131nda 151, bug\u00fcn itibar\u0131yla 463 mavi bayraktan bahsetmi\u015fsiniz raporunuzda, sunumunuzda. Antalya Lara sahil band\u0131na kruvaz\u00f6r yat liman\u0131 yap\u0131lma projesi, yine Antalya Konyaalt\u0131 gibi t\u00fcm T\u00fcrkiye&#8217;nin bildi\u011fi en \u00f6nemli plaj\u0131m\u0131z olan Lara band\u0131na Bo\u011fa\u00e7ay Projesi&#8217;yle birlikte bir yat liman\u0131 projesi yap\u0131lmas\u0131 bir \u00f6nceki d\u00f6nem b\u00fcy\u00fck\u015fehir belediye ba\u015fkan\u0131n\u0131n \u00e7\u0131lg\u0131n projeleri aras\u0131ndayd\u0131. Bu projeler yap\u0131l\u0131rken ve &#8220;dan\u0131\u015fmanl\u0131k hizmetleri&#8221; ad\u0131 alt\u0131nda 1 milyon 800 bin TL \u00f6denirken Bakanl\u0131k olarak sizin bu \u00e7al\u0131\u015fmalardan haberiniz var m\u0131yd\u0131, varsa \u00f6zellikle \u00c7ED&#8217;le ilgili ne gibi \u00f6nlemler al\u0131p bu projeleri destekleme veya \u00f6nleme anlam\u0131nda neler yapt\u0131n\u0131z? Siz neredeydiniz?\u201d dedi.<\/p>\n<p>&nbsp;<\/p>\n<p>&nbsp;<\/p>\n","protected":false},"excerpt":{"rendered":"<p>TBMM Plan ve B\u00fct\u00e7e Komisyonu\u2019nda \u00c7evre ve \u015eehircilik Bakanl\u0131\u011f\u0131n\u0131n b\u00fct\u00e7e g\u00f6r\u00fc\u015fmeleri 11.11.2019 Pazartesi g\u00fcn\u00fc yap\u0131ld\u0131. G\u00f6r\u00fc\u015fmeler s\u0131ras\u0131nda CHP Antalya Milletvekili, Plan ve B\u00fct\u00e7e Komisyonu \u00fcyesi Av. Cavit ARI, \u00c7evre ve \u015eehircilik Bakan\u0131 Murat KURUM\u2019a Kepez \u0130l\u00e7esi kentsel d\u00f6n\u00fc\u015f\u00fcm\u00fcnden, bisiklet yoluna, onay verilen \u00c7ED raporlar\u0131ndan Ka\u015f \u0130l\u00e7esinin imar palan\u0131n\u0131 kadar bir\u00e7ok \u00f6nemli konuyu g\u00fcndeme getirdi. &nbsp; [&hellip;]<\/p>\n","protected":false},"author":1,"featured_media":19384,"comment_status":"closed","ping_status":"open","sticky":false,"template":"","format":"standard","meta":[],"categories":[63,35],"tags":[],"amp_enabled":true,"_links":{"self":[{"href":"https:\/\/chpantalya.com\/index.php?rest_route=\/wp\/v2\/posts\/19712"}],"collection":[{"href":"https:\/\/chpantalya.com\/index.php?rest_route=\/wp\/v2\/posts"}],"about":[{"href":"https:\/\/chpantalya.com\/index.php?rest_route=\/wp\/v2\/types\/post"}],"author":[{"embeddable":true,"href":"https:\/\/chpantalya.com\/index.php?rest_route=\/wp\/v2\/users\/1"}],"replies":[{"embeddable":true,"href":"https:\/\/chpantalya.com\/index.php?rest_route=%2Fwp%2Fv2%2Fcomments&post=19712"}],"version-history":[{"count":0,"href":"https:\/\/chpantalya.com\/index.php?rest_route=\/wp\/v2\/posts\/19712\/revisions"}],"wp:featuredmedia":[{"embeddable":true,"href":"https:\/\/chpantalya.com\/index.php?rest_route=\/wp\/v2\/media\/19384"}],"wp:attachment":[{"href":"https:\/\/chpantalya.com\/index.php?rest_route=%2Fwp%2Fv2%2Fmedia&parent=19712"}],"wp:term":[{"taxonomy":"category","embeddable":true,"href":"https:\/\/chpantalya.com\/index.php?rest_route=%2Fwp%2Fv2%2Fcategories&post=19712"},{"taxonomy":"post_tag","embeddable":true,"href":"https:\/\/chpantalya.com\/index.php?rest_route=%2Fwp%2Fv2%2Ftags&post=19712"}],"curies":[{"name":"wp","href":"https:\/\/api.w.org\/{rel}","templated":true}]}}